{"id":1225,"date":"2023-10-10T10:43:00","date_gmt":"2023-10-10T10:43:00","guid":{"rendered":"https:\/\/legsedition.net\/alel\/?p=1225"},"modified":"2024-10-16T18:10:56","modified_gmt":"2024-10-16T18:10:56","slug":"des-livres-et-des-ecoles","status":"publish","type":"post","link":"https:\/\/legsedition.net\/alel\/des-livres-et-des-ecoles\/des-livres-et-des-ecoles\/","title":{"rendered":"Des livres et des \u00e9coles"},"content":{"rendered":"\n<p class=\"has-text-align-left has-tablet-text-align-justify has-mobile-text-align-justify\"><\/p>\n\n\n\n<p style=\"text-align: justify;\">Ce projet consiste \u00e0 \u00e9quiper des \u00e9coles du pays en livres pour la constitution de biblioth\u00e8ques. Conscients que les \u00e9coles ne peuvent continuer \u00e0 exister sans biblioth\u00e8ques, nous avions envisag\u00e9 de mettre ce pied une telle initiative en vue de les encourager \u00e0 embo\u00eeter le pas. En lien avec les lignes directives de l\u2019association, il s\u2019agit aussi d\u2019inviter ces \u00e9tablissements \u00e0 \u00eatre capables d\u2019offrir une \u00e9ducation de qualit\u00e9 et d\u2019\u00eatre en conformit\u00e9 avec des normes de l\u2019enseignement-apprentissage \u00e0 l\u2019\u00e9poque moderne.<\/p>\n<p style=\"text-align: justify;\">Le projet a d\u00e9marr\u00e9 en 2015 avec la distribution gratuite de l\u2019ouvrage in\u00e9dit d\u2019Etzer Vilaire, <em>La vie solitaire pendant l\u2019occupation am\u00e9ricaine. <\/em>Suite \u00e0 une subvention de l\u2019Ambassade de Suisse en Ha\u00efti \u00e0 travers son programme d\u2019aide aux projets culturels, <em>\u00a0<\/em>nous avions pu r\u00e9aliser la publication de ce livre \u00e0 tirage de 5 000 exemplaires pour en assurer la distribution dans les divers d\u00e9partements du pays.<\/p>\n<p style=\"text-align: justify;\">\u00a0<\/p>\n<p>\u00a0<\/p>\n<p>\u00a0<\/p>\n\n\n\n\n\n<p><\/p>\n\n\n\n<p><\/p>\n","protected":false},"excerpt":{"rendered":"<p>Ce projet consiste \u00e0 \u00e9quiper des \u00e9coles du pays en livres pour la constitution de biblioth\u00e8ques. Conscients que les \u00e9coles ne peuvent continuer \u00e0 exister sans biblioth\u00e8ques, nous avions envisag\u00e9 de mettre ce pied une telle initiative en vue de les encourager \u00e0 embo\u00eeter le pas. En lien avec les&#8230; <a class=\"continue-reading-link\" href=\"https:\/\/legsedition.net\/alel\/des-livres-et-des-ecoles\/des-livres-et-des-ecoles\/\">Lire la suite <span class=\"meta-nav\">&rarr; <\/span><\/a><\/p>\n","protected":false},"author":2,"featured_media":0,"comment_status":"open","ping_status":"open","sticky":false,"template":"","format":"standard","meta":{"_editorskit_title_hidden":false,"_editorskit_reading_time":0,"_editorskit_is_block_options_detached":false,"_editorskit_block_options_position":"{}","footnotes":""},"categories":[40],"tags":[],"class_list":["post-1225","post","type-post","status-publish","format-standard","hentry","category-des-livres-et-des-ecoles"],"yoast_head":"<!-- This site is optimized with the Yoast SEO plugin v25.0 - https:\/\/yoast.com\/wordpress\/plugins\/seo\/ -->\n<title>Des livres et des \u00e9coles -<\/title>\n<meta name=\"robots\" content=\"index, follow, max-snippet:-1, max-image-preview:large, max-video-preview:-1\" \/>\n<link rel=\"canonical\" href=\"https:\/\/legsedition.net\/alel\/des-livres-et-des-ecoles\/des-livres-et-des-ecoles\/\" \/>\n<meta property=\"og:locale\" content=\"fr_FR\" \/>\n<meta property=\"og:type\" content=\"article\" \/>\n<meta property=\"og:title\" content=\"Des livres et des \u00e9coles -\" \/>\n<meta property=\"og:description\" content=\"Ce projet consiste \u00e0 \u00e9quiper des \u00e9coles du pays en livres pour la constitution de biblioth\u00e8ques. Conscients que les \u00e9coles ne peuvent continuer \u00e0 exister sans biblioth\u00e8ques, nous avions envisag\u00e9 de mettre ce pied une telle initiative en vue de les encourager \u00e0 embo\u00eeter le pas. En lien avec les... Lire la suite &rarr;\" \/>\n<meta property=\"og:url\" content=\"https:\/\/legsedition.net\/alel\/des-livres-et-des-ecoles\/des-livres-et-des-ecoles\/\" \/>\n<meta property=\"article:published_time\" content=\"2023-10-10T10:43:00+00:00\" \/>\n<meta property=\"article:modified_time\" content=\"2024-10-16T18:10:56+00:00\" \/>\n<meta name=\"author\" content=\"alel\" \/>\n<meta name=\"twitter:card\" content=\"summary_large_image\" \/>\n<meta name=\"twitter:label1\" content=\"\u00c9crit par\" \/>\n\t<meta name=\"twitter:data1\" content=\"alel\" \/>\n\t<meta name=\"twitter:label2\" content=\"Dur\u00e9e de lecture estim\u00e9e\" \/>\n\t<meta name=\"twitter:data2\" content=\"1 minute\" \/>\n<script type=\"application\/ld+json\" class=\"yoast-schema-graph\">{\"@context\":\"https:\/\/schema.org\",\"@graph\":[{\"@type\":\"WebPage\",\"@id\":\"https:\/\/legsedition.net\/alel\/des-livres-et-des-ecoles\/des-livres-et-des-ecoles\/\",\"url\":\"https:\/\/legsedition.net\/alel\/des-livres-et-des-ecoles\/des-livres-et-des-ecoles\/\",\"name\":\"Des livres et des \u00e9coles -\",\"isPartOf\":{\"@id\":\"https:\/\/legsedition.net\/alel\/#website\"},\"datePublished\":\"2023-10-10T10:43:00+00:00\",\"dateModified\":\"2024-10-16T18:10:56+00:00\",\"author\":{\"@id\":\"https:\/\/legsedition.net\/alel\/#\/schema\/person\/8ff278d7100b1ed912c70e2cc1fc3ac9\"},\"breadcrumb\":{\"@id\":\"https:\/\/legsedition.net\/alel\/des-livres-et-des-ecoles\/des-livres-et-des-ecoles\/#breadcrumb\"},\"inLanguage\":\"fr-FR\",\"potentialAction\":[{\"@type\":\"ReadAction\",\"target\":[\"https:\/\/legsedition.net\/alel\/des-livres-et-des-ecoles\/des-livres-et-des-ecoles\/\"]}]},{\"@type\":\"BreadcrumbList\",\"@id\":\"https:\/\/legsedition.net\/alel\/des-livres-et-des-ecoles\/des-livres-et-des-ecoles\/#breadcrumb\",\"itemListElement\":[{\"@type\":\"ListItem\",\"position\":1,\"name\":\"Accueil\",\"item\":\"https:\/\/legsedition.net\/alel\/\"},{\"@type\":\"ListItem\",\"position\":2,\"name\":\"Des livres et des \u00e9coles\"}]},{\"@type\":\"WebSite\",\"@id\":\"https:\/\/legsedition.net\/alel\/#website\",\"url\":\"https:\/\/legsedition.net\/alel\/\",\"name\":\"\",\"description\":\"\",\"potentialAction\":[{\"@type\":\"SearchAction\",\"target\":{\"@type\":\"EntryPoint\",\"urlTemplate\":\"https:\/\/legsedition.net\/alel\/?s={search_term_string}\"},\"query-input\":{\"@type\":\"PropertyValueSpecification\",\"valueRequired\":true,\"valueName\":\"search_term_string\"}}],\"inLanguage\":\"fr-FR\"},{\"@type\":\"Person\",\"@id\":\"https:\/\/legsedition.net\/alel\/#\/schema\/person\/8ff278d7100b1ed912c70e2cc1fc3ac9\",\"name\":\"alel\",\"image\":{\"@type\":\"ImageObject\",\"inLanguage\":\"fr-FR\",\"@id\":\"https:\/\/legsedition.net\/alel\/#\/schema\/person\/image\/\",\"url\":\"https:\/\/secure.gravatar.com\/avatar\/8e31507d2efb3bddbe8428b9a236442b?s=96&d=mm&r=g\",\"contentUrl\":\"https:\/\/secure.gravatar.com\/avatar\/8e31507d2efb3bddbe8428b9a236442b?s=96&d=mm&r=g\",\"caption\":\"alel\"},\"url\":\"https:\/\/legsedition.net\/alel\/author\/djason_2015\/\"}]}<\/script>\n<!-- \/ Yoast SEO plugin. -->","yoast_head_json":{"title":"Des livres et des \u00e9coles -","robots":{"index":"index","follow":"follow","max-snippet":"max-snippet:-1","max-image-preview":"max-image-preview:large","max-video-preview":"max-video-preview:-1"},"canonical":"https:\/\/legsedition.net\/alel\/des-livres-et-des-ecoles\/des-livres-et-des-ecoles\/","og_locale":"fr_FR","og_type":"article","og_title":"Des livres et des \u00e9coles -","og_description":"Ce projet consiste \u00e0 \u00e9quiper des \u00e9coles du pays en livres pour la constitution de biblioth\u00e8ques. Conscients que les \u00e9coles ne peuvent continuer \u00e0 exister sans biblioth\u00e8ques, nous avions envisag\u00e9 de mettre ce pied une telle initiative en vue de les encourager \u00e0 embo\u00eeter le pas. En lien avec les... Lire la suite &rarr;","og_url":"https:\/\/legsedition.net\/alel\/des-livres-et-des-ecoles\/des-livres-et-des-ecoles\/","article_published_time":"2023-10-10T10:43:00+00:00","article_modified_time":"2024-10-16T18:10:56+00:00","author":"alel","twitter_card":"summary_large_image","twitter_misc":{"\u00c9crit par":"alel","Dur\u00e9e de lecture estim\u00e9e":"1 minute"},"schema":{"@context":"https:\/\/schema.org","@graph":[{"@type":"WebPage","@id":"https:\/\/legsedition.net\/alel\/des-livres-et-des-ecoles\/des-livres-et-des-ecoles\/","url":"https:\/\/legsedition.net\/alel\/des-livres-et-des-ecoles\/des-livres-et-des-ecoles\/","name":"Des livres et des \u00e9coles -","isPartOf":{"@id":"https:\/\/legsedition.net\/alel\/#website"},"datePublished":"2023-10-10T10:43:00+00:00","dateModified":"2024-10-16T18:10:56+00:00","author":{"@id":"https:\/\/legsedition.net\/alel\/#\/schema\/person\/8ff278d7100b1ed912c70e2cc1fc3ac9"},"breadcrumb":{"@id":"https:\/\/legsedition.net\/alel\/des-livres-et-des-ecoles\/des-livres-et-des-ecoles\/#breadcrumb"},"inLanguage":"fr-FR","potentialAction":[{"@type":"ReadAction","target":["https:\/\/legsedition.net\/alel\/des-livres-et-des-ecoles\/des-livres-et-des-ecoles\/"]}]},{"@type":"BreadcrumbList","@id":"https:\/\/legsedition.net\/alel\/des-livres-et-des-ecoles\/des-livres-et-des-ecoles\/#breadcrumb","itemListElement":[{"@type":"ListItem","position":1,"name":"Accueil","item":"https:\/\/legsedition.net\/alel\/"},{"@type":"ListItem","position":2,"name":"Des livres et des \u00e9coles"}]},{"@type":"WebSite","@id":"https:\/\/legsedition.net\/alel\/#website","url":"https:\/\/legsedition.net\/alel\/","name":"","description":"","potentialAction":[{"@type":"SearchAction","target":{"@type":"EntryPoint","urlTemplate":"https:\/\/legsedition.net\/alel\/?s={search_term_string}"},"query-input":{"@type":"PropertyValueSpecification","valueRequired":true,"valueName":"search_term_string"}}],"inLanguage":"fr-FR"},{"@type":"Person","@id":"https:\/\/legsedition.net\/alel\/#\/schema\/person\/8ff278d7100b1ed912c70e2cc1fc3ac9","name":"alel","image":{"@type":"ImageObject","inLanguage":"fr-FR","@id":"https:\/\/legsedition.net\/alel\/#\/schema\/person\/image\/","url":"https:\/\/secure.gravatar.com\/avatar\/8e31507d2efb3bddbe8428b9a236442b?s=96&d=mm&r=g","contentUrl":"https:\/\/secure.gravatar.com\/avatar\/8e31507d2efb3bddbe8428b9a236442b?s=96&d=mm&r=g","caption":"alel"},"url":"https:\/\/legsedition.net\/alel\/author\/djason_2015\/"}]}},"_links":{"self":[{"href":"https:\/\/legsedition.net\/alel\/wp-json\/wp\/v2\/posts\/1225"}],"collection":[{"href":"https:\/\/legsedition.net\/alel\/wp-json\/wp\/v2\/posts"}],"about":[{"href":"https:\/\/legsedition.net\/alel\/wp-json\/wp\/v2\/types\/post"}],"author":[{"embeddable":true,"href":"https:\/\/legsedition.net\/alel\/wp-json\/wp\/v2\/users\/2"}],"replies":[{"embeddable":true,"href":"https:\/\/legsedition.net\/alel\/wp-json\/wp\/v2\/comments?post=1225"}],"version-history":[{"count":13,"href":"https:\/\/legsedition.net\/alel\/wp-json\/wp\/v2\/posts\/1225\/revisions"}],"predecessor-version":[{"id":1374,"href":"https:\/\/legsedition.net\/alel\/wp-json\/wp\/v2\/posts\/1225\/revisions\/1374"}],"wp:attachment":[{"href":"https:\/\/legsedition.net\/alel\/wp-json\/wp\/v2\/media?parent=1225"}],"wp:term":[{"taxonomy":"category","embeddable":true,"href":"https:\/\/legsedition.net\/alel\/wp-json\/wp\/v2\/categories?post=1225"},{"taxonomy":"post_tag","embeddable":true,"href":"https:\/\/legsedition.net\/alel\/wp-json\/wp\/v2\/tags?post=1225"}],"curies":[{"name":"wp","href":"https:\/\/api.w.org\/{rel}","templated":true}]}}