{"id":1397,"date":"2025-02-11T09:20:00","date_gmt":"2025-02-11T09:20:00","guid":{"rendered":"https:\/\/legsedition.net\/alel\/?p=1397"},"modified":"2025-05-13T16:28:34","modified_gmt":"2025-05-13T16:28:34","slug":"lecture-de-des-maux-et-des-rues","status":"publish","type":"post","link":"https:\/\/legsedition.net\/alel\/des-auteurs-et-des-oeuvres\/lecture-de-des-maux-et-des-rues\/","title":{"rendered":"\u00c0 la d\u00e9couverte de W\u00e9bert Charles"},"content":{"rendered":"\n<p><strong>Dossier 3 : \u00c0 la d\u00e9couverte de W\u00e9bert Charles <em> <\/em><br><\/strong><\/p>\n\n\n\n<p class=\"has-text-align-right\"><em><strong>Pr\u00e9par\u00e9 par Mirline Pierre <\/strong><\/em><\/p>\n\n\n\n<p class=\"wp-block-heading\"><span style=\"color: #ff0000;\"><strong><mark class=\"has-inline-color has-vivid-red-color\" style=\"background-color: rgba(0, 0, 0, 0);\">Consigne<\/mark><\/strong>\u00a0<\/span><\/p>\n\n\n\n<p style=\"text-align: justify;\">Vous aurez \u00e0 la fin de cette s\u00e9quence \u00e0 r\u00e9pondre \u00e0 plusieurs questions portant sur le parcours de l&rsquo;auteur, son \u0153uvre et le texte ci-dessous (\u00ab\u00a0106, rue de l&rsquo;Enterrement\u00a0\u00bb). Prenez le temps de lire le document, de visionner la vid\u00e9o afin de bien r\u00e9pondre aux questions.<\/p>\n\n\n\n<p class=\"wp-block-heading\"><strong><mark class=\"has-inline-color has-vivid-red-color\" style=\"background-color: rgba(0, 0, 0, 0);\">Objectifs\u00a0du dossier<\/mark><\/strong><\/p>\n\n\n\n<p style=\"text-align: justify;\">Con\u00e7ue initialement pour des \u00e9l\u00e8ves de la classe de seconde, cette le\u00e7on pourra aussi \u00eatre utilis\u00e9e pour des \u00e9l\u00e8ves des classes sup\u00e9rieures. Elle a entre autres objectifs de&nbsp;:<\/p>\n\n\n\n<ol class=\"wp-block-list\">\n<li>D\u00e9couvrir un.e auteure francophon.e (ha\u00eftien.ne)&nbsp;;<\/li>\n\n\n\n<li>Conna\u00eetre son parcours&nbsp;;<\/li>\n\n\n\n<li>D\u00e9couvrir son \u0153uvre litt\u00e9raire&nbsp;;<\/li>\n\n\n\n<li>D\u00e9couvrir un genre litt\u00e9raire&nbsp;: la nouvelle&nbsp;;<\/li>\n\n\n\n<li>Se familiariser avec la nouvelle&nbsp;;<\/li>\n\n\n\n<li>Analyser une nouvelle&nbsp;;<\/li>\n\n\n\n<li>Produire un r\u00e9cit s\u2019apparentant \u00e0 la nouvelle.<\/li>\n<\/ol>\n\n\n\n<p><strong><mark class=\"has-inline-color has-vivid-red-color\" style=\"background-color: rgba(0, 0, 0, 0);\">Introduction<\/mark><\/strong><\/p>\n\n\n\n<p style=\"text-align: justify;\">Dans ce nouveau dossier, nous allons \u00e0 la d\u00e9couverte de l&rsquo;auteur W\u00e9bert Charles. \u00c0 travers cette sequence, il sera question de vous presenter son profil et son parcours d&rsquo;\u00e9crivain. Nous proc\u00e9derons \u00e9galement \u00e0 l&rsquo;\u00e9tude d&rsquo;une de ses nouvelles, ce qui nous permettra d&rsquo;approfondir cette notion d\u00e9j\u00e0\u00a0\u00e9tudi\u00e9e dans les dossiers pr\u00e9c\u00e9dents.<\/p>\n\n\n\n<p><strong><mark class=\"has-inline-color has-vivid-red-color\" style=\"background-color: rgba(0, 0, 0, 0);\">D\u00e9couverte\u00a0de l\u2019auteur : son parcours<\/mark><\/strong><\/p>\n\n\n\n<p><img fetchpriority=\"high\" decoding=\"async\" class=\"alignleft wp-image-1510 size-full\" src=\"http:\/\/legsedition.net\/alel\/wp-content\/uploads\/2024\/11\/webertc.jpg\" alt=\"\" width=\"218\" height=\"231\" srcset=\"https:\/\/legsedition.net\/alel\/wp-content\/uploads\/2024\/11\/webertc.jpg 218w, https:\/\/legsedition.net\/alel\/wp-content\/uploads\/2024\/11\/webertc-142x150.jpg 142w\" sizes=\"(max-width: 218px) 100vw, 218px\" \/><\/p>\n<p style=\"text-align: justify;\">N\u00e9 \u00e0 Port-au-Prince le 24 octobre 1988, W\u00e9bert Charles est po\u00e8te, nouvelliste, \u00e9diteur et critique litt\u00e9raire. Ayant une formation de base \u00e0 \u00c9conomie \u00e0 l\u2019Universit\u00e9 de Port-au-Prince, il a d\u00e9croch\u00e9 une ma\u00eetrise en Sciences \u00e9conomiques et Gestion \u00e0 l\u2019Universit\u00e9 Ouaga II du Burkina Faso avec une concentration en Management des organisations culturelles puis \u00e0 l\u2019Universit\u00e9 Picardie Jules Verne \u00e0 Amiens en \u00c9conomie et Management des Organisations. Il d\u00e9tient \u00e9galement un master 2 en Conception et Int\u00e9gration Multim\u00e9dia \u00e0 l&rsquo;Universit\u00e9 Lumi\u00e8re Lyon 2.\u00a0Ne se contentant pas de ce parcours d\u2019homme de sciences, il a suivi \u00e0 titre d\u2019auditeur, des \u00e9tudes de lettres pour ensuite s\u2019adonner totalement \u00e0 la litt\u00e9rature.<\/p>\n<p style=\"text-align: justify;\">En 2010, il publie aux \u00e9ditions Bas de Page, avec la collaboration de Jean Watson Charles, son premier recueil de po\u00e8mes, Il publie <em>Pour que la terre s\u2019en souvienne<\/em>, un livre en hommage aux victimes du s\u00e9isme. Deux ans plus tard, en 2012, il fait para\u00eetre avec Denise Bernhard, <em>Que l\u2019esp\u00e9rance demeure <\/em>chez Le Vert galant \u00e9diteur. \u00a0Au cours de cette m\u00eame ann\u00e9e, il fonde avec Mirline Pierre et Dieulermesson Petit Fr\u00e8re, LEGS \u00c9DITION, maison d\u2019\u00e9dition sp\u00e9cialis\u00e9e dans la publication de textes litt\u00e9raires et cr\u00e9e la revue <em>Legs et Litt\u00e9rature <\/em>pour promouvoir la recherche en litt\u00e9rature francophone. Son troisi\u00e8me recueil, <em>Mar\u00e8l, <\/em>est publi\u00e9 aux \u00e9ditions Ruptures en 2013.<\/p>\n<p style=\"text-align: justify;\">Chroniqueur au quotidien <em>Le Nouvelliste, <\/em>il a \u00e9galement co-pr\u00e9sent\u00e9 l\u2019\u00e9mission litt\u00e9raire <em>Livres 9<\/em> sur les ondes de la radio Magik 9 pendant une p\u00e9riode de 5 ans. Il a travaill\u00e9 comme fonctionnaire au sein de l\u2019Organisation internationale de la Francophonie \u00e0 titre de direction r\u00e9gional adjoint Projets de l&rsquo;AUF Cara\u00efbe. Son dernier recueil de po\u00e8mes, <em>Tous les arbres ont un trou \u00e0 la gorge<\/em>, para\u00eet aux \u00e9ditions Unicit\u00e9 en 2021. [<a href=\"https:\/\/legsedition.net\/public\/webert-charles\/\" target=\"_blank\" rel=\"noopener\">En savoir davantage<\/a>]<\/p>\n\n\n\n<p class=\"wp-block-heading\"><span style=\"color: #ff0000;\"><mark class=\"has-inline-color has-vivid-red-color\" style=\"background-color: rgba(0, 0, 0, 0);\"><strong>D\u00e9couverte d&rsquo;une notion : <\/strong><\/mark><\/span><strong>la nouvelle<\/strong> (vous pouvez \u00e9galement vous r\u00e9f\u00e9rer aux pr\u00e9sentations pr\u00e9c\u00e9dentes).<\/p>\n\n\n\n<p style=\"text-align: justify;\">La nouvelle est un genre litt\u00e9raire. C&rsquo;est un sous-genre du genre narratif ou romanesque. A la diff\u00e9rence du roman qui est une oeuvre longue, la nouvelle est un r\u00e9cit bref centr\u00e9 sur une seule action. Il comprend tr\u00e8s peu de personnages, tr\u00e8s peu ou pas de descriptions et se termine sur une fin brusque. Parmi les typologies de nouvelles, on peut retenir : la nouvelle fantastique, r\u00e9aliste, policiere, humoristique et la nouvelle de science-fiction.<\/p>\n\n\n\n<p class=\"has-text-align-left\" style=\"text-align: justify;\">Dans une nouvelle, la narration est assur\u00e9e par un narrateur qui peut \u00eatre soit un personnage interne (on parle de narration \u00e0 la 1<sup>\u00e9re\u00a0<\/sup>personne), soit un observateur qui raconte l&rsquo;histoire telle une cam\u00e9ra (on parle de narration externe \u00e0 la 3<sup>\u00e8me\u00a0<\/sup>personne), soit un t\u00e9moin, narrateur omniscient (il conna\u00eet tout de l&rsquo;histoire, des personnages (narration aussi \u00e0 la 3<sup>\u00e8me\u00a0<\/sup>personne). Le pass\u00e9 simple est le temps du r\u00e9cit (de l\u2019histoire), le pr\u00e9sent est utilis\u00e9 pour les dialogues et l\u2019imparfait pour la description, le contexte, le pass\u00e9 compos\u00e9\u2026. (Pour approfondir, voir la bibliographie en fin de le\u00e7on).<\/p>\n<p class=\"wp-block-heading\"><span style=\"color: #ff0000;\"><mark class=\"has-inline-color has-vivid-red-color\" style=\"background-color: rgba(0, 0, 0, 0);\"><strong>Pr\u00e9sentation de \u00ab\u00a0106, rue de l&rsquo;Enterrement\u00a0\u00bb<\/strong><\/mark><\/span><strong>\u00a0<\/strong>(nouvelle parue dans <em>&#8230;des maux et des rues<\/em>)<\/p>\n<p style=\"text-align: justify;\">\u00ab\u00a0106, rue de l&rsquo;Enterrement\u00a0\u00bb est une nouvelle de W\u00e9bert Charles figurant dans le collectif &#8230;<em>des maux et des rues <\/em>publi\u00e9e en 2014 dans la collection Textes courts de <a href=\"https:\/\/legsedition.net\/public\/\" target=\"_blank\" rel=\"noopener\">LEGS \u00c9DITION<\/a>. Ce collectif qui regroupe 15 \u00e9crivains (dont 1 historien) se veut un hommage \u00e0 la ville de Port-au-Prince d\u00e9truite apr\u00e8s le s\u00e9isme du 12 janvier 2010. Dans le recueil, chaque \u00e9crivain raconte son attachement et son souvenir de la ville qui a marqu\u00e9 son enfance et\/ou adolescence. Le narrateur de la nouvelle \u00ab\u00a0106, rue de l&rsquo;Enterrement\u00a0\u00bb dont le p\u00e8re est un surv\u00e9cu de la dictature raconte les souvenirs d&rsquo;enfance dans la petite maison familiale d\u00e9truite au bas de la ville apr\u00e8s que l&rsquo;\u00c9tat ha\u00eftien ait d\u00e9clar\u00e9 la zone d&rsquo;utilit\u00e9 publique.\u00a0 \u00a0 \u00a0<\/p>\n<p class=\"wp-block-heading\"><strong><span style=\"color: #ff0000;\"><mark class=\"has-inline-color has-vivid-red-color\" style=\"background-color: rgba(0, 0, 0, 0);\">Lire la nouvelle :<\/mark><\/span>\u00a0<\/strong><\/p>\n<div class=\"_3d-flip-book  fb3d-fullscreen-mode full-size\" data-id=\"0\" data-mode=\"fullscreen\" data-title=\"false\" data-template=\"short-white-book-view\" data-lightbox=\"dark-shadow\" data-urlparam=\"fb3d-page\" data-page-n=\"0\" data-pdf=\"http:\/\/legsedition.net\/alel\/wp-content\/uploads\/2024\/11\/106-rue-de-lenterrement_WC.pdf\" data-tax=\"null\" data-thumbnail=\"\" data-cols=\"3\" data-book-template=\"default\" data-trigger=\"\"><\/div>\n\n\n\n<h6>\u00a0<\/h6>\n<p class=\"wp-block-heading\"><span style=\"color: #ff0000;\"><strong><u>Partie I :<\/u>\u00a0La<\/strong>\u00a0<\/span><strong><span style=\"color: #ff0000;\">d\u00e9couverte<\/span>\u00a0<\/strong><\/p>\n\n\n\n<p class=\"wp-block-heading\"><span style=\"color: #ff0000;\"><mark class=\"has-inline-color has-vivid-red-color\" style=\"background-color: rgba(0, 0, 0, 0);\"><strong>Questions sur le parcours de l\u2019auteur<\/strong><\/mark><\/span><\/p>\n<p><strong>\u00c0 l\u2019aide du texte de pr\u00e9sentation de W\u00e9bert Charles, trouvez la\/les r\u00e9ponse\/s correcte\/s.<\/strong><\/p>\n<p><strong>1. W\u00e9bert Charles Pierre a fait des \u00e9tudes :<\/strong><br \/>a) En Ha\u00efti, aux \u00c9tats-Unis et en France<br \/>b) En France, en Ha\u00efti et au Burkina Faso Afrique<br \/>c) En Ha\u00efti et en France<br \/>d) En Ha\u00efti, France et Martinique<br \/><strong>2. W\u00e9bert Charles est n\u00e9 \u00e0 :<\/strong><br \/>a) Port-au-Prince, le 14 octobre 1988<br \/>b) Paris, le 24 octobre 1988<br \/>c) Cap-Ha\u00eftien, le 04 octobre 1988<br \/>d) Port-au-Prince, le 24 octobre 1988<br \/><strong>3. W\u00e9bert Charles a cofond\u00e9 la maison d\u2019\u00e9dition d\u00e9nomm\u00e9e :<\/strong><br \/>a) Livres et lecture<br \/>b) Livres 9<br \/>c) LEGS \u00c9DITION<br \/>d) Bas de Page<br \/><strong>4. Il est l\u2019auteur du recueil\u00a0<em>Que L\u2019esp\u00e9rance demeure<\/em>\u00a0\u00e9crit en collaboration avec :<\/strong><br \/>a) Jean Watson Charles<br \/>b) Mirline Pierre<br \/>c) Denise Bernhard<br \/>d) Dieulermesson Petit Fr\u00e8re<br \/><strong>6. Le titre de son dernier recueil publi\u00e9 est :<\/strong><br \/>a)\u00a0<em>Pour que la terre s\u2019en souvienne<\/em><br \/>b)\u00a0<em>Tous les arbres ont un trou \u00e0 la gorge<\/em><br \/>c)\u00a0<em>Mar\u00e8l<\/em><br \/>d) Aucune de ces r\u00e9ponses<\/p>\n\n\n\n<p class=\"wp-block-heading\"><strong><span style=\"color: #ff0000;\">Partie II : D\u00e9couverte\u00a0de l\u2019oeuvre<\/span>\u00a0<\/strong><\/p>\n\n\n\n<p><span style=\"color: #ff0000;\"><strong>Questions sur la nouvelle\u00a0106, rue de l&rsquo;Enterrement<\/strong><\/span><\/p>\n<p><strong>Le genre de la nouvelle<\/strong><br \/>a) Le titre de la nouvelle vous inspire-t-il des id\u00e9es ? <br \/>b) Cette nouvelle appartient \u00e0 quelle typologie ?<br \/>c) Relevez le champ lexical de la brutalit\u00e9, de la d\u00e9molition et de la maison.<br \/><strong>Les personnages<\/strong><br \/>a) Qui raconte l\u2019histoire ?<br \/>b) Combien de personnages compte l\u2019histoire ?<br \/>c) Quelle relation le narrateur entretient-il avec les personnages cit\u00e9s dans le texte ?<br \/>d) \u00c0 quel \u00e9v\u00e9nement la nouvelle fait-elle allusion ?<br \/>e) Y a-t-il un autre \u00e9v\u00e9nement soulign\u00e9 par le narrateur ? Si oui, lequel ?<br \/>f) Que pouvez-nous dire des liens et habitudes existant dans cette famille ?<br \/>g) O\u00f9 habitait pr\u00e9cis\u00e9ment cette famille ?<br \/>h) Comment le p\u00e8re du narrateur marquait-il la taille des enfants ?<br \/>i) Qui \u00e9taient les Tonton-Macoutes ?<br \/>j) Pourquoi le p\u00e8re, \u00e0 son retour de prison, n\u2019a-t-il pas voulu effacer les barres dans sa chambre ?<br \/>k) Qu\u2019a fait la m\u00e8re pour retenir le p\u00e8re debout ?<br \/>l) Quel est le sens de ce proc\u00e9d\u00e9 dans l\u2019imaginaire ha\u00eftien ?<br \/><strong>La narration<\/strong><br \/>a) Le nom du narrateur a-t-il \u00e9t\u00e9 r\u00e9v\u00e9l\u00e9 ?<br \/>b) Quel est le statut du narrateur ?<br \/>c) Quelles informations pouvez-vous donner du narrateur ? <br \/><strong>Le lieu<\/strong><br \/>a) O\u00f9 se d\u00e9roule l\u2019histoire ?<br \/>b) Quels sont les lieux \u00e9voqu\u00e9s dans la nouvelle ?<br \/>c) En vous appuyant sur les donn\u00e9es fournies dans le texte, veuillez d\u00e9crire ces lieux.<br \/>d) Dans quelle prison ont-ils emmen\u00e9 le p\u00e8re du narrateur ? Que savez-vous de cette prison ? (Faites-en des recherches vous-m\u00eame)<br \/><strong>Vocabulaire<\/strong><br \/>a) \u00c0 quel champ lexical renvoient les mots suivants : \u00ab marteaux, burins, scie \u00e0 main, bulldozer, d\u00e9molisseur ? \u00bb<br \/>b) Que remplace \u00ab ils \u00bb au d\u00e9but du texte ?<br \/>c) Expliquez l\u2019explicit du texte<\/p>\n\n\n\n<p><\/p>\n\n\n\n<p><span style=\"color: #ff0000;\"><strong>Partie III : R\u00e9\u00e9criture<\/strong><\/span><\/p>\n<p><strong>1. R\u00e9\u00e9crivez le passage suivant en mettant les verbes \u00e0 l\u2019indicatif pass\u00e9 compos\u00e9.<\/strong><\/p>\n<p style=\"text-align: justify;\">Quand les <em>tontons macoutes<\/em> <span style=\"text-decoration: underline;\">\u00e9taient venus<\/span> chercher mon p\u00e8re et qu\u2019ils le <span style=\"text-decoration: underline;\">transportaient<\/span> \u00e0 cette grande prison \u00e0 Fort-dimanche, ma m\u00e8re ne <span style=\"text-decoration: underline;\">put<\/span>\u00a0\u00e9touffer sa rage et son chagrin. Elle <span style=\"text-decoration: underline;\">prit<\/span> le morceau de charbon et <span style=\"text-decoration: underline;\">marqua<\/span> dans sa chambre, en face du lit, des barres verticales, chaque jour que mon p\u00e8re <span style=\"text-decoration: underline;\">passait<\/span> \u00e0 la prison. Un jour, une barre. Non pas pour compter les jours mais une barre verticale pour retenir mon p\u00e8re debout, parmi les prisonniers assassin\u00e9s toutes les heures sous la commande du Grand Chef. Le Grand Chef, lui non plus, ne <span style=\"text-decoration: underline;\">voulait<\/span> pas croire. Il <span style=\"text-decoration: underline;\">fallait<\/span> tout nettoyer. Faire de l\u2019espace. Prendre le large. Il <span style=\"text-decoration: underline;\">fallait<\/span> du sang. Emprisonner les gens capables d\u2019imiter la pantomime du Grand Chef. Et mon p\u00e8re <span style=\"text-decoration: underline;\">restait<\/span> debout dans la chambre, \u00e0 parler \u00e0 ma m\u00e8re. Et cela l\u2019a retenu en vie.\u00a0<\/p>\n<p class=\"wp-block-heading\"><strong>2. Trouvez les verbes, noms et adjectifs d\u00e9riv\u00e9s des mots suivants <\/strong>:<\/p>\n<p>Morceau, d\u00e9molisseurs, m\u00e9moire, souvenirs, prison, chagrin, commande, poussi\u00e8re<\/p>\n<p><strong>Production \u00e9crite (un sujet au choix). (20 \u00e0 25 lignes).<\/strong><\/p>\n<p>1- Parlez-nous de votre enfance. Que pouvez-vous en dire par rapport au texte ?<br \/>2- Quel \u00e9v\u00e9nement de votre enfance vous a le plus marqu\u00e9 ?<\/p>\n<p class=\"wp-block-heading\"><span style=\"color: #ff0000;\"><mark class=\"has-inline-color has-vivid-red-color\" style=\"background-color: rgba(0, 0, 0, 0);\"><strong>Bonus <\/strong><\/mark><\/span><strong>(Questions autour de \u00ab\u00a0Insularit\u00e9[s]\u00a0\u00bb)<\/strong><\/p>\n<p>Apr\u00e8s avoir visionn\u00e9 la vid\u00e9o, veuillez r\u00e9pondre aux questions qui suivent :\u00a0<\/p>\n<div style=\"width: 640px;\" class=\"wp-video\"><!--[if lt IE 9]><script>document.createElement('video');<\/script><![endif]-->\n<video class=\"wp-video-shortcode\" id=\"video-1397-1\" width=\"640\" height=\"480\" preload=\"metadata\" controls=\"controls\"><source type=\"video\/mp4\" src=\"http:\/\/legsedition.net\/alel\/wp-content\/uploads\/2024\/11\/kiskeya-l-ile-mysterieuse-Extrait.mp4?_=1\" \/><a href=\"http:\/\/legsedition.net\/alel\/wp-content\/uploads\/2024\/11\/kiskeya-l-ile-mysterieuse-Extrait.mp4\">http:\/\/legsedition.net\/alel\/wp-content\/uploads\/2024\/11\/kiskeya-l-ile-mysterieuse-Extrait.mp4<\/a><\/video><\/div>\n<p>\u00a0<\/p>\n<ol>\n<li style=\"text-align: justify;\">\u00c0 partir de l\u2019intervention de W\u00e9bert Charles, que pouvez-vous nous dire de l\u2019insularit\u00e9 ?<\/li>\n<li>Quels sont les titres auxquels il fait r\u00e9f\u00e9rence dans son intervention ?<\/li>\n<\/ol>\n<p style=\"text-align: center;\">_________________________<\/p>\n\n\n\n\n\n<hr \/>\n<p><strong>Bibliographie<\/strong><\/p>\n\n\n\n<p>Adam, Jean-Michel, Revaz, Francois, <em>Introduction \u00e0 l&rsquo;analyse du r\u00e9cit<\/em>, Paris, Seuil, 1996.<\/p>\n<p>Collectif, <em>&#8230;des maux et des rues<\/em>,<em> Port-au-Prince,<\/em> LEGS \u00c9DITION, 2014.<\/p>\n<p>Combe, Dominique, <em>Les genres litt\u00e9raires<\/em>, Paris, Hachette, 1992.<\/p>\n<p>Grojnowski, Daniel,\u00a0<em>Lire la nouvelle<\/em>, Paris, Nathan, 2000.<\/p>\n<p>____<\/p>\n\n\n\n<p><strong>Commander le recueil<\/strong>, <a href=\"https:\/\/www.amazon.com\/maux-rues-French-Collectif\/dp\/9997042433\/ref=sr_1_1?crid=1JMKNBVN5D6D5&amp;dib=eyJ2IjoiMSJ9.k8qjxCHAR8I42ylp-XehIPoopt6wb0jeR480atI2AkqFT9WA7WBdCCQB1WowzFQICTJiNuAXDHnhsYEEHhaJscavrfwvZRIT6v5HqQf7LRS9-PJnhIq3-l8GZzFHyjn5s2G2vQ83JVGkaYPulx7izA.-SwjjQ5fzL2P6seDvqdzxOtWzIGw0EeXsvtq_c_pfrw&amp;dib_tag=se&amp;keywords=des+maux+et+des+rues&amp;qid=1747068419&amp;sprefix=des+maux+et+des+rues%2Caps%2C216&amp;sr=8-1\">CLIQUER ICI<\/a><\/p>\n<pre class=\"wp-block-preformatted\">\u00a9 ALEL, novembre 2024<\/pre>\n\n\n\n<p><\/p>\n\n\n\n<p><\/p>\n\n\n\n\n\n<p><\/p>\n\n\n\n<p><\/p>\n","protected":false},"excerpt":{"rendered":"<p>Dossier 3 : \u00c0 la d\u00e9couverte de W\u00e9bert Charles Pr\u00e9par\u00e9 par Mirline Pierre Consigne\u00a0 Vous aurez \u00e0 la fin de cette s\u00e9quence \u00e0 r\u00e9pondre \u00e0 plusieurs questions portant sur le parcours de l&rsquo;auteur, son \u0153uvre et le texte ci-dessous (\u00ab\u00a0106, rue de l&rsquo;Enterrement\u00a0\u00bb). Prenez le temps de lire le document,&#8230; <a class=\"continue-reading-link\" href=\"https:\/\/legsedition.net\/alel\/des-auteurs-et-des-oeuvres\/lecture-de-des-maux-et-des-rues\/\">Lire la suite <span class=\"meta-nav\">&rarr; <\/span><\/a><\/p>\n","protected":false},"author":2,"featured_media":1512,"comment_status":"open","ping_status":"open","sticky":false,"template":"","format":"standard","meta":{"_editorskit_title_hidden":false,"_editorskit_reading_time":0,"_editorskit_is_block_options_detached":false,"_editorskit_block_options_position":"{}","footnotes":""},"categories":[32],"tags":[],"class_list":["post-1397","post","type-post","status-publish","format-standard","has-post-thumbnail","hentry","category-des-auteurs-et-des-oeuvres"],"yoast_head":"<!-- This site is optimized with the Yoast SEO plugin v25.0 - https:\/\/yoast.com\/wordpress\/plugins\/seo\/ -->\n<title>\u00c0 la d\u00e9couverte de W\u00e9bert Charles -<\/title>\n<meta name=\"description\" content=\"Dans ce nouveau dossier, nous allons \u00e0 la d\u00e9couverte de l\u2019auteur W\u00e9bert Charles., po\u00e8te, chroniqueur litt\u00e9raire et nouvelliste.\" \/>\n<meta name=\"robots\" content=\"index, follow, max-snippet:-1, max-image-preview:large, max-video-preview:-1\" \/>\n<link rel=\"canonical\" href=\"https:\/\/legsedition.net\/alel\/des-auteurs-et-des-oeuvres\/lecture-de-des-maux-et-des-rues\/\" \/>\n<meta property=\"og:locale\" content=\"fr_FR\" \/>\n<meta property=\"og:type\" content=\"article\" \/>\n<meta property=\"og:title\" content=\"\u00c0 la d\u00e9couverte de W\u00e9bert Charles -\" \/>\n<meta property=\"og:description\" content=\"Dans ce nouveau dossier, nous allons \u00e0 la d\u00e9couverte de l\u2019auteur W\u00e9bert Charles., po\u00e8te, chroniqueur litt\u00e9raire et nouvelliste.\" \/>\n<meta property=\"og:url\" content=\"https:\/\/legsedition.net\/alel\/des-auteurs-et-des-oeuvres\/lecture-de-des-maux-et-des-rues\/\" \/>\n<meta property=\"article:published_time\" content=\"2025-02-11T09:20:00+00:00\" \/>\n<meta property=\"article:modified_time\" content=\"2025-05-13T16:28:34+00:00\" \/>\n<meta property=\"og:image\" content=\"http:\/\/legsedition.net\/alel\/wp-content\/uploads\/2024\/11\/webert_c.jpg\" \/>\n\t<meta property=\"og:image:width\" content=\"275\" \/>\n\t<meta property=\"og:image:height\" content=\"183\" \/>\n\t<meta property=\"og:image:type\" content=\"image\/jpeg\" \/>\n<meta name=\"author\" content=\"alel\" \/>\n<meta name=\"twitter:card\" content=\"summary_large_image\" \/>\n<meta name=\"twitter:label1\" content=\"\u00c9crit par\" \/>\n\t<meta name=\"twitter:data1\" content=\"alel\" \/>\n\t<meta name=\"twitter:label2\" content=\"Dur\u00e9e de lecture estim\u00e9e\" \/>\n\t<meta name=\"twitter:data2\" content=\"9 minutes\" \/>\n<script type=\"application\/ld+json\" class=\"yoast-schema-graph\">{\"@context\":\"https:\/\/schema.org\",\"@graph\":[{\"@type\":\"WebPage\",\"@id\":\"https:\/\/legsedition.net\/alel\/des-auteurs-et-des-oeuvres\/lecture-de-des-maux-et-des-rues\/\",\"url\":\"https:\/\/legsedition.net\/alel\/des-auteurs-et-des-oeuvres\/lecture-de-des-maux-et-des-rues\/\",\"name\":\"\u00c0 la d\u00e9couverte de W\u00e9bert Charles -\",\"isPartOf\":{\"@id\":\"https:\/\/legsedition.net\/alel\/#website\"},\"primaryImageOfPage\":{\"@id\":\"https:\/\/legsedition.net\/alel\/des-auteurs-et-des-oeuvres\/lecture-de-des-maux-et-des-rues\/#primaryimage\"},\"image\":{\"@id\":\"https:\/\/legsedition.net\/alel\/des-auteurs-et-des-oeuvres\/lecture-de-des-maux-et-des-rues\/#primaryimage\"},\"thumbnailUrl\":\"https:\/\/legsedition.net\/alel\/wp-content\/uploads\/2024\/11\/webert_c.jpg\",\"datePublished\":\"2025-02-11T09:20:00+00:00\",\"dateModified\":\"2025-05-13T16:28:34+00:00\",\"author\":{\"@id\":\"https:\/\/legsedition.net\/alel\/#\/schema\/person\/8ff278d7100b1ed912c70e2cc1fc3ac9\"},\"description\":\"Dans ce nouveau dossier, nous allons \u00e0 la d\u00e9couverte de l\u2019auteur W\u00e9bert Charles., po\u00e8te, chroniqueur litt\u00e9raire et nouvelliste.\",\"breadcrumb\":{\"@id\":\"https:\/\/legsedition.net\/alel\/des-auteurs-et-des-oeuvres\/lecture-de-des-maux-et-des-rues\/#breadcrumb\"},\"inLanguage\":\"fr-FR\",\"potentialAction\":[{\"@type\":\"ReadAction\",\"target\":[\"https:\/\/legsedition.net\/alel\/des-auteurs-et-des-oeuvres\/lecture-de-des-maux-et-des-rues\/\"]}]},{\"@type\":\"ImageObject\",\"inLanguage\":\"fr-FR\",\"@id\":\"https:\/\/legsedition.net\/alel\/des-auteurs-et-des-oeuvres\/lecture-de-des-maux-et-des-rues\/#primaryimage\",\"url\":\"https:\/\/legsedition.net\/alel\/wp-content\/uploads\/2024\/11\/webert_c.jpg\",\"contentUrl\":\"https:\/\/legsedition.net\/alel\/wp-content\/uploads\/2024\/11\/webert_c.jpg\",\"width\":275,\"height\":183},{\"@type\":\"BreadcrumbList\",\"@id\":\"https:\/\/legsedition.net\/alel\/des-auteurs-et-des-oeuvres\/lecture-de-des-maux-et-des-rues\/#breadcrumb\",\"itemListElement\":[{\"@type\":\"ListItem\",\"position\":1,\"name\":\"Accueil\",\"item\":\"https:\/\/legsedition.net\/alel\/\"},{\"@type\":\"ListItem\",\"position\":2,\"name\":\"\u00c0 la d\u00e9couverte de W\u00e9bert Charles\"}]},{\"@type\":\"WebSite\",\"@id\":\"https:\/\/legsedition.net\/alel\/#website\",\"url\":\"https:\/\/legsedition.net\/alel\/\",\"name\":\"\",\"description\":\"\",\"potentialAction\":[{\"@type\":\"SearchAction\",\"target\":{\"@type\":\"EntryPoint\",\"urlTemplate\":\"https:\/\/legsedition.net\/alel\/?s={search_term_string}\"},\"query-input\":{\"@type\":\"PropertyValueSpecification\",\"valueRequired\":true,\"valueName\":\"search_term_string\"}}],\"inLanguage\":\"fr-FR\"},{\"@type\":\"Person\",\"@id\":\"https:\/\/legsedition.net\/alel\/#\/schema\/person\/8ff278d7100b1ed912c70e2cc1fc3ac9\",\"name\":\"alel\",\"image\":{\"@type\":\"ImageObject\",\"inLanguage\":\"fr-FR\",\"@id\":\"https:\/\/legsedition.net\/alel\/#\/schema\/person\/image\/\",\"url\":\"https:\/\/secure.gravatar.com\/avatar\/8e31507d2efb3bddbe8428b9a236442b?s=96&d=mm&r=g\",\"contentUrl\":\"https:\/\/secure.gravatar.com\/avatar\/8e31507d2efb3bddbe8428b9a236442b?s=96&d=mm&r=g\",\"caption\":\"alel\"},\"url\":\"https:\/\/legsedition.net\/alel\/author\/djason_2015\/\"}]}<\/script>\n<!-- \/ Yoast SEO plugin. -->","yoast_head_json":{"title":"\u00c0 la d\u00e9couverte de W\u00e9bert Charles -","description":"Dans ce nouveau dossier, nous allons \u00e0 la d\u00e9couverte de l\u2019auteur W\u00e9bert Charles., po\u00e8te, chroniqueur litt\u00e9raire et nouvelliste.","robots":{"index":"index","follow":"follow","max-snippet":"max-snippet:-1","max-image-preview":"max-image-preview:large","max-video-preview":"max-video-preview:-1"},"canonical":"https:\/\/legsedition.net\/alel\/des-auteurs-et-des-oeuvres\/lecture-de-des-maux-et-des-rues\/","og_locale":"fr_FR","og_type":"article","og_title":"\u00c0 la d\u00e9couverte de W\u00e9bert Charles -","og_description":"Dans ce nouveau dossier, nous allons \u00e0 la d\u00e9couverte de l\u2019auteur W\u00e9bert Charles., po\u00e8te, chroniqueur litt\u00e9raire et nouvelliste.","og_url":"https:\/\/legsedition.net\/alel\/des-auteurs-et-des-oeuvres\/lecture-de-des-maux-et-des-rues\/","article_published_time":"2025-02-11T09:20:00+00:00","article_modified_time":"2025-05-13T16:28:34+00:00","og_image":[{"width":275,"height":183,"url":"http:\/\/legsedition.net\/alel\/wp-content\/uploads\/2024\/11\/webert_c.jpg","type":"image\/jpeg"}],"author":"alel","twitter_card":"summary_large_image","twitter_misc":{"\u00c9crit par":"alel","Dur\u00e9e de lecture estim\u00e9e":"9 minutes"},"schema":{"@context":"https:\/\/schema.org","@graph":[{"@type":"WebPage","@id":"https:\/\/legsedition.net\/alel\/des-auteurs-et-des-oeuvres\/lecture-de-des-maux-et-des-rues\/","url":"https:\/\/legsedition.net\/alel\/des-auteurs-et-des-oeuvres\/lecture-de-des-maux-et-des-rues\/","name":"\u00c0 la d\u00e9couverte de W\u00e9bert Charles -","isPartOf":{"@id":"https:\/\/legsedition.net\/alel\/#website"},"primaryImageOfPage":{"@id":"https:\/\/legsedition.net\/alel\/des-auteurs-et-des-oeuvres\/lecture-de-des-maux-et-des-rues\/#primaryimage"},"image":{"@id":"https:\/\/legsedition.net\/alel\/des-auteurs-et-des-oeuvres\/lecture-de-des-maux-et-des-rues\/#primaryimage"},"thumbnailUrl":"https:\/\/legsedition.net\/alel\/wp-content\/uploads\/2024\/11\/webert_c.jpg","datePublished":"2025-02-11T09:20:00+00:00","dateModified":"2025-05-13T16:28:34+00:00","author":{"@id":"https:\/\/legsedition.net\/alel\/#\/schema\/person\/8ff278d7100b1ed912c70e2cc1fc3ac9"},"description":"Dans ce nouveau dossier, nous allons \u00e0 la d\u00e9couverte de l\u2019auteur W\u00e9bert Charles., po\u00e8te, chroniqueur litt\u00e9raire et nouvelliste.","breadcrumb":{"@id":"https:\/\/legsedition.net\/alel\/des-auteurs-et-des-oeuvres\/lecture-de-des-maux-et-des-rues\/#breadcrumb"},"inLanguage":"fr-FR","potentialAction":[{"@type":"ReadAction","target":["https:\/\/legsedition.net\/alel\/des-auteurs-et-des-oeuvres\/lecture-de-des-maux-et-des-rues\/"]}]},{"@type":"ImageObject","inLanguage":"fr-FR","@id":"https:\/\/legsedition.net\/alel\/des-auteurs-et-des-oeuvres\/lecture-de-des-maux-et-des-rues\/#primaryimage","url":"https:\/\/legsedition.net\/alel\/wp-content\/uploads\/2024\/11\/webert_c.jpg","contentUrl":"https:\/\/legsedition.net\/alel\/wp-content\/uploads\/2024\/11\/webert_c.jpg","width":275,"height":183},{"@type":"BreadcrumbList","@id":"https:\/\/legsedition.net\/alel\/des-auteurs-et-des-oeuvres\/lecture-de-des-maux-et-des-rues\/#breadcrumb","itemListElement":[{"@type":"ListItem","position":1,"name":"Accueil","item":"https:\/\/legsedition.net\/alel\/"},{"@type":"ListItem","position":2,"name":"\u00c0 la d\u00e9couverte de W\u00e9bert Charles"}]},{"@type":"WebSite","@id":"https:\/\/legsedition.net\/alel\/#website","url":"https:\/\/legsedition.net\/alel\/","name":"","description":"","potentialAction":[{"@type":"SearchAction","target":{"@type":"EntryPoint","urlTemplate":"https:\/\/legsedition.net\/alel\/?s={search_term_string}"},"query-input":{"@type":"PropertyValueSpecification","valueRequired":true,"valueName":"search_term_string"}}],"inLanguage":"fr-FR"},{"@type":"Person","@id":"https:\/\/legsedition.net\/alel\/#\/schema\/person\/8ff278d7100b1ed912c70e2cc1fc3ac9","name":"alel","image":{"@type":"ImageObject","inLanguage":"fr-FR","@id":"https:\/\/legsedition.net\/alel\/#\/schema\/person\/image\/","url":"https:\/\/secure.gravatar.com\/avatar\/8e31507d2efb3bddbe8428b9a236442b?s=96&d=mm&r=g","contentUrl":"https:\/\/secure.gravatar.com\/avatar\/8e31507d2efb3bddbe8428b9a236442b?s=96&d=mm&r=g","caption":"alel"},"url":"https:\/\/legsedition.net\/alel\/author\/djason_2015\/"}]}},"_links":{"self":[{"href":"https:\/\/legsedition.net\/alel\/wp-json\/wp\/v2\/posts\/1397"}],"collection":[{"href":"https:\/\/legsedition.net\/alel\/wp-json\/wp\/v2\/posts"}],"about":[{"href":"https:\/\/legsedition.net\/alel\/wp-json\/wp\/v2\/types\/post"}],"author":[{"embeddable":true,"href":"https:\/\/legsedition.net\/alel\/wp-json\/wp\/v2\/users\/2"}],"replies":[{"embeddable":true,"href":"https:\/\/legsedition.net\/alel\/wp-json\/wp\/v2\/comments?post=1397"}],"version-history":[{"count":54,"href":"https:\/\/legsedition.net\/alel\/wp-json\/wp\/v2\/posts\/1397\/revisions"}],"predecessor-version":[{"id":1846,"href":"https:\/\/legsedition.net\/alel\/wp-json\/wp\/v2\/posts\/1397\/revisions\/1846"}],"wp:featuredmedia":[{"embeddable":true,"href":"https:\/\/legsedition.net\/alel\/wp-json\/wp\/v2\/media\/1512"}],"wp:attachment":[{"href":"https:\/\/legsedition.net\/alel\/wp-json\/wp\/v2\/media?parent=1397"}],"wp:term":[{"taxonomy":"category","embeddable":true,"href":"https:\/\/legsedition.net\/alel\/wp-json\/wp\/v2\/categories?post=1397"},{"taxonomy":"post_tag","embeddable":true,"href":"https:\/\/legsedition.net\/alel\/wp-json\/wp\/v2\/tags?post=1397"}],"curies":[{"name":"wp","href":"https:\/\/api.w.org\/{rel}","templated":true}]}}