{"id":1415,"date":"2024-12-01T05:41:17","date_gmt":"2024-12-01T05:41:17","guid":{"rendered":"https:\/\/legsedition.net\/alel\/?p=1415"},"modified":"2025-05-14T11:43:11","modified_gmt":"2025-05-14T11:43:11","slug":"a-la-rencontre-de-mirline-pierre","status":"publish","type":"post","link":"https:\/\/legsedition.net\/alel\/des-auteurs-et-des-oeuvres\/a-la-rencontre-de-mirline-pierre\/","title":{"rendered":"\u00c0 la rencontre de Mirline Pierre"},"content":{"rendered":"\n<h6><strong>Dossier 2 : \u00c0 la rencontre de Mirline Pierre<\/strong><\/h6>\n<p style=\"text-align: right;\"><em><strong>Pr\u00e9par\u00e9 par Dieulermesson Petit Fr\u00e8re<\/strong><\/em><\/p>\n<p style=\"text-align: justify;\"><strong><span style=\"color: #ff0000;\">Consigne <\/span><\/strong><\/p>\n<p style=\"text-align: justify;\">Vous aurez \u00e0 la fin de cette s\u00e9quence \u00e0 r\u00e9pondre \u00e0 plusieurs questions portant sur le parcours de l\u2019auteure, son \u0153uvre et le texte ci-dessous (\u00ab\u00a0Sans p\u00e8re\u00a0\u00bb). Prenez le temps de lire le document afin de bien r\u00e9pondre aux questions.<\/p>\n\n\n\n<p style=\"text-align: justify;\"><strong><span style=\"color: #ff0000;\">Objectifs du dossier<\/span> <\/strong><\/p>\n<p style=\"text-align: justify;\">Con\u00e7ue initialement pour des \u00e9l\u00e8ves de la classe de seconde, cette le\u00e7on pourra aussi \u00eatre utilis\u00e9e pour des \u00e9l\u00e8ves des classes sup\u00e9rieures. Elle a entre autres objectifs de :<\/p>\n\n\n\n<ol class=\"wp-block-list\">\n<li>D\u00e9couvrir une auteure francophone (ha\u00eftienne)&nbsp;;<\/li>\n\n\n\n<li>Conna\u00eetre son parcours&nbsp;;<\/li>\n\n\n\n<li>D\u00e9couvrir son \u0153uvre litt\u00e9raire&nbsp;;<\/li>\n\n\n\n<li>D\u00e9couvrir un genre litt\u00e9raire&nbsp;: la nouvelle&nbsp;;<\/li>\n\n\n\n<li>Se familiariser avec la nouvelle&nbsp;;<\/li>\n\n\n\n<li>Analyser une nouvelle&nbsp;;<\/li>\n\n\n\n<li>Produire un r\u00e9cit s\u2019apparentant \u00e0 la nouvelle.<\/li>\n<\/ol>\n\n\n\n<p style=\"text-align: justify;\"><span style=\"color: #ff0000;\"><strong>Introduction <\/strong><\/span><\/p>\n<p style=\"text-align: justify;\">Dans notre pr\u00e9c\u00e9dent dossier, nous avions insist\u00e9 sur le fait que tr\u00e8s peu de femmes sont mises en avant dans les travaux r\u00e9alis\u00e9s sur la litt\u00e9rature ha\u00eftienne. Ce qui fait qu&rsquo;elles font l&rsquo;objet de peu d&rsquo;\u00e9tudes et ne sont peu connues dans le paysage litt\u00e9raire et dans le milieu scolaire. A ce constat s&rsquo;ajoute un autre ph\u00e9nom\u00e8ne, les \u00e9crivaines contemporaines le sont plus que toutes autres, et les nouvelles figures de la litt\u00e9rature le sont davantage.\u00a0<\/p>\n<p style=\"text-align: justify;\">Pour toutes ces raisons et bien d&rsquo;autres, nous avons choisi de consacrer cette deuxi\u00e8me s\u00e9quence p\u00e9dagogique \u00e0 l&rsquo;auteure et \u00e9ditrice Mirline Pierre.\u00a0<\/p>\n\n\n\n<p><strong><span style=\"color: #ff0000;\">L<\/span><span style=\"color: #ff0000;\">\u2019auteure : son parcours<\/span><\/strong><\/p>\n\n\n\n<div id=\"attachment_1418\" style=\"width: 310px\" class=\"wp-caption alignleft\"><img fetchpriority=\"high\" decoding=\"async\" aria-describedby=\"caption-attachment-1418\" class=\"wp-image-1418 size-medium\" src=\"http:\/\/legsedition.net\/alel\/wp-content\/uploads\/2024\/11\/Mirline-PIERRE_LEGS-EDITION-mode-300x296.jpg\" alt=\"\" width=\"300\" height=\"296\" srcset=\"https:\/\/legsedition.net\/alel\/wp-content\/uploads\/2024\/11\/Mirline-PIERRE_LEGS-EDITION-mode-300x296.jpg 300w, https:\/\/legsedition.net\/alel\/wp-content\/uploads\/2024\/11\/Mirline-PIERRE_LEGS-EDITION-mode-1024x1011.jpg 1024w, https:\/\/legsedition.net\/alel\/wp-content\/uploads\/2024\/11\/Mirline-PIERRE_LEGS-EDITION-mode-768x758.jpg 768w, https:\/\/legsedition.net\/alel\/wp-content\/uploads\/2024\/11\/Mirline-PIERRE_LEGS-EDITION-mode-150x148.jpg 150w, https:\/\/legsedition.net\/alel\/wp-content\/uploads\/2024\/11\/Mirline-PIERRE_LEGS-EDITION-mode-152x150.jpg 152w, https:\/\/legsedition.net\/alel\/wp-content\/uploads\/2024\/11\/Mirline-PIERRE_LEGS-EDITION-mode.jpg 1080w\" sizes=\"(max-width: 300px) 100vw, 300px\" \/><p id=\"caption-attachment-1418\" class=\"wp-caption-text\">\u00a9 DR<\/p><\/div>\n<p style=\"text-align: justify;\">Mirline Pierre est une femme de lettres (nouvelliste, critique litteraire), enseignante et \u00e9ditrice ha\u00eftienne n\u00e9e le 03 f\u00e9vrier 1990 aux Cayes. Ancienne \u00e9l\u00e8ve de l&rsquo;\u00c9cole normale sup\u00e9rieure de Port-au-Prince, boursi\u00e8re de l&rsquo;\u00c9cole universitaire et de recherche, Francophonies Plurilinguisme et politique des langues (EUR-FRAPP), elle m\u00e8ne des \u00e9tudes doctorales en lettres \u00e0 l&rsquo;Universit\u00e9 Paris-Est Cr\u00e9teil. Elle d\u00e9tient une ma\u00eetrise en FLE de l&rsquo;Universit\u00e9 des Antilles, en lettres et philosophie contemporaine de la culture de l&rsquo;Universit\u00e9 Paris 8.\u00a0<\/p>\n<p style=\"text-align: justify;\">\u00c0 Port-au-Prince, elle a travaill\u00e9 comme enseignante de litt\u00e9rature et de fran\u00e7ais notamment \u00e0 l&rsquo;\u00c9cole Sainte Th\u00e9r\u00e8se de l&rsquo;Enfant J\u00e9sus et \u00e0 l&rsquo;Institut Fran\u00e7ais en Ha\u00efti o\u00f9 elle a anim\u00e9 des cours de langue fran\u00e7aise et des ateliers de Fran\u00e7ais des affaires \u00e0 l&rsquo;intention de professionnels de l&rsquo;administration publique et priv\u00e9e. Ancienne chroniqueuse litt\u00e9raire au quotidien ha\u00eftien <em>Le Nouvelliste, e<\/em>lle a aussi travaill\u00e9 \u00e0 la radio comme animatrice de <em>Livres 9<\/em> sur Magik 9, une \u00e9mission qui fait la promotion du livre et de la lecture.<\/p>\n<p style=\"text-align: justify;\">\u00c9ditrice et responsable de la collection <em>Jeunesse <\/em>au sein de LEGS \u00c9DITION, maison qu&rsquo;elle a cofond\u00e9e en 2012, elle est l&rsquo;auteure de trois biographies romanc\u00e9es (<em>Je d\u00e9couvre&#8230; Dany Laferri\u00e8re<\/em>, 2014, <em>Je d\u00e9couvre&#8230; Charlemagne P\u00e9ralte<\/em>, 2016 et <em>Je d\u00e9couvre&#8230; Maurice Sixto<\/em>, 2019) et co-auteure de l&rsquo;essai <em>50 livres ha\u00eftiens cultes qu&rsquo;il faut avoir lus dans sa vie. <\/em>Elle a coordonn\u00e9 la publication de plusieurs volumes de la revue <em>Legs et Litt\u00e9rature<\/em> dont elle est la r\u00e9dactrice en chef. [<a href=\"https:\/\/legsedition.net\/public\/mirline-pierre\/\" target=\"_blank\" rel=\"noopener\">En savoir davantage<\/a>]<\/p>\n\n\n\n<p><span style=\"color: #ff0000;\"><strong>D\u00e9couverte\u00a0d\u2019une notion : la nouvelle<\/strong><\/span><\/p>\n\n\n\n<p style=\"text-align: justify;\">La nouvelle est un genre litt\u00e9raire. Il appartient au genre narratif ou romanesque. C\u2019est un r\u00e9cit bref ax\u00e9 sur une action centrale, constitu\u00e9 de peu de personnages, tr\u00e8s peu ou pas de descriptions et se termine par une fin surprenante. Il existe diff\u00e9rents types : fantastique, r\u00e9aliste, policier, humoristique et science-fiction.<\/p>\n<p style=\"text-align: justify;\">Dans une nouvelle, la narration est assur\u00e9e par un narrateur qui peut \u00eatre soit un personnage (narration interne, 1<sup>\u00e8re<\/sup> personne), soit un observateur (narration externe, 3<sup>\u00e8me<\/sup> personne), soit un t\u00e9moin (narration omnisciente, 3<sup>\u00e8me<\/sup> personne). Le pass\u00e9 simple est le temps du r\u00e9cit (de l\u2019histoire), le pr\u00e9sent est utilis\u00e9 pour les dialogues et l\u2019imparfait pour la description, le contexte, le pass\u00e9 compos\u00e9\u2026.<\/p>\n\n\n\n<p><span style=\"color: #ff0000;\"><strong>Pr\u00e9sentation de \u201cSans p\u00e8re\u201d <\/strong><\/span>(nouvelle parue dans\u00a0<em>\u2026des hommes et des ombres<\/em>)<\/p>\n\n\n\n<p style=\"text-align: justify;\">\u201cSans p\u00e8re\u201d est une nouvelle de Mirline Pierre parue dans le collectif \u2026<em>des hommes et des ombres <\/em>publi\u00e9 sous la direction de Dieulermesson Petit Fr\u00e8re en 2018 dans la collection Textes courts de <a href=\"https:\/\/legsedition.net\/public\/\" target=\"_blank\" rel=\"noreferrer noopener\">LEGS \u00c9DITION<\/a>. Ce recueil de nouvelles collectif regroupe 13 \u00e9crivains. L&rsquo;objectif est de \u00ab\u00a0mettre en relief le rapport au p\u00e8re. (D)\u00c9crire le mode de filiation, la distance ou les liens, l\u2019h\u00e9ritage symbolique et la construction de soi \u00e0 travers la figure paternelle&#8230;\u00a0\u00bb, peut-on lire dans le descriptif sur la 4<sup>e<\/sup> de couverture.\u00a0Dans le recueil, chaque \u00e9crivain raconte\u00a0 sous des formes divers (lettre, recit, po\u00e8me) son rapport \u00e0 son p\u00e8re et le souvenir qu&rsquo;il garde de lui de son enfance et\/ou adolescence.<\/p>\n<p style=\"text-align: justify;\">\u201cSans p\u00e8re\u201d raconte les souvenirs d&rsquo;une jeune fille vivant avec sa m\u00e8re morte en terre \u00e9trang\u00e8re jusqu&rsquo;\u00e0 sa mort, son regret de n&rsquo;avoir pas connu son p\u00e8re et son rapport trouble avec un homme crois\u00e9 par hasard dont elle ignore tout de son pass\u00e9.\u00a0 \u00a0 \u00a0<\/p>\n\n\n\n<p><span style=\"color: #ff0000;\"><strong>Lire la nouvelle&nbsp;<\/strong><\/span><\/p>\n\n\n\n<div class=\"_3d-flip-book  fb3d-fullscreen-mode full-size\" data-id=\"0\" data-mode=\"fullscreen\" data-title=\"false\" data-template=\"short-white-book-view\" data-lightbox=\"dark-shadow\" data-urlparam=\"fb3d-page\" data-page-n=\"0\" data-pdf=\"http:\/\/legsedition.net\/alel\/wp-content\/uploads\/2024\/11\/Sans-pere_MP.pdf\" data-tax=\"null\" data-thumbnail=\"\" data-cols=\"3\" data-book-template=\"default\" data-trigger=\"\"><\/div>\n<h6>\u00a0<\/h6>\n<p style=\"text-align: justify;\"><strong style=\"color: #ff0000; font-size: revert;\"><u>Partie I :<\/u>\u00a0La<\/strong><span style=\"color: #ff0000; font-size: revert; font-weight: revert;\">\u00a0<\/span><strong style=\"color: #ff0000; font-size: revert;\">d\u00e9couverte <br \/><\/strong><strong style=\"font-size: revert; color: initial;\">Questions sur le parcours de l\u2019auteure<\/strong><\/p>\n<p>\u00c0 l\u2019aide du texte de pr\u00e9sentation de Mirline Pierre et de la vid\u00e9o (en Bonus), trouvez la\/les r\u00e9ponse\/s correcte\/s<br \/><strong>1. Mirline Pierre a fait des \u00e9tudes :<\/strong><br \/>a) En Ha\u00efti, aux \u00c9tats-Unis et en France<br \/>b) En France, en Ha\u00efti et en Afrique<br \/>c) En Ha\u00efti et en France<br \/>d) En Ha\u00efti, France et Martinique<br \/><strong>2. Dans quelle ville est n\u00e9e Mirline Pierre ?<\/strong><br \/>a) Port-au-Prince<br \/>b) Paris<br \/>c) Cap-Ha\u00eftien<br \/>d) Cayes<br \/><strong>3. Mirline Pierre a anim\u00e9 une \u00e9mission sur le livre d\u00e9nomm\u00e9e :<\/strong> <br \/>a) Livres et lecture<br \/>b) Livres 9<br \/>c) LEGS \u00c9DITION<br \/>d) FLE<br \/><strong>4. Elle est la r\u00e9dactrice en chef de la revue :<\/strong><br \/>a) LEGS \u00c9DITION <br \/>b) Legs et Litt\u00e9rature<br \/>c) Litt\u00e9rature et \u00c9dition <br \/>d) Livres 9 <br \/><strong>5. Elle est l&rsquo;auteure de trois biographies :<\/strong><br \/>a) Je d\u00e9couvre&#8230; Dany Laferri\u00e8re, Je d\u00e9couvre&#8230; Charlemagne P\u00e9ralte et Je d\u00e9couvre&#8230; Maurice Cav\u00e9 <br \/>b) Je d\u00e9couvre&#8230; Dany Laferri\u00e8re, Je d\u00e9couvre&#8230; Charlemagne P\u00e9ralte et Je d\u00e9couvre&#8230; Maurice Cadet <br \/>c) Je d\u00e9couvre&#8230; Dany Laferri\u00e8re, Je d\u00e9couvre&#8230; Charlemagne P\u00e9ralte et Je d\u00e9couvre&#8230; Maurice Sixto<br \/>d) Aucune de ces r\u00e9ponses<br \/><strong>6. Elle a \u00e9t\u00e9 chroniqueuse litt\u00e9raire au journal :<\/strong><br \/>a) Le Matin\u00a0<br \/>b) Le National<br \/>c) Le Nouvelliste\u00a0<br \/>d) Le Nouvellista\u00a0<\/p>\n<article id=\"post-1397\" class=\"post-1397 post type-post status-draft format-standard hentry category-uncategorized\">\n<p class=\"entry-content\"><strong><span style=\"color: #ff0000;\">Partie II : D\u00e9couverte\u00a0de l\u2019oeuvre<br \/><\/span><\/strong><span style=\"color: #ff0000;\"><strong><span style=\"font-size: revert;\">Questions sur la nouvelle \u00ab\u00a0Sans p\u00e8re\u00a0\u00bb<\/span><\/strong><\/span><\/p>\n<div class=\"entry-content\">\n<p style=\"text-align: justify;\"><strong>Analyse du genre du texte<\/strong><br \/>a) \u00c0 partir du titre de la nouvelle, quelles sont les premi\u00e8res id\u00e9es qui vous sont venues \u00e0 l&rsquo;esprit ?\u00a0<br \/>b) Apr\u00e8s avoir lu ce texte, relevez les caract\u00e9ristiques de la nouvelle.<br \/>c) D&rsquo;apr<span style=\"font-size: revert; color: initial;\">\u00e8s vous, <\/span>\u00ab Sans p<span style=\"font-size: revert; color: initial;\">\u00e8re<\/span>\u00a0\u00bb appartient \u00e0 quelle typologie de nouvelle ?<br \/>d) Relevez le champ lexical de la nature, du temps, de la maison et la mort.<br \/>e) Quelle impression la lecture de cette nouvelle vous laisse-t-elle ?<br \/><strong>Les personnages<br \/><\/strong>a) Quels sont les principaux personnages de l\u2019histoire ?<br \/>b) Quel rapport entretiennent-ils entre eux ?<br \/>c) Comment s&rsquo;appelle la m\u00e8re de la narratrice ?<br \/>d) Quand la m\u00e8re est-elle morte ?<br \/>e) Que pouvez-vous nous dire des habitudes de la jeune fille en rentrant de son boulot ? Citez le passage du texte qui le montre.<br \/>f) Quels sont les deux r\u00f4les qu&rsquo;a jou\u00e9s la m\u00e8re dans la vie de la jeune fille ? Citez le passage du texte qui le montre.<br \/>g) Quelles sont les 3 choses que la jeune fille a apprises et re\u00e7ues de sa m\u00e8re ?<br \/>h) O\u00f9 la jeune fille est-elle n\u00e9e ?<br \/>i) O\u00f9 \u00e9tait le p\u00e8re le jour de sa naissance ?<br \/><strong>La narration<\/strong><br \/>a) Qui raconte l&rsquo;histoire ? Le nom du narrateur a-t-il \u00e9t\u00e9 r\u00e9v\u00e9l\u00e9 ?<br \/>b) Quel est le statut du narrateur ?<br \/>c) Que savez-vous du narrateur ?\u00a0<br \/><strong>Le lieu<\/strong><br \/>a) O\u00f9 se d\u00e9roule l\u2019histoire ?<br \/>b) \u00c0 partir des donn\u00e9es fournies dans le texte, faites une petite description du lieu.<br \/>c) Y a-t- il plusieurs lieux \u00e9voqu\u00e9s dans l&rsquo;histoire ? Si oui, lesquels ?<br \/><strong>Vocabulaire<\/strong><br \/>a) Quel est le sens des mots et expressions suivantes : une feuille morte emport\u00e9e par le vent, une pierre d\u00e9laiss\u00e9e, un coup d&rsquo;\u00e9clair, la flamme du devant-jour, eldorado, colocataire, tisser sa vie.<br \/>b) Trouver un antonyme et un synonyme de chacun des mots suivants. N&rsquo;h\u00e9sitez pas \u00e0 utiliser le dictionnaire au besoin.<br \/>\u00a0 \u00a0 \u00a0 \u00a0 \u00a0 \u00a0a) Ti\u00e8de, blottir, convaincre\u00a0<br \/>\u00a0 \u00a0 \u00a0 \u00a0 \u00a0 \u00a0b) Ramasser, \u00e9tonner, maussade<br \/>\u00a0 \u00a0 \u00a0 \u00a0 \u00a0 \u00a0c) Crier, prendre, aimer<\/p>\n<\/div>\n<div class=\"entry-content\">\n<p><span style=\"color: #ff0000;\"><strong>Partie III : R\u00e9\u00e9criture<\/strong><\/span><\/p>\n<p class=\"wp-block-heading\" style=\"text-align: justify;\"><strong>1. R\u00e9\u00e9crivez le passage suivant en mettant les verbes \u00e0 l&rsquo;indicatif plus-que-parfait. Faites les modifications n\u00e9cessaires.<\/strong><\/p>\n<p style=\"text-align: justify;\">M\u00e8re n\u2019a jamais eu ses papiers en bonne et due forme. L\u2019\u00e9tiquette de boat people autant que celle de p\u00e8re est rest\u00e9e coll\u00e9e \u00e0 sa vie comme une puce. De retour chez elle au bout de vingt longues ann\u00e9es dans ce pays \u00e9tranger, je suis rest\u00e9e seule dans cette m\u00e9galopole am\u00e9ricaine. J\u2019ai appris \u00e0 tisser ma vie avec les fils de ma pr\u00e9f\u00e9rence. Mon lit regorgeait d\u2019hommes qui arrivaient le soir et partaient au lever du jour. Didier, le philosophe-artiste, \u00e9tait mon pr\u00e9f\u00e9r\u00e9. Tous les week-ends, il partageait ma couche. Il \u00e9tait vieux par rapport \u00e0 mon \u00e2ge, mais cela importait peu \u00e0 mes yeux. Je l\u2019ai aim\u00e9 d\u00e8s le premier jour o\u00f9 ses yeux ont crois\u00e9 mon regard. Au fil des ann\u00e9es, cet amour me rongeait et me consumait comme une braise. Didier m\u2019\u00e9tait devenu un \u00eatre si indispensable que je lui ai propos\u00e9 de refaire sa vie avec moi, car il me racontait souvent sa m\u00e9saventure en mille morceaux avec cette femme dont il ne m\u2019a jamais r\u00e9v\u00e9l\u00e9 l\u2019identit\u00e9.<\/p>\n<p class=\"wp-block-heading\"><strong>2. Trouvez les verbes d\u00e9riv\u00e9s des mots suivants<\/strong>:<\/p>\n<p>Sombre, soleil, frisson, lumi\u00e8re, mort, deuil, regard, humidit\u00e9, cuisine.<\/p>\n<ul class=\"wp-block-list\">\n<li><strong>Production \u00e9crite (un sujet au choix)<br \/><\/strong>a) D\u00e9crivez en une quinzaine de lignes votre rapport avec votre p\u00e8re (Essayez de situer ce rapport de pr\u00e9f\u00e9rence dans votre enfance).<br \/>b) Racontez une histoire autour de la th\u00e9matique du voyage (imaginez des personnages habitant une ville \u00e9trang\u00e8re qui parlent de leur quotidien).<br \/>c) Dans quel endroit pr\u00e9f\u00e9rez-vous vivre ? Dans votre pays ou \u00e0 l&rsquo;\u00e9tranger\u00a0? Dites pourquoi. (15 \u00e0 20 lignes).<\/li>\n<\/ul>\n<p><span style=\"color: #ff0000;\"><strong>Bonus<\/strong><\/span><\/p>\n<p>Apr\u00e8s avoir visionn\u00e9 la vid\u00e9o, veuillez r\u00e9pondre aux questions ci-dessous :\u00a0<\/p>\n<p>\u00a0<\/p>\n<\/div>\n<\/article>\n\n\n\n<figure class=\"wp-block-video\"><video controls src=\"http:\/\/legsedition.net\/alel\/wp-content\/uploads\/2024\/11\/Mirline-Pierre-Legs-Edition.mp4\"><\/video><\/figure>\n\n\n\n<ol class=\"wp-block-list\">\n<li>O\u00f9 et quand LEGS \u00c9DITION a-t-elle \u00e9t\u00e9 fond\u00e9e ?&nbsp;<\/li>\n\n\n\n<li>Qui sont les fondateurs ?<\/li>\n\n\n\n<li>La maison publie dans combien de collection ? Citez-les.<\/li>\n\n\n\n<li>Que pouvez-vous nous dire de la collection Je d\u00e9couvre&#8230; ?<\/li>\n\n\n\n<li>Quels sont les trois termes utilis\u00e9s par Mirline Pierre pour d\u00e9finir LEGS \u00c9DITION ?<\/li>\n\n\n\n<li>Que lui apporte l&rsquo;Alliance ?<\/li>\n<\/ol>\n\n\n\n<hr class=\"wp-block-separator has-alpha-channel-opacity\"\/>\n\n\n\n<h6 class=\"wp-block-heading\"><strong>Bibliographie<\/strong><\/h6>\n\n\n\n<p>Combe, Dominique, <em>Les genres litt\u00e9raires<\/em>, Paris, Hachette, 1992.<\/p>\n\n\n\n<p> Grojnowski, Daniel, <em>Lire la nouvelle<\/em>, Paris, Nathan, 2000.<\/p>\n\n\n\n<p>Librairie Mollat, Rencontre avec Mirline Pierre de LEGS \u00c9DITION, octobre 2018.  &lt;<a href=\"https:\/\/www.youtube.com\/watch?v=MFkimI5mT7s\" target=\"_blank\" rel=\"noreferrer noopener\">https:\/\/www.youtube.com\/watch?v=MFkimI5mT7s<\/a>&gt;<\/p>\n\n\n\n<p>Petit Fr\u00e8re, Dieulermesson (sld) &#8230;des<em> hommes et des ombres,<\/em> Port-au-Prince, LEGS \u00c9DITION, 2018, pp. 95-101.<\/p>\n\n\n\n<p>Reuter, Yves, <em>L&rsquo;analyse du r\u00e9cit<\/em> [1997], Paris, Armand Colin, 2016.<\/p>\n\n\n\n<p>&#8212;<\/p>\n\n\n\n<p><strong>Commander le recueil :&nbsp;<a href=\"https:\/\/www.amazon.com\/hommes-ombres-French-direction-Dieulermesson\/dp\/9997086376\/ref=sr_1_2?crid=3TDE5DC1DTE05&amp;dib=eyJ2IjoiMSJ9.iq0OIu_ypcZUJYK_yFiTZil10hFrRUjEvwgGOFO0R2ZRKuxVpm6MQhuZX4-havTklfma-ywH1Rfn49XjBY-QjIM_2RL3GvLUpHMGzXa8cgD67TaNva8zZroif9wLvoGbLkfWSv0zaeT9ph-On8S9Um7RMapxR_-1ZPJ0qdVpJFY2nwyS_misSgJp5RtfNlnQpP4FRLBnd9O_tfDXyqrvQGMK_kPxtL0PQDAYfGg_TfY.rkUQIb4oZHnBDc7LHyuN6xu7TTQViaIPz5mlyWFGwTE&amp;dib_tag=se&amp;keywords=des+hommes+et+des+ombres&amp;qid=1733031348&amp;sprefix=des+hommes+et+des+ombre%2Caps%2C216&amp;sr=8-2\" target=\"_blank\" rel=\"noreferrer noopener\">CLIQUER ICI<\/a><\/strong><\/p>\n\n\n\n<pre class=\"wp-block-preformatted\">\u00a9 ALEL, novembre 2022<\/pre>\n","protected":false},"excerpt":{"rendered":"<p>Dossier 2 : \u00c0 la rencontre de Mirline Pierre Pr\u00e9par\u00e9 par Dieulermesson Petit Fr\u00e8re Consigne Vous aurez \u00e0 la fin de cette s\u00e9quence \u00e0 r\u00e9pondre \u00e0 plusieurs questions portant sur le parcours de l\u2019auteure, son \u0153uvre et le texte ci-dessous (\u00ab\u00a0Sans p\u00e8re\u00a0\u00bb). Prenez le temps de lire le document afin&#8230; <a class=\"continue-reading-link\" href=\"https:\/\/legsedition.net\/alel\/des-auteurs-et-des-oeuvres\/a-la-rencontre-de-mirline-pierre\/\">Lire la suite <span class=\"meta-nav\">&rarr; <\/span><\/a><\/p>\n","protected":false},"author":2,"featured_media":1418,"comment_status":"open","ping_status":"open","sticky":false,"template":"","format":"standard","meta":{"_editorskit_title_hidden":false,"_editorskit_reading_time":0,"_editorskit_is_block_options_detached":false,"_editorskit_block_options_position":"{}","footnotes":""},"categories":[32],"tags":[],"class_list":["post-1415","post","type-post","status-publish","format-standard","has-post-thumbnail","hentry","category-des-auteurs-et-des-oeuvres"],"yoast_head":"<!-- This site is optimized with the Yoast SEO plugin v25.0 - https:\/\/yoast.com\/wordpress\/plugins\/seo\/ -->\n<title>\u00c0 la rencontre de Mirline Pierre -<\/title>\n<meta name=\"description\" content=\"Dans ce dossier, nous vous invitons \u00e0 d\u00e9couvrir l&#039;autrice Mirline Pierre, chroniqueuse litt\u00e9raire, enseignante, nouvelliste et \u00e9ditrice.\" \/>\n<meta name=\"robots\" content=\"index, follow, max-snippet:-1, max-image-preview:large, max-video-preview:-1\" \/>\n<link rel=\"canonical\" href=\"https:\/\/legsedition.net\/alel\/des-auteurs-et-des-oeuvres\/a-la-rencontre-de-mirline-pierre\/\" \/>\n<meta property=\"og:locale\" content=\"fr_FR\" \/>\n<meta property=\"og:type\" content=\"article\" \/>\n<meta property=\"og:title\" content=\"\u00c0 la rencontre de Mirline Pierre -\" \/>\n<meta property=\"og:description\" content=\"Dans ce dossier, nous vous invitons \u00e0 d\u00e9couvrir l&#039;autrice Mirline Pierre, chroniqueuse litt\u00e9raire, enseignante, nouvelliste et \u00e9ditrice.\" \/>\n<meta property=\"og:url\" content=\"https:\/\/legsedition.net\/alel\/des-auteurs-et-des-oeuvres\/a-la-rencontre-de-mirline-pierre\/\" \/>\n<meta property=\"article:published_time\" content=\"2024-12-01T05:41:17+00:00\" \/>\n<meta property=\"article:modified_time\" content=\"2025-05-14T11:43:11+00:00\" \/>\n<meta property=\"og:image\" content=\"http:\/\/legsedition.net\/alel\/wp-content\/uploads\/2024\/11\/Mirline-PIERRE_LEGS-EDITION-mode.jpg\" \/>\n\t<meta property=\"og:image:width\" content=\"1080\" \/>\n\t<meta property=\"og:image:height\" content=\"1066\" \/>\n\t<meta property=\"og:image:type\" content=\"image\/jpeg\" \/>\n<meta name=\"author\" content=\"alel\" \/>\n<meta name=\"twitter:card\" content=\"summary_large_image\" \/>\n<meta name=\"twitter:label1\" content=\"\u00c9crit par\" \/>\n\t<meta name=\"twitter:data1\" content=\"alel\" \/>\n\t<meta name=\"twitter:label2\" content=\"Dur\u00e9e de lecture estim\u00e9e\" \/>\n\t<meta name=\"twitter:data2\" content=\"10 minutes\" \/>\n<script type=\"application\/ld+json\" class=\"yoast-schema-graph\">{\"@context\":\"https:\/\/schema.org\",\"@graph\":[{\"@type\":\"WebPage\",\"@id\":\"https:\/\/legsedition.net\/alel\/des-auteurs-et-des-oeuvres\/a-la-rencontre-de-mirline-pierre\/\",\"url\":\"https:\/\/legsedition.net\/alel\/des-auteurs-et-des-oeuvres\/a-la-rencontre-de-mirline-pierre\/\",\"name\":\"\u00c0 la rencontre de Mirline Pierre -\",\"isPartOf\":{\"@id\":\"https:\/\/legsedition.net\/alel\/#website\"},\"primaryImageOfPage\":{\"@id\":\"https:\/\/legsedition.net\/alel\/des-auteurs-et-des-oeuvres\/a-la-rencontre-de-mirline-pierre\/#primaryimage\"},\"image\":{\"@id\":\"https:\/\/legsedition.net\/alel\/des-auteurs-et-des-oeuvres\/a-la-rencontre-de-mirline-pierre\/#primaryimage\"},\"thumbnailUrl\":\"https:\/\/legsedition.net\/alel\/wp-content\/uploads\/2024\/11\/Mirline-PIERRE_LEGS-EDITION-mode.jpg\",\"datePublished\":\"2024-12-01T05:41:17+00:00\",\"dateModified\":\"2025-05-14T11:43:11+00:00\",\"author\":{\"@id\":\"https:\/\/legsedition.net\/alel\/#\/schema\/person\/8ff278d7100b1ed912c70e2cc1fc3ac9\"},\"description\":\"Dans ce dossier, nous vous invitons \u00e0 d\u00e9couvrir l'autrice Mirline Pierre, chroniqueuse litt\u00e9raire, enseignante, nouvelliste et \u00e9ditrice.\",\"breadcrumb\":{\"@id\":\"https:\/\/legsedition.net\/alel\/des-auteurs-et-des-oeuvres\/a-la-rencontre-de-mirline-pierre\/#breadcrumb\"},\"inLanguage\":\"fr-FR\",\"potentialAction\":[{\"@type\":\"ReadAction\",\"target\":[\"https:\/\/legsedition.net\/alel\/des-auteurs-et-des-oeuvres\/a-la-rencontre-de-mirline-pierre\/\"]}]},{\"@type\":\"ImageObject\",\"inLanguage\":\"fr-FR\",\"@id\":\"https:\/\/legsedition.net\/alel\/des-auteurs-et-des-oeuvres\/a-la-rencontre-de-mirline-pierre\/#primaryimage\",\"url\":\"https:\/\/legsedition.net\/alel\/wp-content\/uploads\/2024\/11\/Mirline-PIERRE_LEGS-EDITION-mode.jpg\",\"contentUrl\":\"https:\/\/legsedition.net\/alel\/wp-content\/uploads\/2024\/11\/Mirline-PIERRE_LEGS-EDITION-mode.jpg\",\"width\":1080,\"height\":1066},{\"@type\":\"BreadcrumbList\",\"@id\":\"https:\/\/legsedition.net\/alel\/des-auteurs-et-des-oeuvres\/a-la-rencontre-de-mirline-pierre\/#breadcrumb\",\"itemListElement\":[{\"@type\":\"ListItem\",\"position\":1,\"name\":\"Accueil\",\"item\":\"https:\/\/legsedition.net\/alel\/\"},{\"@type\":\"ListItem\",\"position\":2,\"name\":\"\u00c0 la rencontre de Mirline Pierre\"}]},{\"@type\":\"WebSite\",\"@id\":\"https:\/\/legsedition.net\/alel\/#website\",\"url\":\"https:\/\/legsedition.net\/alel\/\",\"name\":\"\",\"description\":\"\",\"potentialAction\":[{\"@type\":\"SearchAction\",\"target\":{\"@type\":\"EntryPoint\",\"urlTemplate\":\"https:\/\/legsedition.net\/alel\/?s={search_term_string}\"},\"query-input\":{\"@type\":\"PropertyValueSpecification\",\"valueRequired\":true,\"valueName\":\"search_term_string\"}}],\"inLanguage\":\"fr-FR\"},{\"@type\":\"Person\",\"@id\":\"https:\/\/legsedition.net\/alel\/#\/schema\/person\/8ff278d7100b1ed912c70e2cc1fc3ac9\",\"name\":\"alel\",\"image\":{\"@type\":\"ImageObject\",\"inLanguage\":\"fr-FR\",\"@id\":\"https:\/\/legsedition.net\/alel\/#\/schema\/person\/image\/\",\"url\":\"https:\/\/secure.gravatar.com\/avatar\/8e31507d2efb3bddbe8428b9a236442b?s=96&d=mm&r=g\",\"contentUrl\":\"https:\/\/secure.gravatar.com\/avatar\/8e31507d2efb3bddbe8428b9a236442b?s=96&d=mm&r=g\",\"caption\":\"alel\"},\"url\":\"https:\/\/legsedition.net\/alel\/author\/djason_2015\/\"}]}<\/script>\n<!-- \/ Yoast SEO plugin. -->","yoast_head_json":{"title":"\u00c0 la rencontre de Mirline Pierre -","description":"Dans ce dossier, nous vous invitons \u00e0 d\u00e9couvrir l'autrice Mirline Pierre, chroniqueuse litt\u00e9raire, enseignante, nouvelliste et \u00e9ditrice.","robots":{"index":"index","follow":"follow","max-snippet":"max-snippet:-1","max-image-preview":"max-image-preview:large","max-video-preview":"max-video-preview:-1"},"canonical":"https:\/\/legsedition.net\/alel\/des-auteurs-et-des-oeuvres\/a-la-rencontre-de-mirline-pierre\/","og_locale":"fr_FR","og_type":"article","og_title":"\u00c0 la rencontre de Mirline Pierre -","og_description":"Dans ce dossier, nous vous invitons \u00e0 d\u00e9couvrir l'autrice Mirline Pierre, chroniqueuse litt\u00e9raire, enseignante, nouvelliste et \u00e9ditrice.","og_url":"https:\/\/legsedition.net\/alel\/des-auteurs-et-des-oeuvres\/a-la-rencontre-de-mirline-pierre\/","article_published_time":"2024-12-01T05:41:17+00:00","article_modified_time":"2025-05-14T11:43:11+00:00","og_image":[{"width":1080,"height":1066,"url":"http:\/\/legsedition.net\/alel\/wp-content\/uploads\/2024\/11\/Mirline-PIERRE_LEGS-EDITION-mode.jpg","type":"image\/jpeg"}],"author":"alel","twitter_card":"summary_large_image","twitter_misc":{"\u00c9crit par":"alel","Dur\u00e9e de lecture estim\u00e9e":"10 minutes"},"schema":{"@context":"https:\/\/schema.org","@graph":[{"@type":"WebPage","@id":"https:\/\/legsedition.net\/alel\/des-auteurs-et-des-oeuvres\/a-la-rencontre-de-mirline-pierre\/","url":"https:\/\/legsedition.net\/alel\/des-auteurs-et-des-oeuvres\/a-la-rencontre-de-mirline-pierre\/","name":"\u00c0 la rencontre de Mirline Pierre -","isPartOf":{"@id":"https:\/\/legsedition.net\/alel\/#website"},"primaryImageOfPage":{"@id":"https:\/\/legsedition.net\/alel\/des-auteurs-et-des-oeuvres\/a-la-rencontre-de-mirline-pierre\/#primaryimage"},"image":{"@id":"https:\/\/legsedition.net\/alel\/des-auteurs-et-des-oeuvres\/a-la-rencontre-de-mirline-pierre\/#primaryimage"},"thumbnailUrl":"https:\/\/legsedition.net\/alel\/wp-content\/uploads\/2024\/11\/Mirline-PIERRE_LEGS-EDITION-mode.jpg","datePublished":"2024-12-01T05:41:17+00:00","dateModified":"2025-05-14T11:43:11+00:00","author":{"@id":"https:\/\/legsedition.net\/alel\/#\/schema\/person\/8ff278d7100b1ed912c70e2cc1fc3ac9"},"description":"Dans ce dossier, nous vous invitons \u00e0 d\u00e9couvrir l'autrice Mirline Pierre, chroniqueuse litt\u00e9raire, enseignante, nouvelliste et \u00e9ditrice.","breadcrumb":{"@id":"https:\/\/legsedition.net\/alel\/des-auteurs-et-des-oeuvres\/a-la-rencontre-de-mirline-pierre\/#breadcrumb"},"inLanguage":"fr-FR","potentialAction":[{"@type":"ReadAction","target":["https:\/\/legsedition.net\/alel\/des-auteurs-et-des-oeuvres\/a-la-rencontre-de-mirline-pierre\/"]}]},{"@type":"ImageObject","inLanguage":"fr-FR","@id":"https:\/\/legsedition.net\/alel\/des-auteurs-et-des-oeuvres\/a-la-rencontre-de-mirline-pierre\/#primaryimage","url":"https:\/\/legsedition.net\/alel\/wp-content\/uploads\/2024\/11\/Mirline-PIERRE_LEGS-EDITION-mode.jpg","contentUrl":"https:\/\/legsedition.net\/alel\/wp-content\/uploads\/2024\/11\/Mirline-PIERRE_LEGS-EDITION-mode.jpg","width":1080,"height":1066},{"@type":"BreadcrumbList","@id":"https:\/\/legsedition.net\/alel\/des-auteurs-et-des-oeuvres\/a-la-rencontre-de-mirline-pierre\/#breadcrumb","itemListElement":[{"@type":"ListItem","position":1,"name":"Accueil","item":"https:\/\/legsedition.net\/alel\/"},{"@type":"ListItem","position":2,"name":"\u00c0 la rencontre de Mirline Pierre"}]},{"@type":"WebSite","@id":"https:\/\/legsedition.net\/alel\/#website","url":"https:\/\/legsedition.net\/alel\/","name":"","description":"","potentialAction":[{"@type":"SearchAction","target":{"@type":"EntryPoint","urlTemplate":"https:\/\/legsedition.net\/alel\/?s={search_term_string}"},"query-input":{"@type":"PropertyValueSpecification","valueRequired":true,"valueName":"search_term_string"}}],"inLanguage":"fr-FR"},{"@type":"Person","@id":"https:\/\/legsedition.net\/alel\/#\/schema\/person\/8ff278d7100b1ed912c70e2cc1fc3ac9","name":"alel","image":{"@type":"ImageObject","inLanguage":"fr-FR","@id":"https:\/\/legsedition.net\/alel\/#\/schema\/person\/image\/","url":"https:\/\/secure.gravatar.com\/avatar\/8e31507d2efb3bddbe8428b9a236442b?s=96&d=mm&r=g","contentUrl":"https:\/\/secure.gravatar.com\/avatar\/8e31507d2efb3bddbe8428b9a236442b?s=96&d=mm&r=g","caption":"alel"},"url":"https:\/\/legsedition.net\/alel\/author\/djason_2015\/"}]}},"_links":{"self":[{"href":"https:\/\/legsedition.net\/alel\/wp-json\/wp\/v2\/posts\/1415"}],"collection":[{"href":"https:\/\/legsedition.net\/alel\/wp-json\/wp\/v2\/posts"}],"about":[{"href":"https:\/\/legsedition.net\/alel\/wp-json\/wp\/v2\/types\/post"}],"author":[{"embeddable":true,"href":"https:\/\/legsedition.net\/alel\/wp-json\/wp\/v2\/users\/2"}],"replies":[{"embeddable":true,"href":"https:\/\/legsedition.net\/alel\/wp-json\/wp\/v2\/comments?post=1415"}],"version-history":[{"count":63,"href":"https:\/\/legsedition.net\/alel\/wp-json\/wp\/v2\/posts\/1415\/revisions"}],"predecessor-version":[{"id":1858,"href":"https:\/\/legsedition.net\/alel\/wp-json\/wp\/v2\/posts\/1415\/revisions\/1858"}],"wp:featuredmedia":[{"embeddable":true,"href":"https:\/\/legsedition.net\/alel\/wp-json\/wp\/v2\/media\/1418"}],"wp:attachment":[{"href":"https:\/\/legsedition.net\/alel\/wp-json\/wp\/v2\/media?parent=1415"}],"wp:term":[{"taxonomy":"category","embeddable":true,"href":"https:\/\/legsedition.net\/alel\/wp-json\/wp\/v2\/categories?post=1415"},{"taxonomy":"post_tag","embeddable":true,"href":"https:\/\/legsedition.net\/alel\/wp-json\/wp\/v2\/tags?post=1415"}],"curies":[{"name":"wp","href":"https:\/\/api.w.org\/{rel}","templated":true}]}}