{"id":168,"date":"2017-06-16T11:32:22","date_gmt":"2017-06-16T11:32:22","guid":{"rendered":"http:\/\/legsedition.net\/alel\/?p=168"},"modified":"2018-08-15T01:57:57","modified_gmt":"2018-08-15T01:57:57","slug":"institution-educative-dame","status":"publish","type":"post","link":"https:\/\/legsedition.net\/alel\/uncategorized\/institution-educative-dame\/","title":{"rendered":"Institution \u00c9ducative Notre Dame"},"content":{"rendered":"<p style=\"text-align: justify;\">L\u2019INEND, une institution catholique mixte fond\u00e9e en 2013 et autoris\u00e9e \u00e0 fonctionner par le Minist\u00e8re de l\u2019Education Nationale et de la Formation Professionnelle MENFP. Elle est situ\u00e9e au num\u00e9ro 68, Tabarre 68, Blvd 15 Octobre et re\u00e7oit les \u00e9l\u00e8ves pour les classes pr\u00e9scolaires, fondamentales et secondaires ainsi qu&rsquo;une garderie. Elle compte \u00e9tendre son offre de service \u00e9ducatif jusqu\u2019au niveau Universitaire.<\/p>\n<p style=\"text-align: justify;\"><a href=\"http:\/\/www.inend.ht\/index.php\" target=\"_blank\">http:\/\/www.inend.ht\/index.php\u00a0<\/a><\/p>\n","protected":false},"excerpt":{"rendered":"<p>L\u2019INEND, une institution catholique mixte fond\u00e9e en 2013 et autoris\u00e9e \u00e0 fonctionner par le Minist\u00e8re de l\u2019Education Nationale et de la Formation Professionnelle MENFP. Elle est situ\u00e9e au num\u00e9ro 68, Tabarre 68, Blvd 15 Octobre et re\u00e7oit les \u00e9l\u00e8ves pour les classes pr\u00e9scolaires, fondamentales et secondaires ainsi qu&rsquo;une garderie. Elle&#8230; <a class=\"continue-reading-link\" href=\"https:\/\/legsedition.net\/alel\/uncategorized\/institution-educative-dame\/\">Lire la suite <span class=\"meta-nav\">&rarr; <\/span><\/a><\/p>\n","protected":false},"author":2,"featured_media":173,"comment_status":"open","ping_status":"open","sticky":false,"template":"","format":"standard","meta":{"_editorskit_title_hidden":false,"_editorskit_reading_time":0,"_editorskit_is_block_options_detached":false,"_editorskit_block_options_position":"{}","footnotes":""},"categories":[1],"tags":[],"class_list":["post-168","post","type-post","status-publish","format-standard","has-post-thumbnail","hentry","category-uncategorized"],"yoast_head":"<!-- This site is optimized with the Yoast SEO plugin v25.0 - https:\/\/yoast.com\/wordpress\/plugins\/seo\/ -->\n<title>Institution \u00c9ducative Notre Dame -<\/title>\n<meta name=\"robots\" content=\"index, follow, max-snippet:-1, max-image-preview:large, max-video-preview:-1\" \/>\n<link rel=\"canonical\" href=\"https:\/\/legsedition.net\/alel\/uncategorized\/institution-educative-dame\/\" \/>\n<meta property=\"og:locale\" content=\"fr_FR\" \/>\n<meta property=\"og:type\" content=\"article\" \/>\n<meta property=\"og:title\" content=\"Institution \u00c9ducative Notre Dame -\" \/>\n<meta property=\"og:description\" content=\"L\u2019INEND, une institution catholique mixte fond\u00e9e en 2013 et autoris\u00e9e \u00e0 fonctionner par le Minist\u00e8re de l\u2019Education Nationale et de la Formation Professionnelle MENFP. Elle est situ\u00e9e au num\u00e9ro 68, Tabarre 68, Blvd 15 Octobre et re\u00e7oit les \u00e9l\u00e8ves pour les classes pr\u00e9scolaires, fondamentales et secondaires ainsi qu&rsquo;une garderie. Elle... Lire la suite &rarr;\" \/>\n<meta property=\"og:url\" content=\"https:\/\/legsedition.net\/alel\/uncategorized\/institution-educative-dame\/\" \/>\n<meta property=\"article:published_time\" content=\"2017-06-16T11:32:22+00:00\" \/>\n<meta property=\"article:modified_time\" content=\"2018-08-15T01:57:57+00:00\" \/>\n<meta property=\"og:image\" content=\"https:\/\/legsedition.net\/alel\/wp-content\/uploads\/2017\/06\/INEND-Logo.jpg\" \/>\n\t<meta property=\"og:image:width\" content=\"799\" \/>\n\t<meta property=\"og:image:height\" content=\"768\" \/>\n\t<meta property=\"og:image:type\" content=\"image\/jpeg\" \/>\n<meta name=\"author\" content=\"alel\" \/>\n<meta name=\"twitter:card\" content=\"summary_large_image\" \/>\n<meta name=\"twitter:label1\" content=\"\u00c9crit par\" \/>\n\t<meta name=\"twitter:data1\" content=\"alel\" \/>\n<script type=\"application\/ld+json\" class=\"yoast-schema-graph\">{\"@context\":\"https:\/\/schema.org\",\"@graph\":[{\"@type\":\"WebPage\",\"@id\":\"https:\/\/legsedition.net\/alel\/uncategorized\/institution-educative-dame\/\",\"url\":\"https:\/\/legsedition.net\/alel\/uncategorized\/institution-educative-dame\/\",\"name\":\"Institution \u00c9ducative Notre Dame -\",\"isPartOf\":{\"@id\":\"https:\/\/legsedition.net\/alel\/#website\"},\"primaryImageOfPage\":{\"@id\":\"https:\/\/legsedition.net\/alel\/uncategorized\/institution-educative-dame\/#primaryimage\"},\"image\":{\"@id\":\"https:\/\/legsedition.net\/alel\/uncategorized\/institution-educative-dame\/#primaryimage\"},\"thumbnailUrl\":\"https:\/\/legsedition.net\/alel\/wp-content\/uploads\/2017\/06\/INEND-Logo.jpg\",\"datePublished\":\"2017-06-16T11:32:22+00:00\",\"dateModified\":\"2018-08-15T01:57:57+00:00\",\"author\":{\"@id\":\"https:\/\/legsedition.net\/alel\/#\/schema\/person\/8ff278d7100b1ed912c70e2cc1fc3ac9\"},\"breadcrumb\":{\"@id\":\"https:\/\/legsedition.net\/alel\/uncategorized\/institution-educative-dame\/#breadcrumb\"},\"inLanguage\":\"fr-FR\",\"potentialAction\":[{\"@type\":\"ReadAction\",\"target\":[\"https:\/\/legsedition.net\/alel\/uncategorized\/institution-educative-dame\/\"]}]},{\"@type\":\"ImageObject\",\"inLanguage\":\"fr-FR\",\"@id\":\"https:\/\/legsedition.net\/alel\/uncategorized\/institution-educative-dame\/#primaryimage\",\"url\":\"https:\/\/legsedition.net\/alel\/wp-content\/uploads\/2017\/06\/INEND-Logo.jpg\",\"contentUrl\":\"https:\/\/legsedition.net\/alel\/wp-content\/uploads\/2017\/06\/INEND-Logo.jpg\",\"width\":799,\"height\":768},{\"@type\":\"BreadcrumbList\",\"@id\":\"https:\/\/legsedition.net\/alel\/uncategorized\/institution-educative-dame\/#breadcrumb\",\"itemListElement\":[{\"@type\":\"ListItem\",\"position\":1,\"name\":\"Accueil\",\"item\":\"https:\/\/legsedition.net\/alel\/\"},{\"@type\":\"ListItem\",\"position\":2,\"name\":\"Institution \u00c9ducative Notre Dame\"}]},{\"@type\":\"WebSite\",\"@id\":\"https:\/\/legsedition.net\/alel\/#website\",\"url\":\"https:\/\/legsedition.net\/alel\/\",\"name\":\"\",\"description\":\"\",\"potentialAction\":[{\"@type\":\"SearchAction\",\"target\":{\"@type\":\"EntryPoint\",\"urlTemplate\":\"https:\/\/legsedition.net\/alel\/?s={search_term_string}\"},\"query-input\":{\"@type\":\"PropertyValueSpecification\",\"valueRequired\":true,\"valueName\":\"search_term_string\"}}],\"inLanguage\":\"fr-FR\"},{\"@type\":\"Person\",\"@id\":\"https:\/\/legsedition.net\/alel\/#\/schema\/person\/8ff278d7100b1ed912c70e2cc1fc3ac9\",\"name\":\"alel\",\"image\":{\"@type\":\"ImageObject\",\"inLanguage\":\"fr-FR\",\"@id\":\"https:\/\/legsedition.net\/alel\/#\/schema\/person\/image\/\",\"url\":\"https:\/\/secure.gravatar.com\/avatar\/8e31507d2efb3bddbe8428b9a236442b?s=96&d=mm&r=g\",\"contentUrl\":\"https:\/\/secure.gravatar.com\/avatar\/8e31507d2efb3bddbe8428b9a236442b?s=96&d=mm&r=g\",\"caption\":\"alel\"},\"url\":\"https:\/\/legsedition.net\/alel\/author\/djason_2015\/\"}]}<\/script>\n<!-- \/ Yoast SEO plugin. -->","yoast_head_json":{"title":"Institution \u00c9ducative Notre Dame -","robots":{"index":"index","follow":"follow","max-snippet":"max-snippet:-1","max-image-preview":"max-image-preview:large","max-video-preview":"max-video-preview:-1"},"canonical":"https:\/\/legsedition.net\/alel\/uncategorized\/institution-educative-dame\/","og_locale":"fr_FR","og_type":"article","og_title":"Institution \u00c9ducative Notre Dame -","og_description":"L\u2019INEND, une institution catholique mixte fond\u00e9e en 2013 et autoris\u00e9e \u00e0 fonctionner par le Minist\u00e8re de l\u2019Education Nationale et de la Formation Professionnelle MENFP. Elle est situ\u00e9e au num\u00e9ro 68, Tabarre 68, Blvd 15 Octobre et re\u00e7oit les \u00e9l\u00e8ves pour les classes pr\u00e9scolaires, fondamentales et secondaires ainsi qu&rsquo;une garderie. Elle... Lire la suite &rarr;","og_url":"https:\/\/legsedition.net\/alel\/uncategorized\/institution-educative-dame\/","article_published_time":"2017-06-16T11:32:22+00:00","article_modified_time":"2018-08-15T01:57:57+00:00","og_image":[{"width":799,"height":768,"url":"https:\/\/legsedition.net\/alel\/wp-content\/uploads\/2017\/06\/INEND-Logo.jpg","type":"image\/jpeg"}],"author":"alel","twitter_card":"summary_large_image","twitter_misc":{"\u00c9crit par":"alel"},"schema":{"@context":"https:\/\/schema.org","@graph":[{"@type":"WebPage","@id":"https:\/\/legsedition.net\/alel\/uncategorized\/institution-educative-dame\/","url":"https:\/\/legsedition.net\/alel\/uncategorized\/institution-educative-dame\/","name":"Institution \u00c9ducative Notre Dame -","isPartOf":{"@id":"https:\/\/legsedition.net\/alel\/#website"},"primaryImageOfPage":{"@id":"https:\/\/legsedition.net\/alel\/uncategorized\/institution-educative-dame\/#primaryimage"},"image":{"@id":"https:\/\/legsedition.net\/alel\/uncategorized\/institution-educative-dame\/#primaryimage"},"thumbnailUrl":"https:\/\/legsedition.net\/alel\/wp-content\/uploads\/2017\/06\/INEND-Logo.jpg","datePublished":"2017-06-16T11:32:22+00:00","dateModified":"2018-08-15T01:57:57+00:00","author":{"@id":"https:\/\/legsedition.net\/alel\/#\/schema\/person\/8ff278d7100b1ed912c70e2cc1fc3ac9"},"breadcrumb":{"@id":"https:\/\/legsedition.net\/alel\/uncategorized\/institution-educative-dame\/#breadcrumb"},"inLanguage":"fr-FR","potentialAction":[{"@type":"ReadAction","target":["https:\/\/legsedition.net\/alel\/uncategorized\/institution-educative-dame\/"]}]},{"@type":"ImageObject","inLanguage":"fr-FR","@id":"https:\/\/legsedition.net\/alel\/uncategorized\/institution-educative-dame\/#primaryimage","url":"https:\/\/legsedition.net\/alel\/wp-content\/uploads\/2017\/06\/INEND-Logo.jpg","contentUrl":"https:\/\/legsedition.net\/alel\/wp-content\/uploads\/2017\/06\/INEND-Logo.jpg","width":799,"height":768},{"@type":"BreadcrumbList","@id":"https:\/\/legsedition.net\/alel\/uncategorized\/institution-educative-dame\/#breadcrumb","itemListElement":[{"@type":"ListItem","position":1,"name":"Accueil","item":"https:\/\/legsedition.net\/alel\/"},{"@type":"ListItem","position":2,"name":"Institution \u00c9ducative Notre Dame"}]},{"@type":"WebSite","@id":"https:\/\/legsedition.net\/alel\/#website","url":"https:\/\/legsedition.net\/alel\/","name":"","description":"","potentialAction":[{"@type":"SearchAction","target":{"@type":"EntryPoint","urlTemplate":"https:\/\/legsedition.net\/alel\/?s={search_term_string}"},"query-input":{"@type":"PropertyValueSpecification","valueRequired":true,"valueName":"search_term_string"}}],"inLanguage":"fr-FR"},{"@type":"Person","@id":"https:\/\/legsedition.net\/alel\/#\/schema\/person\/8ff278d7100b1ed912c70e2cc1fc3ac9","name":"alel","image":{"@type":"ImageObject","inLanguage":"fr-FR","@id":"https:\/\/legsedition.net\/alel\/#\/schema\/person\/image\/","url":"https:\/\/secure.gravatar.com\/avatar\/8e31507d2efb3bddbe8428b9a236442b?s=96&d=mm&r=g","contentUrl":"https:\/\/secure.gravatar.com\/avatar\/8e31507d2efb3bddbe8428b9a236442b?s=96&d=mm&r=g","caption":"alel"},"url":"https:\/\/legsedition.net\/alel\/author\/djason_2015\/"}]}},"_links":{"self":[{"href":"https:\/\/legsedition.net\/alel\/wp-json\/wp\/v2\/posts\/168"}],"collection":[{"href":"https:\/\/legsedition.net\/alel\/wp-json\/wp\/v2\/posts"}],"about":[{"href":"https:\/\/legsedition.net\/alel\/wp-json\/wp\/v2\/types\/post"}],"author":[{"embeddable":true,"href":"https:\/\/legsedition.net\/alel\/wp-json\/wp\/v2\/users\/2"}],"replies":[{"embeddable":true,"href":"https:\/\/legsedition.net\/alel\/wp-json\/wp\/v2\/comments?post=168"}],"version-history":[{"count":3,"href":"https:\/\/legsedition.net\/alel\/wp-json\/wp\/v2\/posts\/168\/revisions"}],"predecessor-version":[{"id":171,"href":"https:\/\/legsedition.net\/alel\/wp-json\/wp\/v2\/posts\/168\/revisions\/171"}],"wp:featuredmedia":[{"embeddable":true,"href":"https:\/\/legsedition.net\/alel\/wp-json\/wp\/v2\/media\/173"}],"wp:attachment":[{"href":"https:\/\/legsedition.net\/alel\/wp-json\/wp\/v2\/media?parent=168"}],"wp:term":[{"taxonomy":"category","embeddable":true,"href":"https:\/\/legsedition.net\/alel\/wp-json\/wp\/v2\/categories?post=168"},{"taxonomy":"post_tag","embeddable":true,"href":"https:\/\/legsedition.net\/alel\/wp-json\/wp\/v2\/tags?post=168"}],"curies":[{"name":"wp","href":"https:\/\/api.w.org\/{rel}","templated":true}]}}