{"id":1891,"date":"2026-04-27T20:41:29","date_gmt":"2026-04-27T20:41:29","guid":{"rendered":"https:\/\/legsedition.net\/alel\/?p=1891"},"modified":"2026-04-26T20:44:52","modified_gmt":"2026-04-26T20:44:52","slug":"du-pouvoir-de-la-litterature-et-des-crises-legs-et-litterature-no22","status":"publish","type":"post","link":"https:\/\/legsedition.net\/alel\/associationlegsetlitterature\/actualites\/du-pouvoir-de-la-litterature-et-des-crises-legs-et-litterature-no22\/","title":{"rendered":"Du pouvoir de la litt\u00e9rature et des crises. Legs et Litt\u00e9rature no22"},"content":{"rendered":"<div class=\"wp-block-image\">\n<figure class=\"alignleft is-resized\"><a href=\"https:\/\/legsedition.net\/public\/wp-content\/uploads\/2026\/04\/cover-legs-23.png\"><img decoding=\"async\" src=\"https:\/\/legsedition.net\/public\/wp-content\/uploads\/2026\/04\/cover-legs-23.png\" alt=\"\" class=\"wp-image-9456\" style=\"width:250px;height:auto\"\/><\/a><\/figure><\/div>\n\n\n<p style=\"text-align: justify;\">Sous la direction de la chercheuse Mirline Pierre, ce nouveau volume se donne comme principale fonction de questionner et de discuter le ou les pouvoirs de la litt\u00e9rature et ce qu\u2019elle offre \u00e0 entendre et \u00e0 comprendre dans les p\u00e9riodes de crises. En adoptant une perspective se focalisant sur les m\u00e9canismes qui constituent le fondement des relations entre le factuel et la fiction, le r\u00e9el et l\u2019imaginaire dans les communaut\u00e9s humaines, il offre des outils d\u2019analyse pour d\u00e9gager une compr\u00e9hension de ce que la fiction fait des ph\u00e9nom\u00e8nes qui impactent la vie sociale\u2026[<a href=\"https:\/\/lenouvelliste.com\/article\/266617\/du-pouvoir-de-la-litterature-et-des-crises-legs-et-litterature-no22\" target=\"_blank\" rel=\"noreferrer noopener\">Lire la suite<\/a>]<\/p>\n\n\n\n<p>Dieulermesson Petit Fr\u00e8re,&nbsp;<em>Le Nouvelliste,&nbsp;<\/em>24 avril 2025. [<a href=\"https:\/\/legsedition.net\/public\/wp-content\/uploads\/2026\/04\/Legs-et-Litterature-no-22_Le-nouvelliste.pdf\" target=\"_blank\" rel=\"noreferrer noopener\">Lire l\u2019article au format PDF<\/a>]<\/p>\n","protected":false},"excerpt":{"rendered":"<p>Sous la direction de la chercheuse Mirline Pierre, ce nouveau volume se donne comme principale fonction de questionner et de discuter le ou les pouvoirs de la litt\u00e9rature et ce qu\u2019elle offre \u00e0 entendre et \u00e0 comprendre dans les p\u00e9riodes de crises. En adoptant une perspective se focalisant sur les&#8230; <a class=\"continue-reading-link\" href=\"https:\/\/legsedition.net\/alel\/associationlegsetlitterature\/actualites\/du-pouvoir-de-la-litterature-et-des-crises-legs-et-litterature-no22\/\">Lire la suite <span class=\"meta-nav\">&rarr; <\/span><\/a><\/p>\n","protected":false},"author":2,"featured_media":1892,"comment_status":"open","ping_status":"open","sticky":false,"template":"","format":"standard","meta":{"_editorskit_title_hidden":false,"_editorskit_reading_time":0,"_editorskit_is_block_options_detached":false,"_editorskit_block_options_position":"{}","footnotes":""},"categories":[22,21],"tags":[],"class_list":["post-1891","post","type-post","status-publish","format-standard","has-post-thumbnail","hentry","category-actualites","category-revuedepresse"],"yoast_head":"<!-- This site is optimized with the Yoast SEO plugin v25.0 - https:\/\/yoast.com\/wordpress\/plugins\/seo\/ -->\n<title>Du pouvoir de la litt\u00e9rature et des crises. Legs et Litt\u00e9rature no22 -<\/title>\n<meta name=\"robots\" content=\"index, follow, max-snippet:-1, max-image-preview:large, max-video-preview:-1\" \/>\n<link rel=\"canonical\" href=\"https:\/\/legsedition.net\/alel\/associationlegsetlitterature\/actualites\/du-pouvoir-de-la-litterature-et-des-crises-legs-et-litterature-no22\/\" \/>\n<meta property=\"og:locale\" content=\"fr_FR\" \/>\n<meta property=\"og:type\" content=\"article\" \/>\n<meta property=\"og:title\" content=\"Du pouvoir de la litt\u00e9rature et des crises. Legs et Litt\u00e9rature no22 -\" \/>\n<meta property=\"og:description\" content=\"Sous la direction de la chercheuse Mirline Pierre, ce nouveau volume se donne comme principale fonction de questionner et de discuter le ou les pouvoirs de la litt\u00e9rature et ce qu\u2019elle offre \u00e0 entendre et \u00e0 comprendre dans les p\u00e9riodes de crises. En adoptant une perspective se focalisant sur les... Lire la suite &rarr;\" \/>\n<meta property=\"og:url\" content=\"https:\/\/legsedition.net\/alel\/associationlegsetlitterature\/actualites\/du-pouvoir-de-la-litterature-et-des-crises-legs-et-litterature-no22\/\" \/>\n<meta property=\"article:published_time\" content=\"2026-04-27T20:41:29+00:00\" \/>\n<meta property=\"og:image\" content=\"https:\/\/legsedition.net\/alel\/wp-content\/uploads\/2026\/04\/cover-legs-23.png\" \/>\n\t<meta property=\"og:image:width\" content=\"577\" \/>\n\t<meta property=\"og:image:height\" content=\"863\" \/>\n\t<meta property=\"og:image:type\" content=\"image\/png\" \/>\n<meta name=\"author\" content=\"alel\" \/>\n<meta name=\"twitter:card\" content=\"summary_large_image\" \/>\n<meta name=\"twitter:label1\" content=\"\u00c9crit par\" \/>\n\t<meta name=\"twitter:data1\" content=\"alel\" \/>\n\t<meta name=\"twitter:label2\" content=\"Dur\u00e9e de lecture estim\u00e9e\" \/>\n\t<meta name=\"twitter:data2\" content=\"1 minute\" \/>\n<script type=\"application\/ld+json\" class=\"yoast-schema-graph\">{\"@context\":\"https:\/\/schema.org\",\"@graph\":[{\"@type\":\"WebPage\",\"@id\":\"https:\/\/legsedition.net\/alel\/associationlegsetlitterature\/actualites\/du-pouvoir-de-la-litterature-et-des-crises-legs-et-litterature-no22\/\",\"url\":\"https:\/\/legsedition.net\/alel\/associationlegsetlitterature\/actualites\/du-pouvoir-de-la-litterature-et-des-crises-legs-et-litterature-no22\/\",\"name\":\"Du pouvoir de la litt\u00e9rature et des crises. Legs et Litt\u00e9rature no22 -\",\"isPartOf\":{\"@id\":\"https:\/\/legsedition.net\/alel\/#website\"},\"primaryImageOfPage\":{\"@id\":\"https:\/\/legsedition.net\/alel\/associationlegsetlitterature\/actualites\/du-pouvoir-de-la-litterature-et-des-crises-legs-et-litterature-no22\/#primaryimage\"},\"image\":{\"@id\":\"https:\/\/legsedition.net\/alel\/associationlegsetlitterature\/actualites\/du-pouvoir-de-la-litterature-et-des-crises-legs-et-litterature-no22\/#primaryimage\"},\"thumbnailUrl\":\"https:\/\/legsedition.net\/alel\/wp-content\/uploads\/2026\/04\/cover-legs-23.png\",\"datePublished\":\"2026-04-27T20:41:29+00:00\",\"author\":{\"@id\":\"https:\/\/legsedition.net\/alel\/#\/schema\/person\/8ff278d7100b1ed912c70e2cc1fc3ac9\"},\"breadcrumb\":{\"@id\":\"https:\/\/legsedition.net\/alel\/associationlegsetlitterature\/actualites\/du-pouvoir-de-la-litterature-et-des-crises-legs-et-litterature-no22\/#breadcrumb\"},\"inLanguage\":\"fr-FR\",\"potentialAction\":[{\"@type\":\"ReadAction\",\"target\":[\"https:\/\/legsedition.net\/alel\/associationlegsetlitterature\/actualites\/du-pouvoir-de-la-litterature-et-des-crises-legs-et-litterature-no22\/\"]}]},{\"@type\":\"ImageObject\",\"inLanguage\":\"fr-FR\",\"@id\":\"https:\/\/legsedition.net\/alel\/associationlegsetlitterature\/actualites\/du-pouvoir-de-la-litterature-et-des-crises-legs-et-litterature-no22\/#primaryimage\",\"url\":\"https:\/\/legsedition.net\/alel\/wp-content\/uploads\/2026\/04\/cover-legs-23.png\",\"contentUrl\":\"https:\/\/legsedition.net\/alel\/wp-content\/uploads\/2026\/04\/cover-legs-23.png\",\"width\":577,\"height\":863},{\"@type\":\"BreadcrumbList\",\"@id\":\"https:\/\/legsedition.net\/alel\/associationlegsetlitterature\/actualites\/du-pouvoir-de-la-litterature-et-des-crises-legs-et-litterature-no22\/#breadcrumb\",\"itemListElement\":[{\"@type\":\"ListItem\",\"position\":1,\"name\":\"Accueil\",\"item\":\"https:\/\/legsedition.net\/alel\/\"},{\"@type\":\"ListItem\",\"position\":2,\"name\":\"Du pouvoir de la litt\u00e9rature et des crises. Legs et Litt\u00e9rature no22\"}]},{\"@type\":\"WebSite\",\"@id\":\"https:\/\/legsedition.net\/alel\/#website\",\"url\":\"https:\/\/legsedition.net\/alel\/\",\"name\":\"\",\"description\":\"\",\"potentialAction\":[{\"@type\":\"SearchAction\",\"target\":{\"@type\":\"EntryPoint\",\"urlTemplate\":\"https:\/\/legsedition.net\/alel\/?s={search_term_string}\"},\"query-input\":{\"@type\":\"PropertyValueSpecification\",\"valueRequired\":true,\"valueName\":\"search_term_string\"}}],\"inLanguage\":\"fr-FR\"},{\"@type\":\"Person\",\"@id\":\"https:\/\/legsedition.net\/alel\/#\/schema\/person\/8ff278d7100b1ed912c70e2cc1fc3ac9\",\"name\":\"alel\",\"image\":{\"@type\":\"ImageObject\",\"inLanguage\":\"fr-FR\",\"@id\":\"https:\/\/legsedition.net\/alel\/#\/schema\/person\/image\/\",\"url\":\"https:\/\/secure.gravatar.com\/avatar\/8e31507d2efb3bddbe8428b9a236442b?s=96&d=mm&r=g\",\"contentUrl\":\"https:\/\/secure.gravatar.com\/avatar\/8e31507d2efb3bddbe8428b9a236442b?s=96&d=mm&r=g\",\"caption\":\"alel\"},\"url\":\"https:\/\/legsedition.net\/alel\/author\/djason_2015\/\"}]}<\/script>\n<!-- \/ Yoast SEO plugin. -->","yoast_head_json":{"title":"Du pouvoir de la litt\u00e9rature et des crises. Legs et Litt\u00e9rature no22 -","robots":{"index":"index","follow":"follow","max-snippet":"max-snippet:-1","max-image-preview":"max-image-preview:large","max-video-preview":"max-video-preview:-1"},"canonical":"https:\/\/legsedition.net\/alel\/associationlegsetlitterature\/actualites\/du-pouvoir-de-la-litterature-et-des-crises-legs-et-litterature-no22\/","og_locale":"fr_FR","og_type":"article","og_title":"Du pouvoir de la litt\u00e9rature et des crises. Legs et Litt\u00e9rature no22 -","og_description":"Sous la direction de la chercheuse Mirline Pierre, ce nouveau volume se donne comme principale fonction de questionner et de discuter le ou les pouvoirs de la litt\u00e9rature et ce qu\u2019elle offre \u00e0 entendre et \u00e0 comprendre dans les p\u00e9riodes de crises. En adoptant une perspective se focalisant sur les... Lire la suite &rarr;","og_url":"https:\/\/legsedition.net\/alel\/associationlegsetlitterature\/actualites\/du-pouvoir-de-la-litterature-et-des-crises-legs-et-litterature-no22\/","article_published_time":"2026-04-27T20:41:29+00:00","og_image":[{"width":577,"height":863,"url":"https:\/\/legsedition.net\/alel\/wp-content\/uploads\/2026\/04\/cover-legs-23.png","type":"image\/png"}],"author":"alel","twitter_card":"summary_large_image","twitter_misc":{"\u00c9crit par":"alel","Dur\u00e9e de lecture estim\u00e9e":"1 minute"},"schema":{"@context":"https:\/\/schema.org","@graph":[{"@type":"WebPage","@id":"https:\/\/legsedition.net\/alel\/associationlegsetlitterature\/actualites\/du-pouvoir-de-la-litterature-et-des-crises-legs-et-litterature-no22\/","url":"https:\/\/legsedition.net\/alel\/associationlegsetlitterature\/actualites\/du-pouvoir-de-la-litterature-et-des-crises-legs-et-litterature-no22\/","name":"Du pouvoir de la litt\u00e9rature et des crises. Legs et Litt\u00e9rature no22 -","isPartOf":{"@id":"https:\/\/legsedition.net\/alel\/#website"},"primaryImageOfPage":{"@id":"https:\/\/legsedition.net\/alel\/associationlegsetlitterature\/actualites\/du-pouvoir-de-la-litterature-et-des-crises-legs-et-litterature-no22\/#primaryimage"},"image":{"@id":"https:\/\/legsedition.net\/alel\/associationlegsetlitterature\/actualites\/du-pouvoir-de-la-litterature-et-des-crises-legs-et-litterature-no22\/#primaryimage"},"thumbnailUrl":"https:\/\/legsedition.net\/alel\/wp-content\/uploads\/2026\/04\/cover-legs-23.png","datePublished":"2026-04-27T20:41:29+00:00","author":{"@id":"https:\/\/legsedition.net\/alel\/#\/schema\/person\/8ff278d7100b1ed912c70e2cc1fc3ac9"},"breadcrumb":{"@id":"https:\/\/legsedition.net\/alel\/associationlegsetlitterature\/actualites\/du-pouvoir-de-la-litterature-et-des-crises-legs-et-litterature-no22\/#breadcrumb"},"inLanguage":"fr-FR","potentialAction":[{"@type":"ReadAction","target":["https:\/\/legsedition.net\/alel\/associationlegsetlitterature\/actualites\/du-pouvoir-de-la-litterature-et-des-crises-legs-et-litterature-no22\/"]}]},{"@type":"ImageObject","inLanguage":"fr-FR","@id":"https:\/\/legsedition.net\/alel\/associationlegsetlitterature\/actualites\/du-pouvoir-de-la-litterature-et-des-crises-legs-et-litterature-no22\/#primaryimage","url":"https:\/\/legsedition.net\/alel\/wp-content\/uploads\/2026\/04\/cover-legs-23.png","contentUrl":"https:\/\/legsedition.net\/alel\/wp-content\/uploads\/2026\/04\/cover-legs-23.png","width":577,"height":863},{"@type":"BreadcrumbList","@id":"https:\/\/legsedition.net\/alel\/associationlegsetlitterature\/actualites\/du-pouvoir-de-la-litterature-et-des-crises-legs-et-litterature-no22\/#breadcrumb","itemListElement":[{"@type":"ListItem","position":1,"name":"Accueil","item":"https:\/\/legsedition.net\/alel\/"},{"@type":"ListItem","position":2,"name":"Du pouvoir de la litt\u00e9rature et des crises. Legs et Litt\u00e9rature no22"}]},{"@type":"WebSite","@id":"https:\/\/legsedition.net\/alel\/#website","url":"https:\/\/legsedition.net\/alel\/","name":"","description":"","potentialAction":[{"@type":"SearchAction","target":{"@type":"EntryPoint","urlTemplate":"https:\/\/legsedition.net\/alel\/?s={search_term_string}"},"query-input":{"@type":"PropertyValueSpecification","valueRequired":true,"valueName":"search_term_string"}}],"inLanguage":"fr-FR"},{"@type":"Person","@id":"https:\/\/legsedition.net\/alel\/#\/schema\/person\/8ff278d7100b1ed912c70e2cc1fc3ac9","name":"alel","image":{"@type":"ImageObject","inLanguage":"fr-FR","@id":"https:\/\/legsedition.net\/alel\/#\/schema\/person\/image\/","url":"https:\/\/secure.gravatar.com\/avatar\/8e31507d2efb3bddbe8428b9a236442b?s=96&d=mm&r=g","contentUrl":"https:\/\/secure.gravatar.com\/avatar\/8e31507d2efb3bddbe8428b9a236442b?s=96&d=mm&r=g","caption":"alel"},"url":"https:\/\/legsedition.net\/alel\/author\/djason_2015\/"}]}},"_links":{"self":[{"href":"https:\/\/legsedition.net\/alel\/wp-json\/wp\/v2\/posts\/1891"}],"collection":[{"href":"https:\/\/legsedition.net\/alel\/wp-json\/wp\/v2\/posts"}],"about":[{"href":"https:\/\/legsedition.net\/alel\/wp-json\/wp\/v2\/types\/post"}],"author":[{"embeddable":true,"href":"https:\/\/legsedition.net\/alel\/wp-json\/wp\/v2\/users\/2"}],"replies":[{"embeddable":true,"href":"https:\/\/legsedition.net\/alel\/wp-json\/wp\/v2\/comments?post=1891"}],"version-history":[{"count":2,"href":"https:\/\/legsedition.net\/alel\/wp-json\/wp\/v2\/posts\/1891\/revisions"}],"predecessor-version":[{"id":1895,"href":"https:\/\/legsedition.net\/alel\/wp-json\/wp\/v2\/posts\/1891\/revisions\/1895"}],"wp:featuredmedia":[{"embeddable":true,"href":"https:\/\/legsedition.net\/alel\/wp-json\/wp\/v2\/media\/1892"}],"wp:attachment":[{"href":"https:\/\/legsedition.net\/alel\/wp-json\/wp\/v2\/media?parent=1891"}],"wp:term":[{"taxonomy":"category","embeddable":true,"href":"https:\/\/legsedition.net\/alel\/wp-json\/wp\/v2\/categories?post=1891"},{"taxonomy":"post_tag","embeddable":true,"href":"https:\/\/legsedition.net\/alel\/wp-json\/wp\/v2\/tags?post=1891"}],"curies":[{"name":"wp","href":"https:\/\/api.w.org\/{rel}","templated":true}]}}