{"id":667,"date":"2022-08-01T16:25:28","date_gmt":"2022-08-01T16:25:28","guid":{"rendered":"http:\/\/legsedition.net\/alel\/?p=667"},"modified":"2022-08-01T17:35:51","modified_gmt":"2022-08-01T17:35:51","slug":"livres-9-evains-weche","status":"publish","type":"post","link":"https:\/\/legsedition.net\/alel\/multimedia\/livres-9\/livres-9-evains-weche\/","title":{"rendered":"Livres 9 &#8211; \u00c9vains W\u00eache"},"content":{"rendered":"<p><strong>Th<\/strong><strong>\u00e8<\/strong><b>me: <\/b>Carte Blanche \u00e0\u00a0\u00c9vains W\u00eache<\/p>\n<p><strong>Invit\u00e9: <\/strong>\u00c9vains Weche<strong>\u00a0<\/strong><\/p>\n<p><strong>Date: <\/strong>14 mai 2017<\/p>\n<p>L\u2019Association Legs et Litt\u00e9rature (ALEL) et la radio Magik 9, 100.9, donnent carte blanche \u00c9vains W\u00eache dans le cadre de l\u2019\u00e9mission \u00ab\u00a0Livres 9\u00a0\u00bb.<\/p>\n<p>Prix Deschamps 2013 pour son recueil de nouvelles\u00a0<em>Le trou du voyeur,<\/em> \u00c9vains W\u00eache a \u00e9galement publi\u00e9 chez M\u00e9moire d\u2019encrier\u00a0<em>Les brasseurs de la ville<\/em>\u00a0r\u00e9\u00e9dit\u00e9 chez Philippe Rey en France. Cette \u00e9mission fait partie de la s\u00e9rie d\u2019activit\u00e9s de la Quinzaine du livre en pr\u00e9lude \u00e0 la 23\u00e8me \u00e9dition de Livres en folie.<\/p>\n<p>&nbsp;<\/p>\n<!--[if lt IE 9]><script>document.createElement('audio');<\/script><![endif]-->\n<audio class=\"wp-audio-shortcode\" id=\"audio-667-1\" preload=\"none\" style=\"width: 100%;\" controls=\"controls\"><source type=\"audio\/mpeg\" src=\"http:\/\/legsedition.net\/alel\/wp-content\/uploads\/2020\/09\/LIVRES-9_-EVAINS-WECHE.mp3?_=1\" \/><a href=\"http:\/\/legsedition.net\/alel\/wp-content\/uploads\/2020\/09\/LIVRES-9_-EVAINS-WECHE.mp3\">http:\/\/legsedition.net\/alel\/wp-content\/uploads\/2020\/09\/LIVRES-9_-EVAINS-WECHE.mp3<\/a><\/audio>\n<p>&nbsp;<\/p>\n<p>Pour en savoir plus sur \u00c9vains W\u00eache <a href=\"https:\/\/ile-en-ile.org\/weche\/\" target=\"_blank\">voir sa pr\u00e9sentation sur Ile en Ile<\/a>\u00a0et\u00a0LEGS EDITION.<\/p>\n","protected":false},"excerpt":{"rendered":"<p>Th\u00e8me: Carte Blanche \u00e0\u00a0\u00c9vains W\u00eache Invit\u00e9: \u00c9vains Weche\u00a0 Date: 14 mai 2017 L\u2019Association Legs et Litt\u00e9rature (ALEL) et la radio Magik 9, 100.9, donnent carte blanche \u00c9vains W\u00eache dans le cadre de l\u2019\u00e9mission \u00ab\u00a0Livres 9\u00a0\u00bb. Prix Deschamps 2013 pour son recueil de nouvelles\u00a0Le trou du voyeur, \u00c9vains W\u00eache a \u00e9galement&#8230; <a class=\"continue-reading-link\" href=\"https:\/\/legsedition.net\/alel\/multimedia\/livres-9\/livres-9-evains-weche\/\">Lire la suite <span class=\"meta-nav\">&rarr; <\/span><\/a><\/p>\n","protected":false},"author":2,"featured_media":696,"comment_status":"open","ping_status":"open","sticky":false,"template":"","format":"standard","meta":{"_editorskit_title_hidden":false,"_editorskit_reading_time":0,"_editorskit_is_block_options_detached":false,"_editorskit_block_options_position":"{}","footnotes":""},"categories":[30],"tags":[],"class_list":["post-667","post","type-post","status-publish","format-standard","has-post-thumbnail","hentry","category-livres-9"],"yoast_head":"<!-- This site is optimized with the Yoast SEO plugin v25.0 - https:\/\/yoast.com\/wordpress\/plugins\/seo\/ -->\n<title>Livres 9 - \u00c9vains W\u00eache -<\/title>\n<meta name=\"robots\" content=\"index, follow, max-snippet:-1, max-image-preview:large, max-video-preview:-1\" \/>\n<link rel=\"canonical\" href=\"https:\/\/legsedition.net\/alel\/multimedia\/livres-9\/livres-9-evains-weche\/\" \/>\n<meta property=\"og:locale\" content=\"fr_FR\" \/>\n<meta property=\"og:type\" content=\"article\" \/>\n<meta property=\"og:title\" content=\"Livres 9 - \u00c9vains W\u00eache -\" \/>\n<meta property=\"og:description\" content=\"Th\u00e8me: Carte Blanche \u00e0\u00a0\u00c9vains W\u00eache Invit\u00e9: \u00c9vains Weche\u00a0 Date: 14 mai 2017 L\u2019Association Legs et Litt\u00e9rature (ALEL) et la radio Magik 9, 100.9, donnent carte blanche \u00c9vains W\u00eache dans le cadre de l\u2019\u00e9mission \u00ab\u00a0Livres 9\u00a0\u00bb. Prix Deschamps 2013 pour son recueil de nouvelles\u00a0Le trou du voyeur, \u00c9vains W\u00eache a \u00e9galement... Lire la suite &rarr;\" \/>\n<meta property=\"og:url\" content=\"https:\/\/legsedition.net\/alel\/multimedia\/livres-9\/livres-9-evains-weche\/\" \/>\n<meta property=\"article:published_time\" content=\"2022-08-01T16:25:28+00:00\" \/>\n<meta property=\"article:modified_time\" content=\"2022-08-01T17:35:51+00:00\" \/>\n<meta property=\"og:image\" content=\"https:\/\/legsedition.net\/alel\/wp-content\/uploads\/2022\/08\/Evens-W.jpg\" \/>\n\t<meta property=\"og:image:width\" content=\"612\" \/>\n\t<meta property=\"og:image:height\" content=\"612\" \/>\n\t<meta property=\"og:image:type\" content=\"image\/jpeg\" \/>\n<meta name=\"author\" content=\"alel\" \/>\n<meta name=\"twitter:card\" content=\"summary_large_image\" \/>\n<meta name=\"twitter:label1\" content=\"\u00c9crit par\" \/>\n\t<meta name=\"twitter:data1\" content=\"alel\" \/>\n\t<meta name=\"twitter:label2\" content=\"Dur\u00e9e de lecture estim\u00e9e\" \/>\n\t<meta name=\"twitter:data2\" content=\"1 minute\" \/>\n<script type=\"application\/ld+json\" class=\"yoast-schema-graph\">{\"@context\":\"https:\/\/schema.org\",\"@graph\":[{\"@type\":\"WebPage\",\"@id\":\"https:\/\/legsedition.net\/alel\/multimedia\/livres-9\/livres-9-evains-weche\/\",\"url\":\"https:\/\/legsedition.net\/alel\/multimedia\/livres-9\/livres-9-evains-weche\/\",\"name\":\"Livres 9 - \u00c9vains W\u00eache -\",\"isPartOf\":{\"@id\":\"https:\/\/legsedition.net\/alel\/#website\"},\"primaryImageOfPage\":{\"@id\":\"https:\/\/legsedition.net\/alel\/multimedia\/livres-9\/livres-9-evains-weche\/#primaryimage\"},\"image\":{\"@id\":\"https:\/\/legsedition.net\/alel\/multimedia\/livres-9\/livres-9-evains-weche\/#primaryimage\"},\"thumbnailUrl\":\"https:\/\/legsedition.net\/alel\/wp-content\/uploads\/2022\/08\/Evens-W.jpg\",\"datePublished\":\"2022-08-01T16:25:28+00:00\",\"dateModified\":\"2022-08-01T17:35:51+00:00\",\"author\":{\"@id\":\"https:\/\/legsedition.net\/alel\/#\/schema\/person\/8ff278d7100b1ed912c70e2cc1fc3ac9\"},\"breadcrumb\":{\"@id\":\"https:\/\/legsedition.net\/alel\/multimedia\/livres-9\/livres-9-evains-weche\/#breadcrumb\"},\"inLanguage\":\"fr-FR\",\"potentialAction\":[{\"@type\":\"ReadAction\",\"target\":[\"https:\/\/legsedition.net\/alel\/multimedia\/livres-9\/livres-9-evains-weche\/\"]}]},{\"@type\":\"ImageObject\",\"inLanguage\":\"fr-FR\",\"@id\":\"https:\/\/legsedition.net\/alel\/multimedia\/livres-9\/livres-9-evains-weche\/#primaryimage\",\"url\":\"https:\/\/legsedition.net\/alel\/wp-content\/uploads\/2022\/08\/Evens-W.jpg\",\"contentUrl\":\"https:\/\/legsedition.net\/alel\/wp-content\/uploads\/2022\/08\/Evens-W.jpg\",\"width\":612,\"height\":612},{\"@type\":\"BreadcrumbList\",\"@id\":\"https:\/\/legsedition.net\/alel\/multimedia\/livres-9\/livres-9-evains-weche\/#breadcrumb\",\"itemListElement\":[{\"@type\":\"ListItem\",\"position\":1,\"name\":\"Accueil\",\"item\":\"https:\/\/legsedition.net\/alel\/\"},{\"@type\":\"ListItem\",\"position\":2,\"name\":\"Livres 9 &#8211; \u00c9vains W\u00eache\"}]},{\"@type\":\"WebSite\",\"@id\":\"https:\/\/legsedition.net\/alel\/#website\",\"url\":\"https:\/\/legsedition.net\/alel\/\",\"name\":\"\",\"description\":\"\",\"potentialAction\":[{\"@type\":\"SearchAction\",\"target\":{\"@type\":\"EntryPoint\",\"urlTemplate\":\"https:\/\/legsedition.net\/alel\/?s={search_term_string}\"},\"query-input\":{\"@type\":\"PropertyValueSpecification\",\"valueRequired\":true,\"valueName\":\"search_term_string\"}}],\"inLanguage\":\"fr-FR\"},{\"@type\":\"Person\",\"@id\":\"https:\/\/legsedition.net\/alel\/#\/schema\/person\/8ff278d7100b1ed912c70e2cc1fc3ac9\",\"name\":\"alel\",\"image\":{\"@type\":\"ImageObject\",\"inLanguage\":\"fr-FR\",\"@id\":\"https:\/\/legsedition.net\/alel\/#\/schema\/person\/image\/\",\"url\":\"https:\/\/secure.gravatar.com\/avatar\/8e31507d2efb3bddbe8428b9a236442b?s=96&d=mm&r=g\",\"contentUrl\":\"https:\/\/secure.gravatar.com\/avatar\/8e31507d2efb3bddbe8428b9a236442b?s=96&d=mm&r=g\",\"caption\":\"alel\"},\"url\":\"https:\/\/legsedition.net\/alel\/author\/djason_2015\/\"}]}<\/script>\n<!-- \/ Yoast SEO plugin. -->","yoast_head_json":{"title":"Livres 9 - \u00c9vains W\u00eache -","robots":{"index":"index","follow":"follow","max-snippet":"max-snippet:-1","max-image-preview":"max-image-preview:large","max-video-preview":"max-video-preview:-1"},"canonical":"https:\/\/legsedition.net\/alel\/multimedia\/livres-9\/livres-9-evains-weche\/","og_locale":"fr_FR","og_type":"article","og_title":"Livres 9 - \u00c9vains W\u00eache -","og_description":"Th\u00e8me: Carte Blanche \u00e0\u00a0\u00c9vains W\u00eache Invit\u00e9: \u00c9vains Weche\u00a0 Date: 14 mai 2017 L\u2019Association Legs et Litt\u00e9rature (ALEL) et la radio Magik 9, 100.9, donnent carte blanche \u00c9vains W\u00eache dans le cadre de l\u2019\u00e9mission \u00ab\u00a0Livres 9\u00a0\u00bb. Prix Deschamps 2013 pour son recueil de nouvelles\u00a0Le trou du voyeur, \u00c9vains W\u00eache a \u00e9galement... Lire la suite &rarr;","og_url":"https:\/\/legsedition.net\/alel\/multimedia\/livres-9\/livres-9-evains-weche\/","article_published_time":"2022-08-01T16:25:28+00:00","article_modified_time":"2022-08-01T17:35:51+00:00","og_image":[{"width":612,"height":612,"url":"https:\/\/legsedition.net\/alel\/wp-content\/uploads\/2022\/08\/Evens-W.jpg","type":"image\/jpeg"}],"author":"alel","twitter_card":"summary_large_image","twitter_misc":{"\u00c9crit par":"alel","Dur\u00e9e de lecture estim\u00e9e":"1 minute"},"schema":{"@context":"https:\/\/schema.org","@graph":[{"@type":"WebPage","@id":"https:\/\/legsedition.net\/alel\/multimedia\/livres-9\/livres-9-evains-weche\/","url":"https:\/\/legsedition.net\/alel\/multimedia\/livres-9\/livres-9-evains-weche\/","name":"Livres 9 - \u00c9vains W\u00eache -","isPartOf":{"@id":"https:\/\/legsedition.net\/alel\/#website"},"primaryImageOfPage":{"@id":"https:\/\/legsedition.net\/alel\/multimedia\/livres-9\/livres-9-evains-weche\/#primaryimage"},"image":{"@id":"https:\/\/legsedition.net\/alel\/multimedia\/livres-9\/livres-9-evains-weche\/#primaryimage"},"thumbnailUrl":"https:\/\/legsedition.net\/alel\/wp-content\/uploads\/2022\/08\/Evens-W.jpg","datePublished":"2022-08-01T16:25:28+00:00","dateModified":"2022-08-01T17:35:51+00:00","author":{"@id":"https:\/\/legsedition.net\/alel\/#\/schema\/person\/8ff278d7100b1ed912c70e2cc1fc3ac9"},"breadcrumb":{"@id":"https:\/\/legsedition.net\/alel\/multimedia\/livres-9\/livres-9-evains-weche\/#breadcrumb"},"inLanguage":"fr-FR","potentialAction":[{"@type":"ReadAction","target":["https:\/\/legsedition.net\/alel\/multimedia\/livres-9\/livres-9-evains-weche\/"]}]},{"@type":"ImageObject","inLanguage":"fr-FR","@id":"https:\/\/legsedition.net\/alel\/multimedia\/livres-9\/livres-9-evains-weche\/#primaryimage","url":"https:\/\/legsedition.net\/alel\/wp-content\/uploads\/2022\/08\/Evens-W.jpg","contentUrl":"https:\/\/legsedition.net\/alel\/wp-content\/uploads\/2022\/08\/Evens-W.jpg","width":612,"height":612},{"@type":"BreadcrumbList","@id":"https:\/\/legsedition.net\/alel\/multimedia\/livres-9\/livres-9-evains-weche\/#breadcrumb","itemListElement":[{"@type":"ListItem","position":1,"name":"Accueil","item":"https:\/\/legsedition.net\/alel\/"},{"@type":"ListItem","position":2,"name":"Livres 9 &#8211; \u00c9vains W\u00eache"}]},{"@type":"WebSite","@id":"https:\/\/legsedition.net\/alel\/#website","url":"https:\/\/legsedition.net\/alel\/","name":"","description":"","potentialAction":[{"@type":"SearchAction","target":{"@type":"EntryPoint","urlTemplate":"https:\/\/legsedition.net\/alel\/?s={search_term_string}"},"query-input":{"@type":"PropertyValueSpecification","valueRequired":true,"valueName":"search_term_string"}}],"inLanguage":"fr-FR"},{"@type":"Person","@id":"https:\/\/legsedition.net\/alel\/#\/schema\/person\/8ff278d7100b1ed912c70e2cc1fc3ac9","name":"alel","image":{"@type":"ImageObject","inLanguage":"fr-FR","@id":"https:\/\/legsedition.net\/alel\/#\/schema\/person\/image\/","url":"https:\/\/secure.gravatar.com\/avatar\/8e31507d2efb3bddbe8428b9a236442b?s=96&d=mm&r=g","contentUrl":"https:\/\/secure.gravatar.com\/avatar\/8e31507d2efb3bddbe8428b9a236442b?s=96&d=mm&r=g","caption":"alel"},"url":"https:\/\/legsedition.net\/alel\/author\/djason_2015\/"}]}},"_links":{"self":[{"href":"https:\/\/legsedition.net\/alel\/wp-json\/wp\/v2\/posts\/667"}],"collection":[{"href":"https:\/\/legsedition.net\/alel\/wp-json\/wp\/v2\/posts"}],"about":[{"href":"https:\/\/legsedition.net\/alel\/wp-json\/wp\/v2\/types\/post"}],"author":[{"embeddable":true,"href":"https:\/\/legsedition.net\/alel\/wp-json\/wp\/v2\/users\/2"}],"replies":[{"embeddable":true,"href":"https:\/\/legsedition.net\/alel\/wp-json\/wp\/v2\/comments?post=667"}],"version-history":[{"count":1,"href":"https:\/\/legsedition.net\/alel\/wp-json\/wp\/v2\/posts\/667\/revisions"}],"predecessor-version":[{"id":668,"href":"https:\/\/legsedition.net\/alel\/wp-json\/wp\/v2\/posts\/667\/revisions\/668"}],"wp:featuredmedia":[{"embeddable":true,"href":"https:\/\/legsedition.net\/alel\/wp-json\/wp\/v2\/media\/696"}],"wp:attachment":[{"href":"https:\/\/legsedition.net\/alel\/wp-json\/wp\/v2\/media?parent=667"}],"wp:term":[{"taxonomy":"category","embeddable":true,"href":"https:\/\/legsedition.net\/alel\/wp-json\/wp\/v2\/categories?post=667"},{"taxonomy":"post_tag","embeddable":true,"href":"https:\/\/legsedition.net\/alel\/wp-json\/wp\/v2\/tags?post=667"}],"curies":[{"name":"wp","href":"https:\/\/api.w.org\/{rel}","templated":true}]}}