{"id":10744,"date":"2026-09-02T14:55:34","date_gmt":"2026-09-02T14:55:34","guid":{"rendered":"https:\/\/legsedition.net\/public\/?p=10744"},"modified":"2026-09-02T16:16:57","modified_gmt":"2026-09-02T16:16:57","slug":"babelica-2026-penser-la-resistance-et-lespoir","status":"publish","type":"post","link":"https:\/\/legsedition.net\/public\/2026\/09\/02\/babelica-2026-penser-la-resistance-et-lespoir\/","title":{"rendered":"Babelica 2026 : Penser la r\u00e9sistance et l\u2019espoir"},"content":{"rendered":"<p><a href=\"https:\/\/legsedition.net\/public\/wp-content\/uploads\/2026\/07\/babelica-2026-4.jpg\"><img loading=\"lazy\" decoding=\"async\" class=\"wp-image-10409  alignleft\" src=\"https:\/\/legsedition.net\/public\/wp-content\/uploads\/2026\/07\/babelica-2026-4.jpg\" alt=\"\" width=\"206\" height=\"206\" srcset=\"https:\/\/legsedition.net\/public\/wp-content\/uploads\/2026\/07\/babelica-2026-4.jpg 447w, https:\/\/legsedition.net\/public\/wp-content\/uploads\/2026\/07\/babelica-2026-4-300x300.jpg 300w, https:\/\/legsedition.net\/public\/wp-content\/uploads\/2026\/07\/babelica-2026-4-150x150.jpg 150w\" sizes=\"auto, (max-width: 206px) 100vw, 206px\" \/><\/a>La 5<sup>e<\/sup> \u00e9dition de <a href=\"https:\/\/babelica.alliance-publishers.org\/abouts\/babelica\">BABELICA<\/a>, le salon international de l\u2019\u00e9dition ind\u00e9pendante en ligne, aura lieu cette ann\u00e9e autour du th\u00e8me \u00ab R\u00e9sister et esp\u00e9rer \u00bb. Du 21 au 22 septembre 2026, des \u00e9diteurs et \u00e9ditrices de plusieurs pays de divers continents s&rsquo;inviteront \u00e0 cet \u00e9v\u00e8nement annuel pour discuter, une fois de plus, de l&rsquo;avenir (du m\u00e9tier) du livre et de l&rsquo;\u00e9dition dans un contexte marqu\u00e9 par des crises et t\u00e2tonnements \u00e0 l&rsquo;\u00e9chelle plan\u00e9taire. La journ\u00e9e du 21 septembre sera marqu\u00e9e, comme tous les ans \u2013 cela depuis 5 ans \u2013 par la c\u00e9l\u00e9bration du jour de la bibliodiversit\u00e9 pour souligner la diversit\u00e9 culturelle dans le monde de l&rsquo;\u00e9dition.\u00a0\u00a0<\/p>\n<p>LEGS \u00c9DITION prendra part \u00e0 cette grande manifestation virtuelle qui r\u00e9unit plusieurs maisons d\u2019\u00e9dition, membres de l\u2019Alliance internationale de l\u2019\u00e9dition ind\u00e9pendante (AIEI). Au menu : tables rondes, expositions, ateliers, lectures, \u00e9changes d\u2019exp\u00e9riences et cessions de droits.<\/p>\n<p>Cette ann\u00e9e, LEGS \u00c9DITION propose, le 22 septembre (10h &#8211; heure de Paris &#8211; et 16h &#8211; heure d&rsquo;Ha\u00efti), quatre s\u00e9ances de lectures d&rsquo;extraits de textes de ses auteurs et autrices. Il s\u2019agit de\u00a0 :<\/p>\n<ul>\n<li style=\"text-align: justify;\">\u00ab Lettre \u00e0 Manuel, Jeanne et Sarah \u00bb de <a href=\"https:\/\/legsedition.net\/public\/franz-benjamin\/\">Franz Benjamin<\/a> paru dans le recueil de nouvelles collectif intitul\u00e9 <em>\u2026des hommes et des ombres <\/em>(2018), lu par Mica\u00eblle Charles;<\/li>\n<li style=\"text-align: justify;\">\u00ab Plus jamais votre p\u00e2le copie \u00bb de <a href=\"https:\/\/legsedition.net\/public\/negresse-colas\/\">N\u00e9gresse Colas<\/a> paru dans le recueil de nouvelles collectif intitul\u00e9 <em>&#8230;Ind\u00e9cences <\/em>(2023), lu par l&rsquo;autrice;<\/li>\n<li>Le<em> livre d&rsquo;avant-hier soir <\/em>de <a href=\"https:\/\/legsedition.net\/public\/syto-cave\/\">Syto Cav\u00e9<\/a> (2025), lu par <a href=\"https:\/\/legsedition.net\/public\/webert-charles\/\">W\u00e9bert Charles<\/a>;<\/li>\n<li><em>Port-au-Prince de soufre et de sang<\/em> (2025) de <a href=\"https:\/\/legsedition.net\/public\/soucaneau-gabriel\/\">Soucaneau Gabriel<\/a>, lu par l&rsquo;auteur.<\/li>\n<\/ul>\n<p style=\"text-align: justify;\">Co\u00efncidant avec la parution du num\u00e9ro sp\u00e9cial de la revue\u00a0<em>Bibliodiversit\u00e9\u00a0<\/em>consacr\u00e9 \u00e0 cette m\u00eame th\u00e9matique \u00ab R\u00e9sister et esp\u00e9rer \u00bb, deux tables rondes seront organis\u00e9es pour donner la parole \u00e0 des jeunes voix de la litt\u00e9rature mondiale. Dans ce contexte, 30 auteurs et autrices issues de 30 pays diff\u00e9rents entameront un dialogue pour discuter de la mani\u00e8re d\u2019organiser la r\u00e9sistance et d\u2019insuffler l\u2019espoir dans un monde marqu\u00e9 par l\u2019indiff\u00e9rence et les violences.<\/p>\n<p style=\"text-align: justify;\">Deux figures d\u2019Ha\u00efti, St\u00e9phana Dorval et <a href=\"https:\/\/legsedition.net\/public\/deborah-pepe\/\">D\u00e9borah P\u00e9p\u00e9<\/a> [autrice chez LEGS \u00c9DITION], participeront \u00e0 ces \u00e9changes pour raconter leur pays, leurs angoisses, leurs luttes et leurs r\u00eaves.<\/p>\n<p>BABELICA est le salon de l\u2019Alliance internationale de l\u2019\u00e9dition ind\u00e9pendante qui met en lumi\u00e8re la diversit\u00e9 et la cr\u00e9ativit\u00e9 dans le monde de l\u2019\u00e9dition.<\/p>\n<p>Pour participer aux diff\u00e9rentes activit\u00e9s du salon, <a href=\"https:\/\/us06web.zoom.us\/j\/85106829277\" target=\"_blank\" rel=\"noopener\">CLIQUER ICI<\/a>\u00a0<\/p>\n<p><strong>Pour d\u00e9couvrir et t\u00e9l\u00e9charger le programme, <a href=\"https:\/\/legsedition.net\/public\/sdc_download\/10769\/?key=gl9jheha4yzde3xnx90vohzgkl50yi\">CLIQUER ICI<\/a><\/strong>\u00a0:<\/p>\n\n\n    <div class='wp-block-pdfp-pdf-poster  alignnone' id='block-1'\n        data-attributes='{&quot;file&quot;:&quot;https:\\\/\\\/legsedition.net\\\/public\\\/wp-content\\\/uploads\\\/2026\\\/08\\\/Programme-Babelica-2026-1-.pdf&quot;,&quot;btnStyles&quot;:{&quot;background&quot;:&quot;#2271b1&quot;,&quot;color&quot;:&quot;#fff&quot;,&quot;fontSize&quot;:&quot;16px&quot;,&quot;padding&quot;:{&quot;top&quot;:10,&quot;right&quot;:20,&quot;bottom&quot;:10,&quot;left&quot;:10}},&quot;align&quot;:&quot;none&quot;,&quot;alignment&quot;:&quot;left&quot;,&quot;title&quot;:&quot;&quot;,&quot;titleFontSize&quot;:&quot;16px&quot;,&quot;height&quot;:{&quot;desktop&quot;:&quot;840px&quot;,&quot;tablet&quot;:&quot;700px&quot;,&quot;mobile&quot;:&quot;400px&quot;},&quot;width&quot;:{&quot;desktop&quot;:&quot;100%&quot;,&quot;tablet&quot;:&quot;100%&quot;,&quot;mobile&quot;:&quot;100%&quot;},&quot;showName&quot;:false,&quot;print&quot;:false,&quot;onlyPDF&quot;:false,&quot;defaultBrowser&quot;:false,&quot;keyboardNav&quot;:false,&quot;rtlMode&quot;:&quot;off&quot;,&quot;themeMode&quot;:&quot;light&quot;,&quot;annotationMode&quot;:true,&quot;openLinksInNewTab&quot;:false,&quot;progressiveLoading&quot;:true,&quot;downloadButton&quot;:false,&quot;downloadButtonText&quot;:&quot;Download File&quot;,&quot;fullscreenButton&quot;:true,&quot;fullscreenButtonText&quot;:&quot;View Fullscreen&quot;,&quot;actionsPosition&quot;:&quot;top&quot;,&quot;newWindow&quot;:false,&quot;protect&quot;:false,&quot;thumbMenu&quot;:false,&quot;sidebarOpen&quot;:false,&quot;initialPage&quot;:0,&quot;alert&quot;:false,&quot;lastVersion&quot;:false,&quot;hrScroll&quot;:false,&quot;isHideRightToolbar&quot;:false,&quot;additional&quot;:{&quot;ID&quot;:&quot;&quot;,&quot;Class&quot;:&quot;&quot;,&quot;CSS&quot;:&quot;&quot;},&quot;adobeEmbedder&quot;:&quot;default&quot;,&quot;flipbookSourceType&quot;:&quot;pdf&quot;,&quot;flipbookImages&quot;:[],&quot;flipbookSound&quot;:true,&quot;adobeOptions&quot;:{&quot;showDownloadPDF&quot;:true,&quot;showPrintPDF&quot;:true,&quot;showAnnotationTools&quot;:true,&quot;showFullScreen&quot;:false,&quot;embedMode&quot;:&quot;SIZED_CONTAINER&quot;},&quot;popupOptions&quot;:{&quot;enabled&quot;:false,&quot;triggerType&quot;:&quot;button&quot;,&quot;image&quot;:&quot;&quot;,&quot;imagePdfIcon&quot;:true,&quot;imageHeight&quot;:&quot;200px&quot;,&quot;imageWidth&quot;:&quot;300px&quot;,&quot;text&quot;:&quot;Open PDF&quot;,&quot;btnStyle&quot;:{&quot;background&quot;:&quot;#2271b1&quot;,&quot;color&quot;:&quot;#fff&quot;,&quot;fontSize&quot;:&quot;16px&quot;,&quot;padding&quot;:{&quot;top&quot;:10,&quot;right&quot;:20,&quot;bottom&quot;:10,&quot;left&quot;:10}}},&quot;popupBtnStyle&quot;:{&quot;background&quot;:&quot;#2271b1&quot;,&quot;color&quot;:&quot;#fff&quot;,&quot;padding&quot;:{&quot;top&quot;:10,&quot;right&quot;:20,&quot;bottom&quot;:10,&quot;left&quot;:10}},&quot;popupBtnText&quot;:&quot;Open Document&quot;,&quot;CSS&quot;:&quot;&quot;,&quot;socialShare&quot;:{&quot;enabled&quot;:false,&quot;facebook&quot;:true,&quot;twitter&quot;:true,&quot;linkedin&quot;:true,&quot;pinterest&quot;:true,&quot;mailto&quot;:true,&quot;position&quot;:&quot;top&quot;},&quot;watermark&quot;:{&quot;enabled&quot;:false,&quot;markType&quot;:&quot;text&quot;,&quot;theme&quot;:&quot;confidential&quot;,&quot;text&quot;:&quot;CONFIDENTIAL&quot;,&quot;image&quot;:&quot;&quot;,&quot;imageStyle&quot;:&quot;grayscale&quot;,&quot;color&quot;:&quot;#808080&quot;,&quot;coverage&quot;:&quot;normal&quot;,&quot;position&quot;:&quot;center&quot;,&quot;strength&quot;:&quot;subtle&quot;,&quot;size&quot;:&quot;medium&quot;,&quot;angle&quot;:&quot;diagonal&quot;,&quot;apply&quot;:[&quot;screen&quot;],&quot;pages&quot;:&quot;all&quot;,&quot;audience&quot;:&quot;everyone&quot;,&quot;antileak&quot;:false,&quot;stamp&quot;:false,&quot;lock&quot;:false,&quot;dynamic&quot;:false},&quot;isPremium&quot;:false}'\n                data-pdfp-theme='light'        style=\"text-align: left\">\n                    <div class=\"pdfp_loading_placeholder\"\n                style=\"height: 840px; width: 100%; display: flex; align-items: center; justify-content: center; background: #f5f5f5; border: 1px solid #ddd;\">\n                <p>Loading Viewer&#8230;<\/p>\n            <\/div>\n            <\/div>\n","protected":false},"excerpt":{"rendered":"<p>La 5e \u00e9dition de BABELICA, le salon international de l\u2019\u00e9dition ind\u00e9pendante en ligne, aura lieu cette ann\u00e9e autour du th\u00e8me \u00ab R\u00e9sister et esp\u00e9rer \u00bb. Du 21 au 22 septembre 2026, des \u00e9diteurs et \u00e9ditrices de plusieurs pays de divers&#8230;<\/p>\n","protected":false},"author":2,"featured_media":10409,"comment_status":"closed","ping_status":"open","sticky":false,"template":"","format":"standard","meta":{"footnotes":""},"categories":[5,3],"tags":[],"class_list":["post-10744","post","type-post","status-publish","format-standard","has-post-thumbnail","hentry","category-actualites","category-evenements"],"yoast_head":"<!-- This site is optimized with the Yoast SEO plugin v28.4 - https:\/\/yoast.com\/product\/yoast-seo-wordpress\/ -->\n<title>Babelica 2026 : Penser la r\u00e9sistance et l\u2019espoir | LEGS &Eacute;DITION<\/title>\n<meta name=\"robots\" content=\"index, follow, max-snippet:-1, max-image-preview:large, max-video-preview:-1\" \/>\n<link rel=\"canonical\" href=\"https:\/\/legsedition.net\/public\/2026\/09\/02\/babelica-2026-penser-la-resistance-et-lespoir\/\" \/>\n<meta property=\"og:locale\" content=\"fr_FR\" \/>\n<meta property=\"og:type\" content=\"article\" \/>\n<meta property=\"og:title\" content=\"Babelica 2026 : Penser la r\u00e9sistance et l\u2019espoir | LEGS &Eacute;DITION\" \/>\n<meta property=\"og:description\" content=\"La 5e \u00e9dition de BABELICA, le salon international de l\u2019\u00e9dition ind\u00e9pendante en ligne, aura lieu cette ann\u00e9e autour du th\u00e8me \u00ab R\u00e9sister et esp\u00e9rer \u00bb. Du 21 au 22 septembre 2026, des \u00e9diteurs et \u00e9ditrices de plusieurs pays de divers...\" \/>\n<meta property=\"og:url\" content=\"https:\/\/legsedition.net\/public\/2026\/09\/02\/babelica-2026-penser-la-resistance-et-lespoir\/\" \/>\n<meta property=\"og:site_name\" content=\"LEGS &Eacute;DITION\" \/>\n<meta property=\"article:publisher\" content=\"https:\/\/web.facebook.com\/LegsEtLitterature\/\" \/>\n<meta property=\"article:published_time\" content=\"2026-09-02T14:55:34+00:00\" \/>\n<meta property=\"article:modified_time\" content=\"2026-09-02T16:16:57+00:00\" \/>\n<meta property=\"og:image\" content=\"https:\/\/legsedition.net\/public\/wp-content\/uploads\/2026\/07\/babelica-2026-4.jpg\" \/>\n\t<meta property=\"og:image:width\" content=\"447\" \/>\n\t<meta property=\"og:image:height\" content=\"447\" \/>\n\t<meta property=\"og:image:type\" content=\"image\/jpeg\" \/>\n<meta name=\"author\" content=\"legs_edition\" \/>\n<meta name=\"twitter:card\" content=\"summary_large_image\" \/>\n<meta name=\"twitter:label1\" content=\"\u00c9crit par\" \/>\n\t<meta name=\"twitter:data1\" content=\"legs_edition\" \/>\n\t<meta name=\"twitter:label2\" content=\"Dur\u00e9e de lecture estim\u00e9e\" \/>\n\t<meta name=\"twitter:data2\" content=\"3 minutes\" \/>\n<script type=\"application\/ld+json\" class=\"yoast-schema-graph\">{\"@context\":\"https:\\\/\\\/schema.org\",\"@graph\":[{\"@type\":\"Article\",\"@id\":\"https:\\\/\\\/legsedition.net\\\/public\\\/2026\\\/09\\\/02\\\/babelica-2026-penser-la-resistance-et-lespoir\\\/#article\",\"isPartOf\":{\"@id\":\"https:\\\/\\\/legsedition.net\\\/public\\\/2026\\\/09\\\/02\\\/babelica-2026-penser-la-resistance-et-lespoir\\\/\"},\"author\":{\"name\":\"legs_edition\",\"@id\":\"https:\\\/\\\/legsedition.net\\\/public\\\/#\\\/schema\\\/person\\\/a81dabaa18e65b48c79f8bbffa63ec58\"},\"headline\":\"Babelica 2026 : Penser la r\u00e9sistance et l\u2019espoir\",\"datePublished\":\"2026-09-02T14:55:34+00:00\",\"dateModified\":\"2026-09-02T16:16:57+00:00\",\"mainEntityOfPage\":{\"@id\":\"https:\\\/\\\/legsedition.net\\\/public\\\/2026\\\/09\\\/02\\\/babelica-2026-penser-la-resistance-et-lespoir\\\/\"},\"wordCount\":448,\"image\":{\"@id\":\"https:\\\/\\\/legsedition.net\\\/public\\\/2026\\\/09\\\/02\\\/babelica-2026-penser-la-resistance-et-lespoir\\\/#primaryimage\"},\"thumbnailUrl\":\"https:\\\/\\\/legsedition.net\\\/public\\\/wp-content\\\/uploads\\\/2026\\\/07\\\/babelica-2026-4.jpg\",\"articleSection\":[\"Actualites\",\"\u00c9V\u00c9NEMENTS\"],\"inLanguage\":\"fr-FR\"},{\"@type\":\"WebPage\",\"@id\":\"https:\\\/\\\/legsedition.net\\\/public\\\/2026\\\/09\\\/02\\\/babelica-2026-penser-la-resistance-et-lespoir\\\/\",\"url\":\"https:\\\/\\\/legsedition.net\\\/public\\\/2026\\\/09\\\/02\\\/babelica-2026-penser-la-resistance-et-lespoir\\\/\",\"name\":\"Babelica 2026 : Penser la r\u00e9sistance et l\u2019espoir | LEGS &Eacute;DITION\",\"isPartOf\":{\"@id\":\"https:\\\/\\\/legsedition.net\\\/public\\\/#website\"},\"primaryImageOfPage\":{\"@id\":\"https:\\\/\\\/legsedition.net\\\/public\\\/2026\\\/09\\\/02\\\/babelica-2026-penser-la-resistance-et-lespoir\\\/#primaryimage\"},\"image\":{\"@id\":\"https:\\\/\\\/legsedition.net\\\/public\\\/2026\\\/09\\\/02\\\/babelica-2026-penser-la-resistance-et-lespoir\\\/#primaryimage\"},\"thumbnailUrl\":\"https:\\\/\\\/legsedition.net\\\/public\\\/wp-content\\\/uploads\\\/2026\\\/07\\\/babelica-2026-4.jpg\",\"datePublished\":\"2026-09-02T14:55:34+00:00\",\"dateModified\":\"2026-09-02T16:16:57+00:00\",\"author\":{\"@id\":\"https:\\\/\\\/legsedition.net\\\/public\\\/#\\\/schema\\\/person\\\/a81dabaa18e65b48c79f8bbffa63ec58\"},\"breadcrumb\":{\"@id\":\"https:\\\/\\\/legsedition.net\\\/public\\\/2026\\\/09\\\/02\\\/babelica-2026-penser-la-resistance-et-lespoir\\\/#breadcrumb\"},\"inLanguage\":\"fr-FR\",\"potentialAction\":[{\"@type\":\"ReadAction\",\"target\":[\"https:\\\/\\\/legsedition.net\\\/public\\\/2026\\\/09\\\/02\\\/babelica-2026-penser-la-resistance-et-lespoir\\\/\"]}]},{\"@type\":\"ImageObject\",\"inLanguage\":\"fr-FR\",\"@id\":\"https:\\\/\\\/legsedition.net\\\/public\\\/2026\\\/09\\\/02\\\/babelica-2026-penser-la-resistance-et-lespoir\\\/#primaryimage\",\"url\":\"https:\\\/\\\/legsedition.net\\\/public\\\/wp-content\\\/uploads\\\/2026\\\/07\\\/babelica-2026-4.jpg\",\"contentUrl\":\"https:\\\/\\\/legsedition.net\\\/public\\\/wp-content\\\/uploads\\\/2026\\\/07\\\/babelica-2026-4.jpg\",\"width\":447,\"height\":447},{\"@type\":\"BreadcrumbList\",\"@id\":\"https:\\\/\\\/legsedition.net\\\/public\\\/2026\\\/09\\\/02\\\/babelica-2026-penser-la-resistance-et-lespoir\\\/#breadcrumb\",\"itemListElement\":[{\"@type\":\"ListItem\",\"position\":1,\"name\":\"Home\",\"item\":\"https:\\\/\\\/legsedition.net\\\/public\\\/\"},{\"@type\":\"ListItem\",\"position\":2,\"name\":\"Babelica 2026 : Penser la r\u00e9sistance et l\u2019espoir\"}]},{\"@type\":\"WebSite\",\"@id\":\"https:\\\/\\\/legsedition.net\\\/public\\\/#website\",\"url\":\"https:\\\/\\\/legsedition.net\\\/public\\\/\",\"name\":\"LEGS &Eacute;DITION\",\"description\":\"\",\"potentialAction\":[{\"@type\":\"SearchAction\",\"target\":{\"@type\":\"EntryPoint\",\"urlTemplate\":\"https:\\\/\\\/legsedition.net\\\/public\\\/?s={search_term_string}\"},\"query-input\":{\"@type\":\"PropertyValueSpecification\",\"valueRequired\":true,\"valueName\":\"search_term_string\"}}],\"inLanguage\":\"fr-FR\"},{\"@type\":\"Person\",\"@id\":\"https:\\\/\\\/legsedition.net\\\/public\\\/#\\\/schema\\\/person\\\/a81dabaa18e65b48c79f8bbffa63ec58\",\"name\":\"legs_edition\"}]}<\/script>\n<!-- \/ Yoast SEO plugin. -->","yoast_head_json":{"title":"Babelica 2026 : Penser la r\u00e9sistance et l\u2019espoir | LEGS &Eacute;DITION","robots":{"index":"index","follow":"follow","max-snippet":"max-snippet:-1","max-image-preview":"max-image-preview:large","max-video-preview":"max-video-preview:-1"},"canonical":"https:\/\/legsedition.net\/public\/2026\/09\/02\/babelica-2026-penser-la-resistance-et-lespoir\/","og_locale":"fr_FR","og_type":"article","og_title":"Babelica 2026 : Penser la r\u00e9sistance et l\u2019espoir | LEGS &Eacute;DITION","og_description":"La 5e \u00e9dition de BABELICA, le salon international de l\u2019\u00e9dition ind\u00e9pendante en ligne, aura lieu cette ann\u00e9e autour du th\u00e8me \u00ab R\u00e9sister et esp\u00e9rer \u00bb. Du 21 au 22 septembre 2026, des \u00e9diteurs et \u00e9ditrices de plusieurs pays de divers...","og_url":"https:\/\/legsedition.net\/public\/2026\/09\/02\/babelica-2026-penser-la-resistance-et-lespoir\/","og_site_name":"LEGS &Eacute;DITION","article_publisher":"https:\/\/web.facebook.com\/LegsEtLitterature\/","article_published_time":"2026-09-02T14:55:34+00:00","article_modified_time":"2026-09-02T16:16:57+00:00","og_image":[{"width":447,"height":447,"url":"https:\/\/legsedition.net\/public\/wp-content\/uploads\/2026\/07\/babelica-2026-4.jpg","type":"image\/jpeg"}],"author":"legs_edition","twitter_card":"summary_large_image","twitter_misc":{"\u00c9crit par":"legs_edition","Dur\u00e9e de lecture estim\u00e9e":"3 minutes"},"schema":{"@context":"https:\/\/schema.org","@graph":[{"@type":"Article","@id":"https:\/\/legsedition.net\/public\/2026\/09\/02\/babelica-2026-penser-la-resistance-et-lespoir\/#article","isPartOf":{"@id":"https:\/\/legsedition.net\/public\/2026\/09\/02\/babelica-2026-penser-la-resistance-et-lespoir\/"},"author":{"name":"legs_edition","@id":"https:\/\/legsedition.net\/public\/#\/schema\/person\/a81dabaa18e65b48c79f8bbffa63ec58"},"headline":"Babelica 2026 : Penser la r\u00e9sistance et l\u2019espoir","datePublished":"2026-09-02T14:55:34+00:00","dateModified":"2026-09-02T16:16:57+00:00","mainEntityOfPage":{"@id":"https:\/\/legsedition.net\/public\/2026\/09\/02\/babelica-2026-penser-la-resistance-et-lespoir\/"},"wordCount":448,"image":{"@id":"https:\/\/legsedition.net\/public\/2026\/09\/02\/babelica-2026-penser-la-resistance-et-lespoir\/#primaryimage"},"thumbnailUrl":"https:\/\/legsedition.net\/public\/wp-content\/uploads\/2026\/07\/babelica-2026-4.jpg","articleSection":["Actualites","\u00c9V\u00c9NEMENTS"],"inLanguage":"fr-FR"},{"@type":"WebPage","@id":"https:\/\/legsedition.net\/public\/2026\/09\/02\/babelica-2026-penser-la-resistance-et-lespoir\/","url":"https:\/\/legsedition.net\/public\/2026\/09\/02\/babelica-2026-penser-la-resistance-et-lespoir\/","name":"Babelica 2026 : Penser la r\u00e9sistance et l\u2019espoir | LEGS &Eacute;DITION","isPartOf":{"@id":"https:\/\/legsedition.net\/public\/#website"},"primaryImageOfPage":{"@id":"https:\/\/legsedition.net\/public\/2026\/09\/02\/babelica-2026-penser-la-resistance-et-lespoir\/#primaryimage"},"image":{"@id":"https:\/\/legsedition.net\/public\/2026\/09\/02\/babelica-2026-penser-la-resistance-et-lespoir\/#primaryimage"},"thumbnailUrl":"https:\/\/legsedition.net\/public\/wp-content\/uploads\/2026\/07\/babelica-2026-4.jpg","datePublished":"2026-09-02T14:55:34+00:00","dateModified":"2026-09-02T16:16:57+00:00","author":{"@id":"https:\/\/legsedition.net\/public\/#\/schema\/person\/a81dabaa18e65b48c79f8bbffa63ec58"},"breadcrumb":{"@id":"https:\/\/legsedition.net\/public\/2026\/09\/02\/babelica-2026-penser-la-resistance-et-lespoir\/#breadcrumb"},"inLanguage":"fr-FR","potentialAction":[{"@type":"ReadAction","target":["https:\/\/legsedition.net\/public\/2026\/09\/02\/babelica-2026-penser-la-resistance-et-lespoir\/"]}]},{"@type":"ImageObject","inLanguage":"fr-FR","@id":"https:\/\/legsedition.net\/public\/2026\/09\/02\/babelica-2026-penser-la-resistance-et-lespoir\/#primaryimage","url":"https:\/\/legsedition.net\/public\/wp-content\/uploads\/2026\/07\/babelica-2026-4.jpg","contentUrl":"https:\/\/legsedition.net\/public\/wp-content\/uploads\/2026\/07\/babelica-2026-4.jpg","width":447,"height":447},{"@type":"BreadcrumbList","@id":"https:\/\/legsedition.net\/public\/2026\/09\/02\/babelica-2026-penser-la-resistance-et-lespoir\/#breadcrumb","itemListElement":[{"@type":"ListItem","position":1,"name":"Home","item":"https:\/\/legsedition.net\/public\/"},{"@type":"ListItem","position":2,"name":"Babelica 2026 : Penser la r\u00e9sistance et l\u2019espoir"}]},{"@type":"WebSite","@id":"https:\/\/legsedition.net\/public\/#website","url":"https:\/\/legsedition.net\/public\/","name":"LEGS &Eacute;DITION","description":"","potentialAction":[{"@type":"SearchAction","target":{"@type":"EntryPoint","urlTemplate":"https:\/\/legsedition.net\/public\/?s={search_term_string}"},"query-input":{"@type":"PropertyValueSpecification","valueRequired":true,"valueName":"search_term_string"}}],"inLanguage":"fr-FR"},{"@type":"Person","@id":"https:\/\/legsedition.net\/public\/#\/schema\/person\/a81dabaa18e65b48c79f8bbffa63ec58","name":"legs_edition"}]}},"_links":{"self":[{"href":"https:\/\/legsedition.net\/public\/wp-json\/wp\/v2\/posts\/10744","targetHints":{"allow":["GET"]}}],"collection":[{"href":"https:\/\/legsedition.net\/public\/wp-json\/wp\/v2\/posts"}],"about":[{"href":"https:\/\/legsedition.net\/public\/wp-json\/wp\/v2\/types\/post"}],"author":[{"embeddable":true,"href":"https:\/\/legsedition.net\/public\/wp-json\/wp\/v2\/users\/2"}],"replies":[{"embeddable":true,"href":"https:\/\/legsedition.net\/public\/wp-json\/wp\/v2\/comments?post=10744"}],"version-history":[{"count":13,"href":"https:\/\/legsedition.net\/public\/wp-json\/wp\/v2\/posts\/10744\/revisions"}],"predecessor-version":[{"id":10770,"href":"https:\/\/legsedition.net\/public\/wp-json\/wp\/v2\/posts\/10744\/revisions\/10770"}],"wp:featuredmedia":[{"embeddable":true,"href":"https:\/\/legsedition.net\/public\/wp-json\/wp\/v2\/media\/10409"}],"wp:attachment":[{"href":"https:\/\/legsedition.net\/public\/wp-json\/wp\/v2\/media?parent=10744"}],"wp:term":[{"taxonomy":"category","embeddable":true,"href":"https:\/\/legsedition.net\/public\/wp-json\/wp\/v2\/categories?post=10744"},{"taxonomy":"post_tag","embeddable":true,"href":"https:\/\/legsedition.net\/public\/wp-json\/wp\/v2\/tags?post=10744"}],"curies":[{"name":"wp","href":"https:\/\/api.w.org\/{rel}","templated":true}]}}