{"id":10803,"date":"2026-09-04T19:42:39","date_gmt":"2026-09-04T19:42:39","guid":{"rendered":"https:\/\/legsedition.net\/public\/?p=10803"},"modified":"2026-09-04T19:43:09","modified_gmt":"2026-09-04T19:43:09","slug":"babelica-donne-la-parole-a-deborah-pepe","status":"publish","type":"post","link":"https:\/\/legsedition.net\/public\/2026\/09\/04\/babelica-donne-la-parole-a-deborah-pepe\/","title":{"rendered":"BABELICA donne la parole \u00e0 D\u00e9borah P\u00e9p\u00e9"},"content":{"rendered":"<p style=\"text-align: justify;\"><a href=\"https:\/\/legsedition.net\/public\/wp-content\/uploads\/2026\/09\/Deborag_Pepe.png\"><img loading=\"lazy\" decoding=\"async\" class=\"wp-image-10742 alignleft\" src=\"https:\/\/legsedition.net\/public\/wp-content\/uploads\/2026\/09\/Deborag_Pepe.png\" alt=\"\" width=\"150\" height=\"216\" srcset=\"https:\/\/legsedition.net\/public\/wp-content\/uploads\/2026\/09\/Deborag_Pepe.png 632w, https:\/\/legsedition.net\/public\/wp-content\/uploads\/2026\/09\/Deborag_Pepe-208x300.png 208w\" sizes=\"auto, (max-width: 150px) 100vw, 150px\" \/><\/a>La jeune \u00e9crivaine <a href=\"https:\/\/legsedition.net\/public\/deborah-pepe\/\" target=\"_blank\" rel=\"noopener\">D\u00e9borah P\u00e9p\u00e9<\/a> participe cette ann\u00e9e \u00e0 la 5<sup>e<\/sup> \u00e9dition de BABELICA, le salon international de l&rsquo;\u00e9dition ind\u00e9pendante en ligne, qui r\u00e9unira autour d&rsquo;une table ronde, le 22 septembre 2026, 30 auteurs et autrices de 30 pays \u00e0 l&rsquo;\u00e9chelle plan\u00e9taire. Cette table ronde s&rsquo;inscrit dans le contexte des s\u00e9ries d&rsquo;activit\u00e9s organis\u00e9es dans le cadre de la sortie\u00a0 du 13<sup>e<\/sup> num\u00e9ro de la revue <a href=\"https:\/\/bibliodiversite.fr\/\" target=\"_blank\" rel=\"noopener\"><em>Bibliodiversit\u00e9\u00a0<\/em><\/a>autour de la th\u00e9matique \u00ab R\u00e9sister et esp\u00e9rer \u00bb pr\u00e9vue le 10 septembre.\u00a0<\/p>\n<p style=\"text-align: justify;\">Autrice de la nouvelle titr\u00e9e \u00ab Ind\u00e9cences \u00bb parue dans le recueil collectif du m\u00eame nom en 2023 sous la direction de Dieulermesson Petit Fr\u00e8re, D\u00e9borah P\u00e9p\u00e9 publie depuis 2020\u00a0des comptes rendus de lecture dans les colonnes de la revue <em>Legs et Litt\u00e9rature<\/em>. Sa nouvelle intitul\u00e9e \u00ab Comme un seul homme \u00bb nous renseigne que quand un peuple s&rsquo;organise, aucune arm\u00e9e, aussi puissante soit-elle, ne peut lui tenir t\u00eate.\u00a0\u00a0<\/p>\n<p style=\"text-align: justify;\">Apr\u00e8s avoir retrouv\u00e9 un peu par hasard une lettre qui t\u00e9moigne de la vie simple et solitaire men\u00e9e par son grand-p\u00e8re en plein c\u0153ur de la nature, retir\u00e9 du monde, loin du <em>bruit et la fureur<\/em> de la ville, un homme se souvient avoir march\u00e9 parmi une foule contre la r\u00e9pression pour r\u00e9clamer son droit de vivre et d&rsquo;esp\u00e9rer \u2013 le seul droit qui lui est vraiment d\u00fb dans un monde marqu\u00e9 par la violence et l&rsquo;effondrement.<\/p>\n<p>\u00a0<em>Bibliodiversit\u00e9 <\/em>est une revue co\u00e9dit\u00e9e par les \u00e9ditions <a href=\"https:\/\/www.double-ponctuation.com\/accueil\/\" target=\"_blank\" rel=\"noopener\">Double ponctuation<\/a> <span class=\"fontstyle0\">et l&rsquo;<a href=\"https:\/\/www.alliance-editeurs.org\/\" target=\"_blank\" rel=\"noopener\">Alliance internationale de l\u2019\u00e9dition ind\u00e9pendante<\/a>. <\/span>Voici ce qu&rsquo;\u00e9crit Karim Kattan dans la pr\u00e9sentation du num\u00e9ro :<\/p>\n<blockquote>\n<p><em>Cet ouvrage donne la parole \u00e0 30 jeunes auteurs et autrices de moins de 30 ans vivant dans 30 pays diff\u00e9rents. De petites choses du quotidien \u00e0 de grands r\u00eaves infinis, leurs textes nous disent o\u00f9 se situent leurs r\u00e9sistances et comment ils et elles vivent leurs esp\u00e9rances.<\/em><br class=\"autobr\" \/><em>Ce sont ces paroles \u2013 du Nigeria et d\u2019Ukraine, d\u2019Afghanistan et du Br\u00e9sil, de Palestine et du Chili, de Singapour et du Guatemala\u2026 [mais aussi d&rsquo;Ha\u00efti] \u2013 que nous vous proposons de d\u00e9couvrir. Pour puiser, peut-\u00eatre, un peu de merveilleux dans ces mots qui nous sont adress\u00e9s.<\/em><\/p>\n<\/blockquote>\n<p style=\"text-align: justify;\">Les diff\u00e9rents pays composant cet archipel litt\u00e9raire sont : Afghanistan, Alg\u00e9rie, Br\u00e9sil, Cameroun, Chili, France, Guatemala, Guin\u00e9e, Gr\u00e8ce, Ha\u00efti, Inde, Indon\u00e9sie, Maroc, Martinique, Maurice, Mexique, Mozambique, Niger, Nigeria, Palestine, Pays basque, P\u00e9rou, Philippines, Canada-Qu\u00e9bec, R\u00e9publique d\u00e9mocratique du Congo, R\u00e9publique Tch\u00e8que, Singapour, Turquie , Ukraine et Uruguay.<\/p>\n<p style=\"text-align: justify;\">\u00c0 noter que D\u00e9borah P\u00e9p\u00e9 poursuit des \u00e9tudes de psychologie \u00e0 la Facult\u00e9 des sciences humaines de l&rsquo;Universit\u00e9 d&rsquo;Etat d&rsquo;Ha\u00efti. En 2024, elle a donn\u00e9 une lecture d\u2019extraits de sa nouvelle \u00ab Ind\u00e9cences \u00bb lors de la 3<sup>e<\/sup> \u00e9dition de BABELICA [<a href=\"https:\/\/legsedition.net\/public\/2024\/10\/20\/babelica-2024-lecture-dindecences\/\" target=\"_blank\" rel=\"noopener\">Voir ICI<\/a>].<\/p>\n<p>Pour toute commande de la revue au format num\u00e9rique, <a href=\"https:\/\/boutique.alliance-editeurs.org\/fr\/revue-bibliodiversite\/42-resister-et-esperer.html\" target=\"_blank\" rel=\"noopener\">CLIQUER ICI<\/a><\/p>\n<figure id=\"attachment_10813\" aria-describedby=\"caption-attachment-10813\" style=\"width: 214px\" class=\"wp-caption alignnone\"><a href=\"https:\/\/legsedition.net\/public\/wp-content\/uploads\/2026\/09\/COUVERTURE_resister1-2-pdf.jpg\"><img loading=\"lazy\" decoding=\"async\" class=\"wp-image-10813\" src=\"https:\/\/legsedition.net\/public\/wp-content\/uploads\/2026\/09\/COUVERTURE_resister1-2-pdf.jpg\" alt=\"\" width=\"214\" height=\"303\" srcset=\"https:\/\/legsedition.net\/public\/wp-content\/uploads\/2026\/09\/COUVERTURE_resister1-2-pdf.jpg 747w, https:\/\/legsedition.net\/public\/wp-content\/uploads\/2026\/09\/COUVERTURE_resister1-2-pdf-212x300.jpg 212w, https:\/\/legsedition.net\/public\/wp-content\/uploads\/2026\/09\/COUVERTURE_resister1-2-pdf-722x1024.jpg 722w\" sizes=\"auto, (max-width: 214px) 100vw, 214px\" \/><\/a><figcaption id=\"caption-attachment-10813\" class=\"wp-caption-text\">Photo de couverture du num\u00e9ro<\/figcaption><\/figure>\n\n\n<p><\/p>\n","protected":false},"excerpt":{"rendered":"<p>La jeune \u00e9crivaine D\u00e9borah P\u00e9p\u00e9 participe cette ann\u00e9e \u00e0 la 5e \u00e9dition de BABELICA, le salon international de l&rsquo;\u00e9dition ind\u00e9pendante en ligne, qui r\u00e9unira autour d&rsquo;une table ronde, le 22 septembre 2026, 30 auteurs et autrices de 30 pays \u00e0&#8230;<\/p>\n","protected":false},"author":2,"featured_media":10742,"comment_status":"closed","ping_status":"open","sticky":false,"template":"","format":"standard","meta":{"footnotes":""},"categories":[5],"tags":[211,210],"class_list":["post-10803","post","type-post","status-publish","format-standard","has-post-thumbnail","hentry","category-actualites","tag-babelica","tag-deborah-pepe"],"yoast_head":"<!-- This site is optimized with the Yoast SEO plugin v28.4 - https:\/\/yoast.com\/product\/yoast-seo-wordpress\/ -->\n<title>BABELICA donne la parole \u00e0 D\u00e9borah P\u00e9p\u00e9 | LEGS &Eacute;DITION<\/title>\n<meta name=\"description\" content=\"Autrice d&#039;une nouvelle parue dans le recueil collectif titr\u00e9 ...Ind\u00e9cences paru en 2023 sous la direction de Dieulermesson Petit Fr\u00e8re, D\u00e9borah P\u00e9p\u00e9 publie depuis 2020\u00a0des comptes rendus de lecture dans les colonnes de la revue Legs et Litt\u00e9rature. Sa nouvelle intitul\u00e9e \u00ab comme un seul homme \u00bb nous renseigne que quand le peuple s&#039;organise, aucune arm\u00e9e, m\u00eame la plus puissante, ne peut lui tenir t\u00eate.\u00a0\" \/>\n<meta name=\"robots\" content=\"index, follow, max-snippet:-1, max-image-preview:large, max-video-preview:-1\" \/>\n<link rel=\"canonical\" href=\"https:\/\/legsedition.net\/public\/2026\/09\/04\/babelica-donne-la-parole-a-deborah-pepe\/\" \/>\n<meta property=\"og:locale\" content=\"fr_FR\" \/>\n<meta property=\"og:type\" content=\"article\" \/>\n<meta property=\"og:title\" content=\"BABELICA donne la parole \u00e0 D\u00e9borah P\u00e9p\u00e9 | LEGS &Eacute;DITION\" \/>\n<meta property=\"og:description\" content=\"Autrice d&#039;une nouvelle parue dans le recueil collectif titr\u00e9 ...Ind\u00e9cences paru en 2023 sous la direction de Dieulermesson Petit Fr\u00e8re, D\u00e9borah P\u00e9p\u00e9 publie depuis 2020\u00a0des comptes rendus de lecture dans les colonnes de la revue Legs et Litt\u00e9rature. Sa nouvelle intitul\u00e9e \u00ab comme un seul homme \u00bb nous renseigne que quand le peuple s&#039;organise, aucune arm\u00e9e, m\u00eame la plus puissante, ne peut lui tenir t\u00eate.\u00a0\" \/>\n<meta property=\"og:url\" content=\"https:\/\/legsedition.net\/public\/2026\/09\/04\/babelica-donne-la-parole-a-deborah-pepe\/\" \/>\n<meta property=\"og:site_name\" content=\"LEGS &Eacute;DITION\" \/>\n<meta property=\"article:publisher\" content=\"https:\/\/web.facebook.com\/LegsEtLitterature\/\" \/>\n<meta property=\"article:published_time\" content=\"2026-09-04T19:42:39+00:00\" \/>\n<meta property=\"article:modified_time\" content=\"2026-09-04T19:43:09+00:00\" \/>\n<meta property=\"og:image\" content=\"https:\/\/legsedition.net\/public\/wp-content\/uploads\/2026\/09\/Deborag_Pepe.png\" \/>\n\t<meta property=\"og:image:width\" content=\"632\" \/>\n\t<meta property=\"og:image:height\" content=\"911\" \/>\n\t<meta property=\"og:image:type\" content=\"image\/png\" \/>\n<meta name=\"author\" content=\"legs_edition\" \/>\n<meta name=\"twitter:card\" content=\"summary_large_image\" \/>\n<meta name=\"twitter:label1\" content=\"\u00c9crit par\" \/>\n\t<meta name=\"twitter:data1\" content=\"legs_edition\" \/>\n\t<meta name=\"twitter:label2\" content=\"Dur\u00e9e de lecture estim\u00e9e\" \/>\n\t<meta name=\"twitter:data2\" content=\"3 minutes\" \/>\n<script type=\"application\/ld+json\" class=\"yoast-schema-graph\">{\"@context\":\"https:\\\/\\\/schema.org\",\"@graph\":[{\"@type\":\"Article\",\"@id\":\"https:\\\/\\\/legsedition.net\\\/public\\\/2026\\\/09\\\/04\\\/babelica-donne-la-parole-a-deborah-pepe\\\/#article\",\"isPartOf\":{\"@id\":\"https:\\\/\\\/legsedition.net\\\/public\\\/2026\\\/09\\\/04\\\/babelica-donne-la-parole-a-deborah-pepe\\\/\"},\"author\":{\"name\":\"legs_edition\",\"@id\":\"https:\\\/\\\/legsedition.net\\\/public\\\/#\\\/schema\\\/person\\\/a81dabaa18e65b48c79f8bbffa63ec58\"},\"headline\":\"BABELICA donne la parole \u00e0 D\u00e9borah P\u00e9p\u00e9\",\"datePublished\":\"2026-09-04T19:42:39+00:00\",\"dateModified\":\"2026-09-04T19:43:09+00:00\",\"mainEntityOfPage\":{\"@id\":\"https:\\\/\\\/legsedition.net\\\/public\\\/2026\\\/09\\\/04\\\/babelica-donne-la-parole-a-deborah-pepe\\\/\"},\"wordCount\":521,\"image\":{\"@id\":\"https:\\\/\\\/legsedition.net\\\/public\\\/2026\\\/09\\\/04\\\/babelica-donne-la-parole-a-deborah-pepe\\\/#primaryimage\"},\"thumbnailUrl\":\"https:\\\/\\\/legsedition.net\\\/public\\\/wp-content\\\/uploads\\\/2026\\\/09\\\/Deborag_Pepe.png\",\"keywords\":[\"Babelica\",\"Deborah Pepe\"],\"articleSection\":[\"Actualites\"],\"inLanguage\":\"fr-FR\"},{\"@type\":\"WebPage\",\"@id\":\"https:\\\/\\\/legsedition.net\\\/public\\\/2026\\\/09\\\/04\\\/babelica-donne-la-parole-a-deborah-pepe\\\/\",\"url\":\"https:\\\/\\\/legsedition.net\\\/public\\\/2026\\\/09\\\/04\\\/babelica-donne-la-parole-a-deborah-pepe\\\/\",\"name\":\"BABELICA donne la parole \u00e0 D\u00e9borah P\u00e9p\u00e9 | LEGS &Eacute;DITION\",\"isPartOf\":{\"@id\":\"https:\\\/\\\/legsedition.net\\\/public\\\/#website\"},\"primaryImageOfPage\":{\"@id\":\"https:\\\/\\\/legsedition.net\\\/public\\\/2026\\\/09\\\/04\\\/babelica-donne-la-parole-a-deborah-pepe\\\/#primaryimage\"},\"image\":{\"@id\":\"https:\\\/\\\/legsedition.net\\\/public\\\/2026\\\/09\\\/04\\\/babelica-donne-la-parole-a-deborah-pepe\\\/#primaryimage\"},\"thumbnailUrl\":\"https:\\\/\\\/legsedition.net\\\/public\\\/wp-content\\\/uploads\\\/2026\\\/09\\\/Deborag_Pepe.png\",\"datePublished\":\"2026-09-04T19:42:39+00:00\",\"dateModified\":\"2026-09-04T19:43:09+00:00\",\"author\":{\"@id\":\"https:\\\/\\\/legsedition.net\\\/public\\\/#\\\/schema\\\/person\\\/a81dabaa18e65b48c79f8bbffa63ec58\"},\"description\":\"Autrice d'une nouvelle parue dans le recueil collectif titr\u00e9 ...Ind\u00e9cences paru en 2023 sous la direction de Dieulermesson Petit Fr\u00e8re, D\u00e9borah P\u00e9p\u00e9 publie depuis 2020\u00a0des comptes rendus de lecture dans les colonnes de la revue Legs et Litt\u00e9rature. Sa nouvelle intitul\u00e9e \u00ab comme un seul homme \u00bb nous renseigne que quand le peuple s'organise, aucune arm\u00e9e, m\u00eame la plus puissante, ne peut lui tenir t\u00eate.\u00a0\",\"breadcrumb\":{\"@id\":\"https:\\\/\\\/legsedition.net\\\/public\\\/2026\\\/09\\\/04\\\/babelica-donne-la-parole-a-deborah-pepe\\\/#breadcrumb\"},\"inLanguage\":\"fr-FR\",\"potentialAction\":[{\"@type\":\"ReadAction\",\"target\":[\"https:\\\/\\\/legsedition.net\\\/public\\\/2026\\\/09\\\/04\\\/babelica-donne-la-parole-a-deborah-pepe\\\/\"]}]},{\"@type\":\"ImageObject\",\"inLanguage\":\"fr-FR\",\"@id\":\"https:\\\/\\\/legsedition.net\\\/public\\\/2026\\\/09\\\/04\\\/babelica-donne-la-parole-a-deborah-pepe\\\/#primaryimage\",\"url\":\"https:\\\/\\\/legsedition.net\\\/public\\\/wp-content\\\/uploads\\\/2026\\\/09\\\/Deborag_Pepe.png\",\"contentUrl\":\"https:\\\/\\\/legsedition.net\\\/public\\\/wp-content\\\/uploads\\\/2026\\\/09\\\/Deborag_Pepe.png\",\"width\":632,\"height\":911},{\"@type\":\"BreadcrumbList\",\"@id\":\"https:\\\/\\\/legsedition.net\\\/public\\\/2026\\\/09\\\/04\\\/babelica-donne-la-parole-a-deborah-pepe\\\/#breadcrumb\",\"itemListElement\":[{\"@type\":\"ListItem\",\"position\":1,\"name\":\"Home\",\"item\":\"https:\\\/\\\/legsedition.net\\\/public\\\/\"},{\"@type\":\"ListItem\",\"position\":2,\"name\":\"BABELICA donne la parole \u00e0 D\u00e9borah P\u00e9p\u00e9\"}]},{\"@type\":\"WebSite\",\"@id\":\"https:\\\/\\\/legsedition.net\\\/public\\\/#website\",\"url\":\"https:\\\/\\\/legsedition.net\\\/public\\\/\",\"name\":\"LEGS &Eacute;DITION\",\"description\":\"\",\"potentialAction\":[{\"@type\":\"SearchAction\",\"target\":{\"@type\":\"EntryPoint\",\"urlTemplate\":\"https:\\\/\\\/legsedition.net\\\/public\\\/?s={search_term_string}\"},\"query-input\":{\"@type\":\"PropertyValueSpecification\",\"valueRequired\":true,\"valueName\":\"search_term_string\"}}],\"inLanguage\":\"fr-FR\"},{\"@type\":\"Person\",\"@id\":\"https:\\\/\\\/legsedition.net\\\/public\\\/#\\\/schema\\\/person\\\/a81dabaa18e65b48c79f8bbffa63ec58\",\"name\":\"legs_edition\"}]}<\/script>\n<!-- \/ Yoast SEO plugin. -->","yoast_head_json":{"title":"BABELICA donne la parole \u00e0 D\u00e9borah P\u00e9p\u00e9 | LEGS &Eacute;DITION","description":"Autrice d'une nouvelle parue dans le recueil collectif titr\u00e9 ...Ind\u00e9cences paru en 2023 sous la direction de Dieulermesson Petit Fr\u00e8re, D\u00e9borah P\u00e9p\u00e9 publie depuis 2020\u00a0des comptes rendus de lecture dans les colonnes de la revue Legs et Litt\u00e9rature. Sa nouvelle intitul\u00e9e \u00ab comme un seul homme \u00bb nous renseigne que quand le peuple s'organise, aucune arm\u00e9e, m\u00eame la plus puissante, ne peut lui tenir t\u00eate.\u00a0","robots":{"index":"index","follow":"follow","max-snippet":"max-snippet:-1","max-image-preview":"max-image-preview:large","max-video-preview":"max-video-preview:-1"},"canonical":"https:\/\/legsedition.net\/public\/2026\/09\/04\/babelica-donne-la-parole-a-deborah-pepe\/","og_locale":"fr_FR","og_type":"article","og_title":"BABELICA donne la parole \u00e0 D\u00e9borah P\u00e9p\u00e9 | LEGS &Eacute;DITION","og_description":"Autrice d'une nouvelle parue dans le recueil collectif titr\u00e9 ...Ind\u00e9cences paru en 2023 sous la direction de Dieulermesson Petit Fr\u00e8re, D\u00e9borah P\u00e9p\u00e9 publie depuis 2020\u00a0des comptes rendus de lecture dans les colonnes de la revue Legs et Litt\u00e9rature. Sa nouvelle intitul\u00e9e \u00ab comme un seul homme \u00bb nous renseigne que quand le peuple s'organise, aucune arm\u00e9e, m\u00eame la plus puissante, ne peut lui tenir t\u00eate.\u00a0","og_url":"https:\/\/legsedition.net\/public\/2026\/09\/04\/babelica-donne-la-parole-a-deborah-pepe\/","og_site_name":"LEGS &Eacute;DITION","article_publisher":"https:\/\/web.facebook.com\/LegsEtLitterature\/","article_published_time":"2026-09-04T19:42:39+00:00","article_modified_time":"2026-09-04T19:43:09+00:00","og_image":[{"width":632,"height":911,"url":"https:\/\/legsedition.net\/public\/wp-content\/uploads\/2026\/09\/Deborag_Pepe.png","type":"image\/png"}],"author":"legs_edition","twitter_card":"summary_large_image","twitter_misc":{"\u00c9crit par":"legs_edition","Dur\u00e9e de lecture estim\u00e9e":"3 minutes"},"schema":{"@context":"https:\/\/schema.org","@graph":[{"@type":"Article","@id":"https:\/\/legsedition.net\/public\/2026\/09\/04\/babelica-donne-la-parole-a-deborah-pepe\/#article","isPartOf":{"@id":"https:\/\/legsedition.net\/public\/2026\/09\/04\/babelica-donne-la-parole-a-deborah-pepe\/"},"author":{"name":"legs_edition","@id":"https:\/\/legsedition.net\/public\/#\/schema\/person\/a81dabaa18e65b48c79f8bbffa63ec58"},"headline":"BABELICA donne la parole \u00e0 D\u00e9borah P\u00e9p\u00e9","datePublished":"2026-09-04T19:42:39+00:00","dateModified":"2026-09-04T19:43:09+00:00","mainEntityOfPage":{"@id":"https:\/\/legsedition.net\/public\/2026\/09\/04\/babelica-donne-la-parole-a-deborah-pepe\/"},"wordCount":521,"image":{"@id":"https:\/\/legsedition.net\/public\/2026\/09\/04\/babelica-donne-la-parole-a-deborah-pepe\/#primaryimage"},"thumbnailUrl":"https:\/\/legsedition.net\/public\/wp-content\/uploads\/2026\/09\/Deborag_Pepe.png","keywords":["Babelica","Deborah Pepe"],"articleSection":["Actualites"],"inLanguage":"fr-FR"},{"@type":"WebPage","@id":"https:\/\/legsedition.net\/public\/2026\/09\/04\/babelica-donne-la-parole-a-deborah-pepe\/","url":"https:\/\/legsedition.net\/public\/2026\/09\/04\/babelica-donne-la-parole-a-deborah-pepe\/","name":"BABELICA donne la parole \u00e0 D\u00e9borah P\u00e9p\u00e9 | LEGS &Eacute;DITION","isPartOf":{"@id":"https:\/\/legsedition.net\/public\/#website"},"primaryImageOfPage":{"@id":"https:\/\/legsedition.net\/public\/2026\/09\/04\/babelica-donne-la-parole-a-deborah-pepe\/#primaryimage"},"image":{"@id":"https:\/\/legsedition.net\/public\/2026\/09\/04\/babelica-donne-la-parole-a-deborah-pepe\/#primaryimage"},"thumbnailUrl":"https:\/\/legsedition.net\/public\/wp-content\/uploads\/2026\/09\/Deborag_Pepe.png","datePublished":"2026-09-04T19:42:39+00:00","dateModified":"2026-09-04T19:43:09+00:00","author":{"@id":"https:\/\/legsedition.net\/public\/#\/schema\/person\/a81dabaa18e65b48c79f8bbffa63ec58"},"description":"Autrice d'une nouvelle parue dans le recueil collectif titr\u00e9 ...Ind\u00e9cences paru en 2023 sous la direction de Dieulermesson Petit Fr\u00e8re, D\u00e9borah P\u00e9p\u00e9 publie depuis 2020\u00a0des comptes rendus de lecture dans les colonnes de la revue Legs et Litt\u00e9rature. Sa nouvelle intitul\u00e9e \u00ab comme un seul homme \u00bb nous renseigne que quand le peuple s'organise, aucune arm\u00e9e, m\u00eame la plus puissante, ne peut lui tenir t\u00eate.\u00a0","breadcrumb":{"@id":"https:\/\/legsedition.net\/public\/2026\/09\/04\/babelica-donne-la-parole-a-deborah-pepe\/#breadcrumb"},"inLanguage":"fr-FR","potentialAction":[{"@type":"ReadAction","target":["https:\/\/legsedition.net\/public\/2026\/09\/04\/babelica-donne-la-parole-a-deborah-pepe\/"]}]},{"@type":"ImageObject","inLanguage":"fr-FR","@id":"https:\/\/legsedition.net\/public\/2026\/09\/04\/babelica-donne-la-parole-a-deborah-pepe\/#primaryimage","url":"https:\/\/legsedition.net\/public\/wp-content\/uploads\/2026\/09\/Deborag_Pepe.png","contentUrl":"https:\/\/legsedition.net\/public\/wp-content\/uploads\/2026\/09\/Deborag_Pepe.png","width":632,"height":911},{"@type":"BreadcrumbList","@id":"https:\/\/legsedition.net\/public\/2026\/09\/04\/babelica-donne-la-parole-a-deborah-pepe\/#breadcrumb","itemListElement":[{"@type":"ListItem","position":1,"name":"Home","item":"https:\/\/legsedition.net\/public\/"},{"@type":"ListItem","position":2,"name":"BABELICA donne la parole \u00e0 D\u00e9borah P\u00e9p\u00e9"}]},{"@type":"WebSite","@id":"https:\/\/legsedition.net\/public\/#website","url":"https:\/\/legsedition.net\/public\/","name":"LEGS &Eacute;DITION","description":"","potentialAction":[{"@type":"SearchAction","target":{"@type":"EntryPoint","urlTemplate":"https:\/\/legsedition.net\/public\/?s={search_term_string}"},"query-input":{"@type":"PropertyValueSpecification","valueRequired":true,"valueName":"search_term_string"}}],"inLanguage":"fr-FR"},{"@type":"Person","@id":"https:\/\/legsedition.net\/public\/#\/schema\/person\/a81dabaa18e65b48c79f8bbffa63ec58","name":"legs_edition"}]}},"_links":{"self":[{"href":"https:\/\/legsedition.net\/public\/wp-json\/wp\/v2\/posts\/10803","targetHints":{"allow":["GET"]}}],"collection":[{"href":"https:\/\/legsedition.net\/public\/wp-json\/wp\/v2\/posts"}],"about":[{"href":"https:\/\/legsedition.net\/public\/wp-json\/wp\/v2\/types\/post"}],"author":[{"embeddable":true,"href":"https:\/\/legsedition.net\/public\/wp-json\/wp\/v2\/users\/2"}],"replies":[{"embeddable":true,"href":"https:\/\/legsedition.net\/public\/wp-json\/wp\/v2\/comments?post=10803"}],"version-history":[{"count":23,"href":"https:\/\/legsedition.net\/public\/wp-json\/wp\/v2\/posts\/10803\/revisions"}],"predecessor-version":[{"id":10827,"href":"https:\/\/legsedition.net\/public\/wp-json\/wp\/v2\/posts\/10803\/revisions\/10827"}],"wp:featuredmedia":[{"embeddable":true,"href":"https:\/\/legsedition.net\/public\/wp-json\/wp\/v2\/media\/10742"}],"wp:attachment":[{"href":"https:\/\/legsedition.net\/public\/wp-json\/wp\/v2\/media?parent=10803"}],"wp:term":[{"taxonomy":"category","embeddable":true,"href":"https:\/\/legsedition.net\/public\/wp-json\/wp\/v2\/categories?post=10803"},{"taxonomy":"post_tag","embeddable":true,"href":"https:\/\/legsedition.net\/public\/wp-json\/wp\/v2\/tags?post=10803"}],"curies":[{"name":"wp","href":"https:\/\/api.w.org\/{rel}","templated":true}]}}