{"id":1304,"date":"2018-04-29T16:14:14","date_gmt":"2018-04-29T16:14:14","guid":{"rendered":"http:\/\/legsedition.net\/public\/?p=1304"},"modified":"2024-12-31T12:31:05","modified_gmt":"2024-12-31T12:31:05","slug":"les-bas-fonds-de-la-memoire","status":"publish","type":"post","link":"https:\/\/legsedition.net\/public\/2018\/04\/29\/les-bas-fonds-de-la-memoire\/","title":{"rendered":"Les Bas-Fonds de la m\u00e9moire"},"content":{"rendered":"<p><strong><a href=\"http:\/\/legsedition.net\/public\/wp-content\/uploads\/2018\/02\/cover_1_les_bas_fonds_lpd_.png\"><img fetchpriority=\"high\" decoding=\"async\" class=\"size-medium wp-image-1329 alignleft\" src=\"http:\/\/legsedition.net\/public\/wp-content\/uploads\/2018\/02\/cover_1_les_bas_fonds_lpd_-192x300.png\" alt=\"\" width=\"192\" height=\"300\" srcset=\"https:\/\/legsedition.net\/public\/wp-content\/uploads\/2018\/02\/cover_1_les_bas_fonds_lpd_-192x300.png 192w, https:\/\/legsedition.net\/public\/wp-content\/uploads\/2018\/02\/cover_1_les_bas_fonds_lpd_-102x160.png 102w, https:\/\/legsedition.net\/public\/wp-content\/uploads\/2018\/02\/cover_1_les_bas_fonds_lpd_.png 322w\" sizes=\"(max-width: 192px) 100vw, 192px\" \/><\/a>Auteur : <\/strong>Louis-Philippe Dalembert<\/p>\n<p><strong>Titre : <\/strong>Les Bas-Fonds de la m\u00e9moire<\/p>\n<p><strong>Collection : <\/strong>Hybrides<\/p>\n<p><strong>ISBN : <\/strong><\/p>\n<p><strong>Date de parution : <\/strong>20 avril 2018<\/p>\n<p><strong>Prix :<\/strong> 13 USD<\/p>\n<p>Paru d&rsquo;abord en 2012, Louis-Philippe Dalembert a re\u00e7u pour ce livre la Bourse de la Soci\u00e9t\u00e9 du Rhum Barbancourt en 2011. Dans ce recueil, Dalembert se propose, \u00e9crit W\u00e9bert Charles, de nous faire \u00ab\u00a0d\u00e9couvrir une g\u00e9ographie de l&rsquo;inconscient individuel et collectif d&rsquo;un peuple brave, qui chante et qui rit, pour reprendre les mots de l&rsquo;Oncle. Fouiller dans les Bas-Fonds de la m\u00e9moire de l&rsquo;Ha\u00eftien, c&rsquo;est s&rsquo;attendre \u00e0 des surprises&#8230;\u00a0\u00bb<\/p>\n<p>Dans la promiscuit\u00e9 d\u2019un deux-pi\u00e8ces, un couple baise mal la nuit et \u00e9touffe ses cris de peur de d\u00e9ranger son entourage. Une comp\u00e9tition de culture g\u00e9n\u00e9rale entre des enfants issus des bas quartiers et des couches ais\u00e9es fait des vagues \u00e0 Bas-Peu-de-chose. \u00c0 la veille des c\u00e9l\u00e9brations du bicentenaire de l\u2019Ind\u00e9pendance, un \u00ab diaspora \u00bb d\u00e9barque \u00e0 Port-au-Prince et s&rsquo;\u00e9meut devant la d\u00e9gradation du pays.<\/p>\n<p>Invitation au voyage, d\u00e9sirs, capture du temps, <em>Les Bas-Fonds de la m\u00e9moire<\/em>\u00a0offrent une plong\u00e9e dans l\u2019imaginaire des villes et des hommes, du r\u00eave et de la m\u00e9moire. Six nouvelles li\u00e9es par les souvenirs, les r\u00eaveries et la marche du temps, dans lesquelles Louis-Philippe Dalembert \u00e9voque son rapport avec les mondes.<\/p>\n<p><strong><b>\u00c0 <\/b>propos de l&rsquo;auteur : <\/strong><\/p>\n<p style=\"text-align: justify;\">Louis-Philippe Dalembert est n\u00e9 \u00e0 Port-au-Prince le 8 d\u00e9cembre 1962. Ancien \u00e9l\u00e8ve de l\u2019\u00c9cole normale sup\u00e9rieure, il d\u00e9tient un dipl\u00f4me en journalisme de l\u2019\u00c9cole sup\u00e9rieure de journalisme de Paris et un doctorat en litt\u00e9rature compar\u00e9e de l\u2019Universit\u00e9 Paris III Sorbonne-Nouvelle. Globe-trotteur, ancien pensionnaire de la Villa Medicis \u00e0 Rome, il s\u00e9journe \u00e0 J\u00e9rusalem, voyage en Isra\u00ebl, en Palestine, en \u00c9gypte et en Jordanie. Laur\u00e9at du prix Casa de las Americas pour <em>Les dieux voyagent la nuit<\/em>\u00a0en 2008 et du prix Thyde Monnier de la Soci\u00e9t\u00e9 des Gens de Lettres pour\u00a0<em>Ballade d\u2019un amour inachev\u00e9<\/em>\u00a0en 2013, il a re\u00e7u le prix du livre France Bleu\/Page des libraires et le prix Orange pour son dernier roman\u00a0<em>Avant que les ombres s\u2019effacent<\/em>\u00a0paru en 2017 chez Sabine Wespieser.<\/p>\n<hr \/>\n<p><strong>Dans la presse :\u00a0<\/strong><\/p>\n<p>Carl Pierrecq, \u00ab\u00a0<em><a href=\"https:\/\/legsedition.net\/public\/2024\/10\/20\/babelica-2024-lecture-les-bas-fonds-de-la-memoire\/\" target=\"_blank\" rel=\"noopener\">Lecture de Les bas-fonds de la m\u00e9moire<\/a>\u00ab\u00a0<\/em>, <em>BABELICA<\/em>, septembre 2024.<\/p>\n","protected":false},"excerpt":{"rendered":"<p>Auteur : Louis-Philippe Dalembert Titre : Les Bas-Fonds de la m\u00e9moire Collection : Hybrides ISBN : Date de parution : 20 avril 2018 Prix : 13 USD Paru d&rsquo;abord en 2012, Louis-Philippe Dalembert a re\u00e7u pour ce livre la Bourse&#8230;<\/p>\n","protected":false},"author":2,"featured_media":1329,"comment_status":"open","ping_status":"open","sticky":false,"template":"","format":"standard","meta":{"footnotes":""},"categories":[5,14],"tags":[],"class_list":["post-1304","post","type-post","status-publish","format-standard","has-post-thumbnail","hentry","category-actualites","category-nouveautes"],"yoast_head":"<!-- This site is optimized with the Yoast SEO plugin v27.4 - https:\/\/yoast.com\/product\/yoast-seo-wordpress\/ -->\n<title>Les Bas-Fonds de la m\u00e9moire | LEGS &Eacute;DITION<\/title>\n<meta name=\"robots\" content=\"index, follow, max-snippet:-1, max-image-preview:large, max-video-preview:-1\" \/>\n<link rel=\"canonical\" href=\"https:\/\/legsedition.net\/public\/2018\/04\/29\/les-bas-fonds-de-la-memoire\/\" \/>\n<meta property=\"og:locale\" content=\"fr_FR\" \/>\n<meta property=\"og:type\" content=\"article\" \/>\n<meta property=\"og:title\" content=\"Les Bas-Fonds de la m\u00e9moire | LEGS &Eacute;DITION\" \/>\n<meta property=\"og:description\" content=\"Auteur : Louis-Philippe Dalembert Titre : Les Bas-Fonds de la m\u00e9moire Collection : Hybrides ISBN : Date de parution : 20 avril 2018 Prix : 13 USD Paru d&rsquo;abord en 2012, Louis-Philippe Dalembert a re\u00e7u pour ce livre la Bourse...\" \/>\n<meta property=\"og:url\" content=\"https:\/\/legsedition.net\/public\/2018\/04\/29\/les-bas-fonds-de-la-memoire\/\" \/>\n<meta property=\"og:site_name\" content=\"LEGS &Eacute;DITION\" \/>\n<meta property=\"article:publisher\" content=\"https:\/\/web.facebook.com\/LegsEtLitterature\/\" \/>\n<meta property=\"article:published_time\" content=\"2018-04-29T16:14:14+00:00\" \/>\n<meta property=\"article:modified_time\" content=\"2024-12-31T12:31:05+00:00\" \/>\n<meta property=\"og:image\" content=\"https:\/\/legsedition.net\/public\/wp-content\/uploads\/2018\/02\/cover_1_les_bas_fonds_lpd_.png\" \/>\n\t<meta property=\"og:image:width\" content=\"322\" \/>\n\t<meta property=\"og:image:height\" content=\"503\" \/>\n\t<meta property=\"og:image:type\" content=\"image\/png\" \/>\n<meta name=\"author\" content=\"legs_edition\" \/>\n<meta name=\"twitter:card\" content=\"summary_large_image\" \/>\n<meta name=\"twitter:label1\" content=\"\u00c9crit par\" \/>\n\t<meta name=\"twitter:data1\" content=\"legs_edition\" \/>\n\t<meta name=\"twitter:label2\" content=\"Dur\u00e9e de lecture estim\u00e9e\" \/>\n\t<meta name=\"twitter:data2\" content=\"3 minutes\" \/>\n<script type=\"application\/ld+json\" class=\"yoast-schema-graph\">{\"@context\":\"https:\\\/\\\/schema.org\",\"@graph\":[{\"@type\":\"Article\",\"@id\":\"https:\\\/\\\/legsedition.net\\\/public\\\/2018\\\/04\\\/29\\\/les-bas-fonds-de-la-memoire\\\/#article\",\"isPartOf\":{\"@id\":\"https:\\\/\\\/legsedition.net\\\/public\\\/2018\\\/04\\\/29\\\/les-bas-fonds-de-la-memoire\\\/\"},\"author\":{\"name\":\"legs_edition\",\"@id\":\"https:\\\/\\\/legsedition.net\\\/public\\\/#\\\/schema\\\/person\\\/a81dabaa18e65b48c79f8bbffa63ec58\"},\"headline\":\"Les Bas-Fonds de la m\u00e9moire\",\"datePublished\":\"2018-04-29T16:14:14+00:00\",\"dateModified\":\"2024-12-31T12:31:05+00:00\",\"mainEntityOfPage\":{\"@id\":\"https:\\\/\\\/legsedition.net\\\/public\\\/2018\\\/04\\\/29\\\/les-bas-fonds-de-la-memoire\\\/\"},\"wordCount\":396,\"commentCount\":0,\"image\":{\"@id\":\"https:\\\/\\\/legsedition.net\\\/public\\\/2018\\\/04\\\/29\\\/les-bas-fonds-de-la-memoire\\\/#primaryimage\"},\"thumbnailUrl\":\"https:\\\/\\\/legsedition.net\\\/public\\\/wp-content\\\/uploads\\\/2018\\\/02\\\/cover_1_les_bas_fonds_lpd_.png\",\"articleSection\":[\"Actualites\",\"Nouveaut\u00e9s\"],\"inLanguage\":\"fr-FR\",\"potentialAction\":[{\"@type\":\"CommentAction\",\"name\":\"Comment\",\"target\":[\"https:\\\/\\\/legsedition.net\\\/public\\\/2018\\\/04\\\/29\\\/les-bas-fonds-de-la-memoire\\\/#respond\"]}]},{\"@type\":\"WebPage\",\"@id\":\"https:\\\/\\\/legsedition.net\\\/public\\\/2018\\\/04\\\/29\\\/les-bas-fonds-de-la-memoire\\\/\",\"url\":\"https:\\\/\\\/legsedition.net\\\/public\\\/2018\\\/04\\\/29\\\/les-bas-fonds-de-la-memoire\\\/\",\"name\":\"Les Bas-Fonds de la m\u00e9moire | LEGS &Eacute;DITION\",\"isPartOf\":{\"@id\":\"https:\\\/\\\/legsedition.net\\\/public\\\/#website\"},\"primaryImageOfPage\":{\"@id\":\"https:\\\/\\\/legsedition.net\\\/public\\\/2018\\\/04\\\/29\\\/les-bas-fonds-de-la-memoire\\\/#primaryimage\"},\"image\":{\"@id\":\"https:\\\/\\\/legsedition.net\\\/public\\\/2018\\\/04\\\/29\\\/les-bas-fonds-de-la-memoire\\\/#primaryimage\"},\"thumbnailUrl\":\"https:\\\/\\\/legsedition.net\\\/public\\\/wp-content\\\/uploads\\\/2018\\\/02\\\/cover_1_les_bas_fonds_lpd_.png\",\"datePublished\":\"2018-04-29T16:14:14+00:00\",\"dateModified\":\"2024-12-31T12:31:05+00:00\",\"author\":{\"@id\":\"https:\\\/\\\/legsedition.net\\\/public\\\/#\\\/schema\\\/person\\\/a81dabaa18e65b48c79f8bbffa63ec58\"},\"breadcrumb\":{\"@id\":\"https:\\\/\\\/legsedition.net\\\/public\\\/2018\\\/04\\\/29\\\/les-bas-fonds-de-la-memoire\\\/#breadcrumb\"},\"inLanguage\":\"fr-FR\",\"potentialAction\":[{\"@type\":\"ReadAction\",\"target\":[\"https:\\\/\\\/legsedition.net\\\/public\\\/2018\\\/04\\\/29\\\/les-bas-fonds-de-la-memoire\\\/\"]}]},{\"@type\":\"ImageObject\",\"inLanguage\":\"fr-FR\",\"@id\":\"https:\\\/\\\/legsedition.net\\\/public\\\/2018\\\/04\\\/29\\\/les-bas-fonds-de-la-memoire\\\/#primaryimage\",\"url\":\"https:\\\/\\\/legsedition.net\\\/public\\\/wp-content\\\/uploads\\\/2018\\\/02\\\/cover_1_les_bas_fonds_lpd_.png\",\"contentUrl\":\"https:\\\/\\\/legsedition.net\\\/public\\\/wp-content\\\/uploads\\\/2018\\\/02\\\/cover_1_les_bas_fonds_lpd_.png\",\"width\":322,\"height\":503},{\"@type\":\"BreadcrumbList\",\"@id\":\"https:\\\/\\\/legsedition.net\\\/public\\\/2018\\\/04\\\/29\\\/les-bas-fonds-de-la-memoire\\\/#breadcrumb\",\"itemListElement\":[{\"@type\":\"ListItem\",\"position\":1,\"name\":\"Home\",\"item\":\"https:\\\/\\\/legsedition.net\\\/public\\\/\"},{\"@type\":\"ListItem\",\"position\":2,\"name\":\"Les Bas-Fonds de la m\u00e9moire\"}]},{\"@type\":\"WebSite\",\"@id\":\"https:\\\/\\\/legsedition.net\\\/public\\\/#website\",\"url\":\"https:\\\/\\\/legsedition.net\\\/public\\\/\",\"name\":\"LEGS &Eacute;DITION\",\"description\":\"\",\"potentialAction\":[{\"@type\":\"SearchAction\",\"target\":{\"@type\":\"EntryPoint\",\"urlTemplate\":\"https:\\\/\\\/legsedition.net\\\/public\\\/?s={search_term_string}\"},\"query-input\":{\"@type\":\"PropertyValueSpecification\",\"valueRequired\":true,\"valueName\":\"search_term_string\"}}],\"inLanguage\":\"fr-FR\"},{\"@type\":\"Person\",\"@id\":\"https:\\\/\\\/legsedition.net\\\/public\\\/#\\\/schema\\\/person\\\/a81dabaa18e65b48c79f8bbffa63ec58\",\"name\":\"legs_edition\",\"image\":{\"@type\":\"ImageObject\",\"inLanguage\":\"fr-FR\",\"@id\":\"https:\\\/\\\/secure.gravatar.com\\\/avatar\\\/fa0fff0d692be3e90f567b7de089c52e1b33cd043cc784ccc7b3be10223ea819?s=96&d=mm&r=g\",\"url\":\"https:\\\/\\\/secure.gravatar.com\\\/avatar\\\/fa0fff0d692be3e90f567b7de089c52e1b33cd043cc784ccc7b3be10223ea819?s=96&d=mm&r=g\",\"contentUrl\":\"https:\\\/\\\/secure.gravatar.com\\\/avatar\\\/fa0fff0d692be3e90f567b7de089c52e1b33cd043cc784ccc7b3be10223ea819?s=96&d=mm&r=g\",\"caption\":\"legs_edition\"}}]}<\/script>\n<!-- \/ Yoast SEO plugin. -->","yoast_head_json":{"title":"Les Bas-Fonds de la m\u00e9moire | LEGS &Eacute;DITION","robots":{"index":"index","follow":"follow","max-snippet":"max-snippet:-1","max-image-preview":"max-image-preview:large","max-video-preview":"max-video-preview:-1"},"canonical":"https:\/\/legsedition.net\/public\/2018\/04\/29\/les-bas-fonds-de-la-memoire\/","og_locale":"fr_FR","og_type":"article","og_title":"Les Bas-Fonds de la m\u00e9moire | LEGS &Eacute;DITION","og_description":"Auteur : Louis-Philippe Dalembert Titre : Les Bas-Fonds de la m\u00e9moire Collection : Hybrides ISBN : Date de parution : 20 avril 2018 Prix : 13 USD Paru d&rsquo;abord en 2012, Louis-Philippe Dalembert a re\u00e7u pour ce livre la Bourse...","og_url":"https:\/\/legsedition.net\/public\/2018\/04\/29\/les-bas-fonds-de-la-memoire\/","og_site_name":"LEGS &Eacute;DITION","article_publisher":"https:\/\/web.facebook.com\/LegsEtLitterature\/","article_published_time":"2018-04-29T16:14:14+00:00","article_modified_time":"2024-12-31T12:31:05+00:00","og_image":[{"width":322,"height":503,"url":"https:\/\/legsedition.net\/public\/wp-content\/uploads\/2018\/02\/cover_1_les_bas_fonds_lpd_.png","type":"image\/png"}],"author":"legs_edition","twitter_card":"summary_large_image","twitter_misc":{"\u00c9crit par":"legs_edition","Dur\u00e9e de lecture estim\u00e9e":"3 minutes"},"schema":{"@context":"https:\/\/schema.org","@graph":[{"@type":"Article","@id":"https:\/\/legsedition.net\/public\/2018\/04\/29\/les-bas-fonds-de-la-memoire\/#article","isPartOf":{"@id":"https:\/\/legsedition.net\/public\/2018\/04\/29\/les-bas-fonds-de-la-memoire\/"},"author":{"name":"legs_edition","@id":"https:\/\/legsedition.net\/public\/#\/schema\/person\/a81dabaa18e65b48c79f8bbffa63ec58"},"headline":"Les Bas-Fonds de la m\u00e9moire","datePublished":"2018-04-29T16:14:14+00:00","dateModified":"2024-12-31T12:31:05+00:00","mainEntityOfPage":{"@id":"https:\/\/legsedition.net\/public\/2018\/04\/29\/les-bas-fonds-de-la-memoire\/"},"wordCount":396,"commentCount":0,"image":{"@id":"https:\/\/legsedition.net\/public\/2018\/04\/29\/les-bas-fonds-de-la-memoire\/#primaryimage"},"thumbnailUrl":"https:\/\/legsedition.net\/public\/wp-content\/uploads\/2018\/02\/cover_1_les_bas_fonds_lpd_.png","articleSection":["Actualites","Nouveaut\u00e9s"],"inLanguage":"fr-FR","potentialAction":[{"@type":"CommentAction","name":"Comment","target":["https:\/\/legsedition.net\/public\/2018\/04\/29\/les-bas-fonds-de-la-memoire\/#respond"]}]},{"@type":"WebPage","@id":"https:\/\/legsedition.net\/public\/2018\/04\/29\/les-bas-fonds-de-la-memoire\/","url":"https:\/\/legsedition.net\/public\/2018\/04\/29\/les-bas-fonds-de-la-memoire\/","name":"Les Bas-Fonds de la m\u00e9moire | LEGS &Eacute;DITION","isPartOf":{"@id":"https:\/\/legsedition.net\/public\/#website"},"primaryImageOfPage":{"@id":"https:\/\/legsedition.net\/public\/2018\/04\/29\/les-bas-fonds-de-la-memoire\/#primaryimage"},"image":{"@id":"https:\/\/legsedition.net\/public\/2018\/04\/29\/les-bas-fonds-de-la-memoire\/#primaryimage"},"thumbnailUrl":"https:\/\/legsedition.net\/public\/wp-content\/uploads\/2018\/02\/cover_1_les_bas_fonds_lpd_.png","datePublished":"2018-04-29T16:14:14+00:00","dateModified":"2024-12-31T12:31:05+00:00","author":{"@id":"https:\/\/legsedition.net\/public\/#\/schema\/person\/a81dabaa18e65b48c79f8bbffa63ec58"},"breadcrumb":{"@id":"https:\/\/legsedition.net\/public\/2018\/04\/29\/les-bas-fonds-de-la-memoire\/#breadcrumb"},"inLanguage":"fr-FR","potentialAction":[{"@type":"ReadAction","target":["https:\/\/legsedition.net\/public\/2018\/04\/29\/les-bas-fonds-de-la-memoire\/"]}]},{"@type":"ImageObject","inLanguage":"fr-FR","@id":"https:\/\/legsedition.net\/public\/2018\/04\/29\/les-bas-fonds-de-la-memoire\/#primaryimage","url":"https:\/\/legsedition.net\/public\/wp-content\/uploads\/2018\/02\/cover_1_les_bas_fonds_lpd_.png","contentUrl":"https:\/\/legsedition.net\/public\/wp-content\/uploads\/2018\/02\/cover_1_les_bas_fonds_lpd_.png","width":322,"height":503},{"@type":"BreadcrumbList","@id":"https:\/\/legsedition.net\/public\/2018\/04\/29\/les-bas-fonds-de-la-memoire\/#breadcrumb","itemListElement":[{"@type":"ListItem","position":1,"name":"Home","item":"https:\/\/legsedition.net\/public\/"},{"@type":"ListItem","position":2,"name":"Les Bas-Fonds de la m\u00e9moire"}]},{"@type":"WebSite","@id":"https:\/\/legsedition.net\/public\/#website","url":"https:\/\/legsedition.net\/public\/","name":"LEGS &Eacute;DITION","description":"","potentialAction":[{"@type":"SearchAction","target":{"@type":"EntryPoint","urlTemplate":"https:\/\/legsedition.net\/public\/?s={search_term_string}"},"query-input":{"@type":"PropertyValueSpecification","valueRequired":true,"valueName":"search_term_string"}}],"inLanguage":"fr-FR"},{"@type":"Person","@id":"https:\/\/legsedition.net\/public\/#\/schema\/person\/a81dabaa18e65b48c79f8bbffa63ec58","name":"legs_edition","image":{"@type":"ImageObject","inLanguage":"fr-FR","@id":"https:\/\/secure.gravatar.com\/avatar\/fa0fff0d692be3e90f567b7de089c52e1b33cd043cc784ccc7b3be10223ea819?s=96&d=mm&r=g","url":"https:\/\/secure.gravatar.com\/avatar\/fa0fff0d692be3e90f567b7de089c52e1b33cd043cc784ccc7b3be10223ea819?s=96&d=mm&r=g","contentUrl":"https:\/\/secure.gravatar.com\/avatar\/fa0fff0d692be3e90f567b7de089c52e1b33cd043cc784ccc7b3be10223ea819?s=96&d=mm&r=g","caption":"legs_edition"}}]}},"_links":{"self":[{"href":"https:\/\/legsedition.net\/public\/wp-json\/wp\/v2\/posts\/1304","targetHints":{"allow":["GET"]}}],"collection":[{"href":"https:\/\/legsedition.net\/public\/wp-json\/wp\/v2\/posts"}],"about":[{"href":"https:\/\/legsedition.net\/public\/wp-json\/wp\/v2\/types\/post"}],"author":[{"embeddable":true,"href":"https:\/\/legsedition.net\/public\/wp-json\/wp\/v2\/users\/2"}],"replies":[{"embeddable":true,"href":"https:\/\/legsedition.net\/public\/wp-json\/wp\/v2\/comments?post=1304"}],"version-history":[{"count":12,"href":"https:\/\/legsedition.net\/public\/wp-json\/wp\/v2\/posts\/1304\/revisions"}],"predecessor-version":[{"id":8024,"href":"https:\/\/legsedition.net\/public\/wp-json\/wp\/v2\/posts\/1304\/revisions\/8024"}],"wp:featuredmedia":[{"embeddable":true,"href":"https:\/\/legsedition.net\/public\/wp-json\/wp\/v2\/media\/1329"}],"wp:attachment":[{"href":"https:\/\/legsedition.net\/public\/wp-json\/wp\/v2\/media?parent=1304"}],"wp:term":[{"taxonomy":"category","embeddable":true,"href":"https:\/\/legsedition.net\/public\/wp-json\/wp\/v2\/categories?post=1304"},{"taxonomy":"post_tag","embeddable":true,"href":"https:\/\/legsedition.net\/public\/wp-json\/wp\/v2\/tags?post=1304"}],"curies":[{"name":"wp","href":"https:\/\/api.w.org\/{rel}","templated":true}]}}