{"id":1307,"date":"2018-02-28T15:04:33","date_gmt":"2018-02-28T15:04:33","guid":{"rendered":"http:\/\/legsedition.net\/public\/?p=1307"},"modified":"2018-02-28T15:10:21","modified_gmt":"2018-02-28T15:10:21","slug":"vente-signature-du-premier-roman-de-sybille-claude-la-librairie-la-pleiade","status":"publish","type":"post","link":"https:\/\/legsedition.net\/public\/2018\/02\/28\/vente-signature-du-premier-roman-de-sybille-claude-la-librairie-la-pleiade\/","title":{"rendered":"Vente-signature du premier roman de Sybille Claude \u00e0 la librairie La Pl\u00e9iade"},"content":{"rendered":"<p><a href=\"http:\/\/legsedition.net\/public\/wp-content\/uploads\/2018\/02\/cover_sybille_1.png\"><img decoding=\"async\" class=\"size-medium wp-image-1309 alignleft\" src=\"http:\/\/legsedition.net\/public\/wp-content\/uploads\/2018\/02\/cover_sybille_1-156x300.png\" alt=\"\" width=\"156\" height=\"300\" srcset=\"https:\/\/legsedition.net\/public\/wp-content\/uploads\/2018\/02\/cover_sybille_1-156x300.png 156w, https:\/\/legsedition.net\/public\/wp-content\/uploads\/2018\/02\/cover_sybille_1-83x160.png 83w, https:\/\/legsedition.net\/public\/wp-content\/uploads\/2018\/02\/cover_sybille_1.png 267w\" sizes=\"(max-width: 156px) 100vw, 156px\" \/><\/a>LEGS \u00c9DITION et la librairie La Pl\u00e9iade \u00e0 Bois-Patate invitent le public, ce samedi 10 mars 2018 \u00e0 partir de 13h, \u00a0\u00e0 la vente-signature du premier roman de Sybille Claude, <em>Le chant des blessures<\/em>. Une causerie avec l\u2019auteure sera anim\u00e9e par la professeure Darline Alexis suivie de lecture par la com\u00e9dienne Pascale Julio.<\/p>\n","protected":false},"excerpt":{"rendered":"<p>LEGS \u00c9DITION et la librairie La Pl\u00e9iade \u00e0 Bois-Patate invitent le public, ce samedi 10 mars 2018 \u00e0 partir de 13h, \u00a0\u00e0 la vente-signature du premier roman de Sybille Claude, Le chant des blessures. Une causerie avec l\u2019auteure sera anim\u00e9e&#8230;<\/p>\n","protected":false},"author":2,"featured_media":1312,"comment_status":"open","ping_status":"open","sticky":false,"template":"","format":"standard","meta":{"footnotes":""},"categories":[3],"tags":[],"class_list":["post-1307","post","type-post","status-publish","format-standard","has-post-thumbnail","hentry","category-evenements"],"yoast_head":"<!-- This site is optimized with the Yoast SEO plugin v27.4 - https:\/\/yoast.com\/product\/yoast-seo-wordpress\/ -->\n<title>Vente-signature du premier roman de Sybille Claude \u00e0 la librairie La Pl\u00e9iade | LEGS &Eacute;DITION<\/title>\n<meta name=\"robots\" content=\"index, follow, max-snippet:-1, max-image-preview:large, max-video-preview:-1\" \/>\n<link rel=\"canonical\" href=\"https:\/\/legsedition.net\/public\/2018\/02\/28\/vente-signature-du-premier-roman-de-sybille-claude-la-librairie-la-pleiade\/\" \/>\n<meta property=\"og:locale\" content=\"fr_FR\" \/>\n<meta property=\"og:type\" content=\"article\" \/>\n<meta property=\"og:title\" content=\"Vente-signature du premier roman de Sybille Claude \u00e0 la librairie La Pl\u00e9iade | LEGS &Eacute;DITION\" \/>\n<meta property=\"og:description\" content=\"LEGS \u00c9DITION et la librairie La Pl\u00e9iade \u00e0 Bois-Patate invitent le public, ce samedi 10 mars 2018 \u00e0 partir de 13h, \u00a0\u00e0 la vente-signature du premier roman de Sybille Claude, Le chant des blessures. Une causerie avec l\u2019auteure sera anim\u00e9e...\" \/>\n<meta property=\"og:url\" content=\"https:\/\/legsedition.net\/public\/2018\/02\/28\/vente-signature-du-premier-roman-de-sybille-claude-la-librairie-la-pleiade\/\" \/>\n<meta property=\"og:site_name\" content=\"LEGS &Eacute;DITION\" \/>\n<meta property=\"article:publisher\" content=\"https:\/\/web.facebook.com\/LegsEtLitterature\/\" \/>\n<meta property=\"article:published_time\" content=\"2018-02-28T15:04:33+00:00\" \/>\n<meta property=\"article:modified_time\" content=\"2018-02-28T15:10:21+00:00\" \/>\n<meta property=\"og:image\" content=\"https:\/\/legsedition.net\/public\/wp-content\/uploads\/2018\/02\/affiche_sybille_claude_la_pleiade.png\" \/>\n\t<meta property=\"og:image:width\" content=\"396\" \/>\n\t<meta property=\"og:image:height\" content=\"512\" \/>\n\t<meta property=\"og:image:type\" content=\"image\/png\" \/>\n<meta name=\"author\" content=\"legs_edition\" \/>\n<meta name=\"twitter:card\" content=\"summary_large_image\" \/>\n<meta name=\"twitter:label1\" content=\"\u00c9crit par\" \/>\n\t<meta name=\"twitter:data1\" content=\"legs_edition\" \/>\n<script type=\"application\/ld+json\" class=\"yoast-schema-graph\">{\"@context\":\"https:\\\/\\\/schema.org\",\"@graph\":[{\"@type\":\"Article\",\"@id\":\"https:\\\/\\\/legsedition.net\\\/public\\\/2018\\\/02\\\/28\\\/vente-signature-du-premier-roman-de-sybille-claude-la-librairie-la-pleiade\\\/#article\",\"isPartOf\":{\"@id\":\"https:\\\/\\\/legsedition.net\\\/public\\\/2018\\\/02\\\/28\\\/vente-signature-du-premier-roman-de-sybille-claude-la-librairie-la-pleiade\\\/\"},\"author\":{\"name\":\"legs_edition\",\"@id\":\"https:\\\/\\\/legsedition.net\\\/public\\\/#\\\/schema\\\/person\\\/a81dabaa18e65b48c79f8bbffa63ec58\"},\"headline\":\"Vente-signature du premier roman de Sybille Claude \u00e0 la librairie La Pl\u00e9iade\",\"datePublished\":\"2018-02-28T15:04:33+00:00\",\"dateModified\":\"2018-02-28T15:10:21+00:00\",\"mainEntityOfPage\":{\"@id\":\"https:\\\/\\\/legsedition.net\\\/public\\\/2018\\\/02\\\/28\\\/vente-signature-du-premier-roman-de-sybille-claude-la-librairie-la-pleiade\\\/\"},\"wordCount\":64,\"commentCount\":0,\"image\":{\"@id\":\"https:\\\/\\\/legsedition.net\\\/public\\\/2018\\\/02\\\/28\\\/vente-signature-du-premier-roman-de-sybille-claude-la-librairie-la-pleiade\\\/#primaryimage\"},\"thumbnailUrl\":\"https:\\\/\\\/legsedition.net\\\/public\\\/wp-content\\\/uploads\\\/2018\\\/02\\\/affiche_sybille_claude_la_pleiade.png\",\"articleSection\":[\"\u00c9V\u00c9NEMENTS\"],\"inLanguage\":\"fr-FR\",\"potentialAction\":[{\"@type\":\"CommentAction\",\"name\":\"Comment\",\"target\":[\"https:\\\/\\\/legsedition.net\\\/public\\\/2018\\\/02\\\/28\\\/vente-signature-du-premier-roman-de-sybille-claude-la-librairie-la-pleiade\\\/#respond\"]}]},{\"@type\":\"WebPage\",\"@id\":\"https:\\\/\\\/legsedition.net\\\/public\\\/2018\\\/02\\\/28\\\/vente-signature-du-premier-roman-de-sybille-claude-la-librairie-la-pleiade\\\/\",\"url\":\"https:\\\/\\\/legsedition.net\\\/public\\\/2018\\\/02\\\/28\\\/vente-signature-du-premier-roman-de-sybille-claude-la-librairie-la-pleiade\\\/\",\"name\":\"Vente-signature du premier roman de Sybille Claude \u00e0 la librairie La Pl\u00e9iade | LEGS &Eacute;DITION\",\"isPartOf\":{\"@id\":\"https:\\\/\\\/legsedition.net\\\/public\\\/#website\"},\"primaryImageOfPage\":{\"@id\":\"https:\\\/\\\/legsedition.net\\\/public\\\/2018\\\/02\\\/28\\\/vente-signature-du-premier-roman-de-sybille-claude-la-librairie-la-pleiade\\\/#primaryimage\"},\"image\":{\"@id\":\"https:\\\/\\\/legsedition.net\\\/public\\\/2018\\\/02\\\/28\\\/vente-signature-du-premier-roman-de-sybille-claude-la-librairie-la-pleiade\\\/#primaryimage\"},\"thumbnailUrl\":\"https:\\\/\\\/legsedition.net\\\/public\\\/wp-content\\\/uploads\\\/2018\\\/02\\\/affiche_sybille_claude_la_pleiade.png\",\"datePublished\":\"2018-02-28T15:04:33+00:00\",\"dateModified\":\"2018-02-28T15:10:21+00:00\",\"author\":{\"@id\":\"https:\\\/\\\/legsedition.net\\\/public\\\/#\\\/schema\\\/person\\\/a81dabaa18e65b48c79f8bbffa63ec58\"},\"breadcrumb\":{\"@id\":\"https:\\\/\\\/legsedition.net\\\/public\\\/2018\\\/02\\\/28\\\/vente-signature-du-premier-roman-de-sybille-claude-la-librairie-la-pleiade\\\/#breadcrumb\"},\"inLanguage\":\"fr-FR\",\"potentialAction\":[{\"@type\":\"ReadAction\",\"target\":[\"https:\\\/\\\/legsedition.net\\\/public\\\/2018\\\/02\\\/28\\\/vente-signature-du-premier-roman-de-sybille-claude-la-librairie-la-pleiade\\\/\"]}]},{\"@type\":\"ImageObject\",\"inLanguage\":\"fr-FR\",\"@id\":\"https:\\\/\\\/legsedition.net\\\/public\\\/2018\\\/02\\\/28\\\/vente-signature-du-premier-roman-de-sybille-claude-la-librairie-la-pleiade\\\/#primaryimage\",\"url\":\"https:\\\/\\\/legsedition.net\\\/public\\\/wp-content\\\/uploads\\\/2018\\\/02\\\/affiche_sybille_claude_la_pleiade.png\",\"contentUrl\":\"https:\\\/\\\/legsedition.net\\\/public\\\/wp-content\\\/uploads\\\/2018\\\/02\\\/affiche_sybille_claude_la_pleiade.png\",\"width\":396,\"height\":512},{\"@type\":\"BreadcrumbList\",\"@id\":\"https:\\\/\\\/legsedition.net\\\/public\\\/2018\\\/02\\\/28\\\/vente-signature-du-premier-roman-de-sybille-claude-la-librairie-la-pleiade\\\/#breadcrumb\",\"itemListElement\":[{\"@type\":\"ListItem\",\"position\":1,\"name\":\"Home\",\"item\":\"https:\\\/\\\/legsedition.net\\\/public\\\/\"},{\"@type\":\"ListItem\",\"position\":2,\"name\":\"Vente-signature du premier roman de Sybille Claude \u00e0 la librairie La Pl\u00e9iade\"}]},{\"@type\":\"WebSite\",\"@id\":\"https:\\\/\\\/legsedition.net\\\/public\\\/#website\",\"url\":\"https:\\\/\\\/legsedition.net\\\/public\\\/\",\"name\":\"LEGS &Eacute;DITION\",\"description\":\"\",\"potentialAction\":[{\"@type\":\"SearchAction\",\"target\":{\"@type\":\"EntryPoint\",\"urlTemplate\":\"https:\\\/\\\/legsedition.net\\\/public\\\/?s={search_term_string}\"},\"query-input\":{\"@type\":\"PropertyValueSpecification\",\"valueRequired\":true,\"valueName\":\"search_term_string\"}}],\"inLanguage\":\"fr-FR\"},{\"@type\":\"Person\",\"@id\":\"https:\\\/\\\/legsedition.net\\\/public\\\/#\\\/schema\\\/person\\\/a81dabaa18e65b48c79f8bbffa63ec58\",\"name\":\"legs_edition\",\"image\":{\"@type\":\"ImageObject\",\"inLanguage\":\"fr-FR\",\"@id\":\"https:\\\/\\\/secure.gravatar.com\\\/avatar\\\/fa0fff0d692be3e90f567b7de089c52e1b33cd043cc784ccc7b3be10223ea819?s=96&d=mm&r=g\",\"url\":\"https:\\\/\\\/secure.gravatar.com\\\/avatar\\\/fa0fff0d692be3e90f567b7de089c52e1b33cd043cc784ccc7b3be10223ea819?s=96&d=mm&r=g\",\"contentUrl\":\"https:\\\/\\\/secure.gravatar.com\\\/avatar\\\/fa0fff0d692be3e90f567b7de089c52e1b33cd043cc784ccc7b3be10223ea819?s=96&d=mm&r=g\",\"caption\":\"legs_edition\"}}]}<\/script>\n<!-- \/ Yoast SEO plugin. -->","yoast_head_json":{"title":"Vente-signature du premier roman de Sybille Claude \u00e0 la librairie La Pl\u00e9iade | LEGS &Eacute;DITION","robots":{"index":"index","follow":"follow","max-snippet":"max-snippet:-1","max-image-preview":"max-image-preview:large","max-video-preview":"max-video-preview:-1"},"canonical":"https:\/\/legsedition.net\/public\/2018\/02\/28\/vente-signature-du-premier-roman-de-sybille-claude-la-librairie-la-pleiade\/","og_locale":"fr_FR","og_type":"article","og_title":"Vente-signature du premier roman de Sybille Claude \u00e0 la librairie La Pl\u00e9iade | LEGS &Eacute;DITION","og_description":"LEGS \u00c9DITION et la librairie La Pl\u00e9iade \u00e0 Bois-Patate invitent le public, ce samedi 10 mars 2018 \u00e0 partir de 13h, \u00a0\u00e0 la vente-signature du premier roman de Sybille Claude, Le chant des blessures. Une causerie avec l\u2019auteure sera anim\u00e9e...","og_url":"https:\/\/legsedition.net\/public\/2018\/02\/28\/vente-signature-du-premier-roman-de-sybille-claude-la-librairie-la-pleiade\/","og_site_name":"LEGS &Eacute;DITION","article_publisher":"https:\/\/web.facebook.com\/LegsEtLitterature\/","article_published_time":"2018-02-28T15:04:33+00:00","article_modified_time":"2018-02-28T15:10:21+00:00","og_image":[{"width":396,"height":512,"url":"https:\/\/legsedition.net\/public\/wp-content\/uploads\/2018\/02\/affiche_sybille_claude_la_pleiade.png","type":"image\/png"}],"author":"legs_edition","twitter_card":"summary_large_image","twitter_misc":{"\u00c9crit par":"legs_edition"},"schema":{"@context":"https:\/\/schema.org","@graph":[{"@type":"Article","@id":"https:\/\/legsedition.net\/public\/2018\/02\/28\/vente-signature-du-premier-roman-de-sybille-claude-la-librairie-la-pleiade\/#article","isPartOf":{"@id":"https:\/\/legsedition.net\/public\/2018\/02\/28\/vente-signature-du-premier-roman-de-sybille-claude-la-librairie-la-pleiade\/"},"author":{"name":"legs_edition","@id":"https:\/\/legsedition.net\/public\/#\/schema\/person\/a81dabaa18e65b48c79f8bbffa63ec58"},"headline":"Vente-signature du premier roman de Sybille Claude \u00e0 la librairie La Pl\u00e9iade","datePublished":"2018-02-28T15:04:33+00:00","dateModified":"2018-02-28T15:10:21+00:00","mainEntityOfPage":{"@id":"https:\/\/legsedition.net\/public\/2018\/02\/28\/vente-signature-du-premier-roman-de-sybille-claude-la-librairie-la-pleiade\/"},"wordCount":64,"commentCount":0,"image":{"@id":"https:\/\/legsedition.net\/public\/2018\/02\/28\/vente-signature-du-premier-roman-de-sybille-claude-la-librairie-la-pleiade\/#primaryimage"},"thumbnailUrl":"https:\/\/legsedition.net\/public\/wp-content\/uploads\/2018\/02\/affiche_sybille_claude_la_pleiade.png","articleSection":["\u00c9V\u00c9NEMENTS"],"inLanguage":"fr-FR","potentialAction":[{"@type":"CommentAction","name":"Comment","target":["https:\/\/legsedition.net\/public\/2018\/02\/28\/vente-signature-du-premier-roman-de-sybille-claude-la-librairie-la-pleiade\/#respond"]}]},{"@type":"WebPage","@id":"https:\/\/legsedition.net\/public\/2018\/02\/28\/vente-signature-du-premier-roman-de-sybille-claude-la-librairie-la-pleiade\/","url":"https:\/\/legsedition.net\/public\/2018\/02\/28\/vente-signature-du-premier-roman-de-sybille-claude-la-librairie-la-pleiade\/","name":"Vente-signature du premier roman de Sybille Claude \u00e0 la librairie La Pl\u00e9iade | LEGS &Eacute;DITION","isPartOf":{"@id":"https:\/\/legsedition.net\/public\/#website"},"primaryImageOfPage":{"@id":"https:\/\/legsedition.net\/public\/2018\/02\/28\/vente-signature-du-premier-roman-de-sybille-claude-la-librairie-la-pleiade\/#primaryimage"},"image":{"@id":"https:\/\/legsedition.net\/public\/2018\/02\/28\/vente-signature-du-premier-roman-de-sybille-claude-la-librairie-la-pleiade\/#primaryimage"},"thumbnailUrl":"https:\/\/legsedition.net\/public\/wp-content\/uploads\/2018\/02\/affiche_sybille_claude_la_pleiade.png","datePublished":"2018-02-28T15:04:33+00:00","dateModified":"2018-02-28T15:10:21+00:00","author":{"@id":"https:\/\/legsedition.net\/public\/#\/schema\/person\/a81dabaa18e65b48c79f8bbffa63ec58"},"breadcrumb":{"@id":"https:\/\/legsedition.net\/public\/2018\/02\/28\/vente-signature-du-premier-roman-de-sybille-claude-la-librairie-la-pleiade\/#breadcrumb"},"inLanguage":"fr-FR","potentialAction":[{"@type":"ReadAction","target":["https:\/\/legsedition.net\/public\/2018\/02\/28\/vente-signature-du-premier-roman-de-sybille-claude-la-librairie-la-pleiade\/"]}]},{"@type":"ImageObject","inLanguage":"fr-FR","@id":"https:\/\/legsedition.net\/public\/2018\/02\/28\/vente-signature-du-premier-roman-de-sybille-claude-la-librairie-la-pleiade\/#primaryimage","url":"https:\/\/legsedition.net\/public\/wp-content\/uploads\/2018\/02\/affiche_sybille_claude_la_pleiade.png","contentUrl":"https:\/\/legsedition.net\/public\/wp-content\/uploads\/2018\/02\/affiche_sybille_claude_la_pleiade.png","width":396,"height":512},{"@type":"BreadcrumbList","@id":"https:\/\/legsedition.net\/public\/2018\/02\/28\/vente-signature-du-premier-roman-de-sybille-claude-la-librairie-la-pleiade\/#breadcrumb","itemListElement":[{"@type":"ListItem","position":1,"name":"Home","item":"https:\/\/legsedition.net\/public\/"},{"@type":"ListItem","position":2,"name":"Vente-signature du premier roman de Sybille Claude \u00e0 la librairie La Pl\u00e9iade"}]},{"@type":"WebSite","@id":"https:\/\/legsedition.net\/public\/#website","url":"https:\/\/legsedition.net\/public\/","name":"LEGS &Eacute;DITION","description":"","potentialAction":[{"@type":"SearchAction","target":{"@type":"EntryPoint","urlTemplate":"https:\/\/legsedition.net\/public\/?s={search_term_string}"},"query-input":{"@type":"PropertyValueSpecification","valueRequired":true,"valueName":"search_term_string"}}],"inLanguage":"fr-FR"},{"@type":"Person","@id":"https:\/\/legsedition.net\/public\/#\/schema\/person\/a81dabaa18e65b48c79f8bbffa63ec58","name":"legs_edition","image":{"@type":"ImageObject","inLanguage":"fr-FR","@id":"https:\/\/secure.gravatar.com\/avatar\/fa0fff0d692be3e90f567b7de089c52e1b33cd043cc784ccc7b3be10223ea819?s=96&d=mm&r=g","url":"https:\/\/secure.gravatar.com\/avatar\/fa0fff0d692be3e90f567b7de089c52e1b33cd043cc784ccc7b3be10223ea819?s=96&d=mm&r=g","contentUrl":"https:\/\/secure.gravatar.com\/avatar\/fa0fff0d692be3e90f567b7de089c52e1b33cd043cc784ccc7b3be10223ea819?s=96&d=mm&r=g","caption":"legs_edition"}}]}},"_links":{"self":[{"href":"https:\/\/legsedition.net\/public\/wp-json\/wp\/v2\/posts\/1307","targetHints":{"allow":["GET"]}}],"collection":[{"href":"https:\/\/legsedition.net\/public\/wp-json\/wp\/v2\/posts"}],"about":[{"href":"https:\/\/legsedition.net\/public\/wp-json\/wp\/v2\/types\/post"}],"author":[{"embeddable":true,"href":"https:\/\/legsedition.net\/public\/wp-json\/wp\/v2\/users\/2"}],"replies":[{"embeddable":true,"href":"https:\/\/legsedition.net\/public\/wp-json\/wp\/v2\/comments?post=1307"}],"version-history":[{"count":2,"href":"https:\/\/legsedition.net\/public\/wp-json\/wp\/v2\/posts\/1307\/revisions"}],"predecessor-version":[{"id":1311,"href":"https:\/\/legsedition.net\/public\/wp-json\/wp\/v2\/posts\/1307\/revisions\/1311"}],"wp:featuredmedia":[{"embeddable":true,"href":"https:\/\/legsedition.net\/public\/wp-json\/wp\/v2\/media\/1312"}],"wp:attachment":[{"href":"https:\/\/legsedition.net\/public\/wp-json\/wp\/v2\/media?parent=1307"}],"wp:term":[{"taxonomy":"category","embeddable":true,"href":"https:\/\/legsedition.net\/public\/wp-json\/wp\/v2\/categories?post=1307"},{"taxonomy":"post_tag","embeddable":true,"href":"https:\/\/legsedition.net\/public\/wp-json\/wp\/v2\/tags?post=1307"}],"curies":[{"name":"wp","href":"https:\/\/api.w.org\/{rel}","templated":true}]}}