{"id":2046,"date":"2018-10-16T11:42:46","date_gmt":"2018-10-16T11:42:46","guid":{"rendered":"http:\/\/legsedition.net\/public\/?p=2046"},"modified":"2018-11-10T15:57:49","modified_gmt":"2018-11-10T15:57:49","slug":"succes-de-legs-edition-au-salon-du-livre-de-francfort","status":"publish","type":"post","link":"https:\/\/legsedition.net\/public\/2018\/10\/16\/succes-de-legs-edition-au-salon-du-livre-de-francfort\/","title":{"rendered":"Succ\u00e8s de Legs \u00e9dition au Salon du livre de Francfort"},"content":{"rendered":"<p><a href=\"http:\/\/legsedition.net\/public\/wp-content\/uploads\/2018\/10\/fbf2018.jpg\"><img fetchpriority=\"high\" decoding=\"async\" class=\"size-medium wp-image-2047 alignleft\" src=\"http:\/\/legsedition.net\/public\/wp-content\/uploads\/2018\/10\/fbf2018-300x169.jpg\" alt=\"\" width=\"300\" height=\"169\" srcset=\"https:\/\/legsedition.net\/public\/wp-content\/uploads\/2018\/10\/fbf2018-300x169.jpg 300w, https:\/\/legsedition.net\/public\/wp-content\/uploads\/2018\/10\/fbf2018-600x337.jpg 600w, https:\/\/legsedition.net\/public\/wp-content\/uploads\/2018\/10\/fbf2018-768x432.jpg 768w, https:\/\/legsedition.net\/public\/wp-content\/uploads\/2018\/10\/fbf2018-1024x576.jpg 1024w, https:\/\/legsedition.net\/public\/wp-content\/uploads\/2018\/10\/fbf2018-280x157.jpg 280w, https:\/\/legsedition.net\/public\/wp-content\/uploads\/2018\/10\/fbf2018.jpg 1080w\" sizes=\"(max-width: 300px) 100vw, 300px\" \/><\/a>Avec un catalogue de cinquante titres et le dernier num\u00e9ro de la revue <em>Legs et litt\u00e9rature<\/em> consacr\u00e9e \u00e0 \u00ab Identit\u00e9s Races et Couleurs \u00bb, Legs \u00e9dition a particip\u00e9 au Salon du livre de Francfort (Allemagne) qui a pris fin le 14 octobre 2018. Le National a rencontr\u00e9 l\u2019\u00e9diteur Dieulermesson Petit-Fr\u00e8re. Il a parl\u00e9 de la participation de Legs \u00e0 ce salon. [<a href=\"http:\/\/www.lenational.org\/succes-de-legs-edition-au-salon-du-livre-de-francfort\/\" target=\"_blank\" rel=\"noopener\">Lire la suite<\/a>]<\/p>\n<p>Schultz Laurent Junior,\u00a0<em>Le National,\u00a0<\/em>lundi 15 octobre 2018<\/p>\n<p><a href=\"http:\/\/legsedition.net\/public\/wp-content\/uploads\/2018\/10\/article_Le_National_FBF_2018.pdf\" target=\"_blank\" rel=\"noopener\">Pour lire l&rsquo;article en version PDF, cliquez ICI<\/a><\/p>\n","protected":false},"excerpt":{"rendered":"<p>Avec un catalogue de cinquante titres et le dernier num\u00e9ro de la revue Legs et litt\u00e9rature consacr\u00e9e \u00e0 \u00ab Identit\u00e9s Races et Couleurs \u00bb, Legs \u00e9dition a particip\u00e9 au Salon du livre de Francfort (Allemagne) qui a pris fin le&#8230;<\/p>\n","protected":false},"author":2,"featured_media":2047,"comment_status":"open","ping_status":"open","sticky":false,"template":"","format":"standard","meta":{"footnotes":""},"categories":[54],"tags":[],"class_list":["post-2046","post","type-post","status-publish","format-standard","has-post-thumbnail","hentry","category-revuesdepresse"],"yoast_head":"<!-- This site is optimized with the Yoast SEO plugin v27.4 - https:\/\/yoast.com\/product\/yoast-seo-wordpress\/ -->\n<title>Succ\u00e8s de Legs \u00e9dition au Salon du livre de Francfort | LEGS &Eacute;DITION<\/title>\n<meta name=\"robots\" content=\"index, follow, max-snippet:-1, max-image-preview:large, max-video-preview:-1\" \/>\n<link rel=\"canonical\" href=\"https:\/\/legsedition.net\/public\/2018\/10\/16\/succes-de-legs-edition-au-salon-du-livre-de-francfort\/\" \/>\n<meta property=\"og:locale\" content=\"fr_FR\" \/>\n<meta property=\"og:type\" content=\"article\" \/>\n<meta property=\"og:title\" content=\"Succ\u00e8s de Legs \u00e9dition au Salon du livre de Francfort | LEGS &Eacute;DITION\" \/>\n<meta property=\"og:description\" content=\"Avec un catalogue de cinquante titres et le dernier num\u00e9ro de la revue Legs et litt\u00e9rature consacr\u00e9e \u00e0 \u00ab Identit\u00e9s Races et Couleurs \u00bb, Legs \u00e9dition a particip\u00e9 au Salon du livre de Francfort (Allemagne) qui a pris fin le...\" \/>\n<meta property=\"og:url\" content=\"https:\/\/legsedition.net\/public\/2018\/10\/16\/succes-de-legs-edition-au-salon-du-livre-de-francfort\/\" \/>\n<meta property=\"og:site_name\" content=\"LEGS &Eacute;DITION\" \/>\n<meta property=\"article:publisher\" content=\"https:\/\/web.facebook.com\/LegsEtLitterature\/\" \/>\n<meta property=\"article:published_time\" content=\"2018-10-16T11:42:46+00:00\" \/>\n<meta property=\"article:modified_time\" content=\"2018-11-10T15:57:49+00:00\" \/>\n<meta property=\"og:image\" content=\"https:\/\/legsedition.net\/public\/wp-content\/uploads\/2018\/10\/fbf2018.jpg\" \/>\n\t<meta property=\"og:image:width\" content=\"1080\" \/>\n\t<meta property=\"og:image:height\" content=\"607\" \/>\n\t<meta property=\"og:image:type\" content=\"image\/jpeg\" \/>\n<meta name=\"author\" content=\"legs_edition\" \/>\n<meta name=\"twitter:card\" content=\"summary_large_image\" \/>\n<meta name=\"twitter:label1\" content=\"\u00c9crit par\" \/>\n\t<meta name=\"twitter:data1\" content=\"legs_edition\" \/>\n<script type=\"application\/ld+json\" class=\"yoast-schema-graph\">{\"@context\":\"https:\\\/\\\/schema.org\",\"@graph\":[{\"@type\":\"Article\",\"@id\":\"https:\\\/\\\/legsedition.net\\\/public\\\/2018\\\/10\\\/16\\\/succes-de-legs-edition-au-salon-du-livre-de-francfort\\\/#article\",\"isPartOf\":{\"@id\":\"https:\\\/\\\/legsedition.net\\\/public\\\/2018\\\/10\\\/16\\\/succes-de-legs-edition-au-salon-du-livre-de-francfort\\\/\"},\"author\":{\"name\":\"legs_edition\",\"@id\":\"https:\\\/\\\/legsedition.net\\\/public\\\/#\\\/schema\\\/person\\\/a81dabaa18e65b48c79f8bbffa63ec58\"},\"headline\":\"Succ\u00e8s de Legs \u00e9dition au Salon du livre de Francfort\",\"datePublished\":\"2018-10-16T11:42:46+00:00\",\"dateModified\":\"2018-11-10T15:57:49+00:00\",\"mainEntityOfPage\":{\"@id\":\"https:\\\/\\\/legsedition.net\\\/public\\\/2018\\\/10\\\/16\\\/succes-de-legs-edition-au-salon-du-livre-de-francfort\\\/\"},\"wordCount\":91,\"commentCount\":0,\"image\":{\"@id\":\"https:\\\/\\\/legsedition.net\\\/public\\\/2018\\\/10\\\/16\\\/succes-de-legs-edition-au-salon-du-livre-de-francfort\\\/#primaryimage\"},\"thumbnailUrl\":\"https:\\\/\\\/legsedition.net\\\/public\\\/wp-content\\\/uploads\\\/2018\\\/10\\\/fbf2018.jpg\",\"articleSection\":[\"Revues de presse\"],\"inLanguage\":\"fr-FR\",\"potentialAction\":[{\"@type\":\"CommentAction\",\"name\":\"Comment\",\"target\":[\"https:\\\/\\\/legsedition.net\\\/public\\\/2018\\\/10\\\/16\\\/succes-de-legs-edition-au-salon-du-livre-de-francfort\\\/#respond\"]}]},{\"@type\":\"WebPage\",\"@id\":\"https:\\\/\\\/legsedition.net\\\/public\\\/2018\\\/10\\\/16\\\/succes-de-legs-edition-au-salon-du-livre-de-francfort\\\/\",\"url\":\"https:\\\/\\\/legsedition.net\\\/public\\\/2018\\\/10\\\/16\\\/succes-de-legs-edition-au-salon-du-livre-de-francfort\\\/\",\"name\":\"Succ\u00e8s de Legs \u00e9dition au Salon du livre de Francfort | LEGS &Eacute;DITION\",\"isPartOf\":{\"@id\":\"https:\\\/\\\/legsedition.net\\\/public\\\/#website\"},\"primaryImageOfPage\":{\"@id\":\"https:\\\/\\\/legsedition.net\\\/public\\\/2018\\\/10\\\/16\\\/succes-de-legs-edition-au-salon-du-livre-de-francfort\\\/#primaryimage\"},\"image\":{\"@id\":\"https:\\\/\\\/legsedition.net\\\/public\\\/2018\\\/10\\\/16\\\/succes-de-legs-edition-au-salon-du-livre-de-francfort\\\/#primaryimage\"},\"thumbnailUrl\":\"https:\\\/\\\/legsedition.net\\\/public\\\/wp-content\\\/uploads\\\/2018\\\/10\\\/fbf2018.jpg\",\"datePublished\":\"2018-10-16T11:42:46+00:00\",\"dateModified\":\"2018-11-10T15:57:49+00:00\",\"author\":{\"@id\":\"https:\\\/\\\/legsedition.net\\\/public\\\/#\\\/schema\\\/person\\\/a81dabaa18e65b48c79f8bbffa63ec58\"},\"breadcrumb\":{\"@id\":\"https:\\\/\\\/legsedition.net\\\/public\\\/2018\\\/10\\\/16\\\/succes-de-legs-edition-au-salon-du-livre-de-francfort\\\/#breadcrumb\"},\"inLanguage\":\"fr-FR\",\"potentialAction\":[{\"@type\":\"ReadAction\",\"target\":[\"https:\\\/\\\/legsedition.net\\\/public\\\/2018\\\/10\\\/16\\\/succes-de-legs-edition-au-salon-du-livre-de-francfort\\\/\"]}]},{\"@type\":\"ImageObject\",\"inLanguage\":\"fr-FR\",\"@id\":\"https:\\\/\\\/legsedition.net\\\/public\\\/2018\\\/10\\\/16\\\/succes-de-legs-edition-au-salon-du-livre-de-francfort\\\/#primaryimage\",\"url\":\"https:\\\/\\\/legsedition.net\\\/public\\\/wp-content\\\/uploads\\\/2018\\\/10\\\/fbf2018.jpg\",\"contentUrl\":\"https:\\\/\\\/legsedition.net\\\/public\\\/wp-content\\\/uploads\\\/2018\\\/10\\\/fbf2018.jpg\",\"width\":1080,\"height\":607},{\"@type\":\"BreadcrumbList\",\"@id\":\"https:\\\/\\\/legsedition.net\\\/public\\\/2018\\\/10\\\/16\\\/succes-de-legs-edition-au-salon-du-livre-de-francfort\\\/#breadcrumb\",\"itemListElement\":[{\"@type\":\"ListItem\",\"position\":1,\"name\":\"Home\",\"item\":\"https:\\\/\\\/legsedition.net\\\/public\\\/\"},{\"@type\":\"ListItem\",\"position\":2,\"name\":\"Succ\u00e8s de Legs \u00e9dition au Salon du livre de Francfort\"}]},{\"@type\":\"WebSite\",\"@id\":\"https:\\\/\\\/legsedition.net\\\/public\\\/#website\",\"url\":\"https:\\\/\\\/legsedition.net\\\/public\\\/\",\"name\":\"LEGS &Eacute;DITION\",\"description\":\"\",\"potentialAction\":[{\"@type\":\"SearchAction\",\"target\":{\"@type\":\"EntryPoint\",\"urlTemplate\":\"https:\\\/\\\/legsedition.net\\\/public\\\/?s={search_term_string}\"},\"query-input\":{\"@type\":\"PropertyValueSpecification\",\"valueRequired\":true,\"valueName\":\"search_term_string\"}}],\"inLanguage\":\"fr-FR\"},{\"@type\":\"Person\",\"@id\":\"https:\\\/\\\/legsedition.net\\\/public\\\/#\\\/schema\\\/person\\\/a81dabaa18e65b48c79f8bbffa63ec58\",\"name\":\"legs_edition\",\"image\":{\"@type\":\"ImageObject\",\"inLanguage\":\"fr-FR\",\"@id\":\"https:\\\/\\\/secure.gravatar.com\\\/avatar\\\/fa0fff0d692be3e90f567b7de089c52e1b33cd043cc784ccc7b3be10223ea819?s=96&d=mm&r=g\",\"url\":\"https:\\\/\\\/secure.gravatar.com\\\/avatar\\\/fa0fff0d692be3e90f567b7de089c52e1b33cd043cc784ccc7b3be10223ea819?s=96&d=mm&r=g\",\"contentUrl\":\"https:\\\/\\\/secure.gravatar.com\\\/avatar\\\/fa0fff0d692be3e90f567b7de089c52e1b33cd043cc784ccc7b3be10223ea819?s=96&d=mm&r=g\",\"caption\":\"legs_edition\"}}]}<\/script>\n<!-- \/ Yoast SEO plugin. -->","yoast_head_json":{"title":"Succ\u00e8s de Legs \u00e9dition au Salon du livre de Francfort | LEGS &Eacute;DITION","robots":{"index":"index","follow":"follow","max-snippet":"max-snippet:-1","max-image-preview":"max-image-preview:large","max-video-preview":"max-video-preview:-1"},"canonical":"https:\/\/legsedition.net\/public\/2018\/10\/16\/succes-de-legs-edition-au-salon-du-livre-de-francfort\/","og_locale":"fr_FR","og_type":"article","og_title":"Succ\u00e8s de Legs \u00e9dition au Salon du livre de Francfort | LEGS &Eacute;DITION","og_description":"Avec un catalogue de cinquante titres et le dernier num\u00e9ro de la revue Legs et litt\u00e9rature consacr\u00e9e \u00e0 \u00ab Identit\u00e9s Races et Couleurs \u00bb, Legs \u00e9dition a particip\u00e9 au Salon du livre de Francfort (Allemagne) qui a pris fin le...","og_url":"https:\/\/legsedition.net\/public\/2018\/10\/16\/succes-de-legs-edition-au-salon-du-livre-de-francfort\/","og_site_name":"LEGS &Eacute;DITION","article_publisher":"https:\/\/web.facebook.com\/LegsEtLitterature\/","article_published_time":"2018-10-16T11:42:46+00:00","article_modified_time":"2018-11-10T15:57:49+00:00","og_image":[{"width":1080,"height":607,"url":"https:\/\/legsedition.net\/public\/wp-content\/uploads\/2018\/10\/fbf2018.jpg","type":"image\/jpeg"}],"author":"legs_edition","twitter_card":"summary_large_image","twitter_misc":{"\u00c9crit par":"legs_edition"},"schema":{"@context":"https:\/\/schema.org","@graph":[{"@type":"Article","@id":"https:\/\/legsedition.net\/public\/2018\/10\/16\/succes-de-legs-edition-au-salon-du-livre-de-francfort\/#article","isPartOf":{"@id":"https:\/\/legsedition.net\/public\/2018\/10\/16\/succes-de-legs-edition-au-salon-du-livre-de-francfort\/"},"author":{"name":"legs_edition","@id":"https:\/\/legsedition.net\/public\/#\/schema\/person\/a81dabaa18e65b48c79f8bbffa63ec58"},"headline":"Succ\u00e8s de Legs \u00e9dition au Salon du livre de Francfort","datePublished":"2018-10-16T11:42:46+00:00","dateModified":"2018-11-10T15:57:49+00:00","mainEntityOfPage":{"@id":"https:\/\/legsedition.net\/public\/2018\/10\/16\/succes-de-legs-edition-au-salon-du-livre-de-francfort\/"},"wordCount":91,"commentCount":0,"image":{"@id":"https:\/\/legsedition.net\/public\/2018\/10\/16\/succes-de-legs-edition-au-salon-du-livre-de-francfort\/#primaryimage"},"thumbnailUrl":"https:\/\/legsedition.net\/public\/wp-content\/uploads\/2018\/10\/fbf2018.jpg","articleSection":["Revues de presse"],"inLanguage":"fr-FR","potentialAction":[{"@type":"CommentAction","name":"Comment","target":["https:\/\/legsedition.net\/public\/2018\/10\/16\/succes-de-legs-edition-au-salon-du-livre-de-francfort\/#respond"]}]},{"@type":"WebPage","@id":"https:\/\/legsedition.net\/public\/2018\/10\/16\/succes-de-legs-edition-au-salon-du-livre-de-francfort\/","url":"https:\/\/legsedition.net\/public\/2018\/10\/16\/succes-de-legs-edition-au-salon-du-livre-de-francfort\/","name":"Succ\u00e8s de Legs \u00e9dition au Salon du livre de Francfort | LEGS &Eacute;DITION","isPartOf":{"@id":"https:\/\/legsedition.net\/public\/#website"},"primaryImageOfPage":{"@id":"https:\/\/legsedition.net\/public\/2018\/10\/16\/succes-de-legs-edition-au-salon-du-livre-de-francfort\/#primaryimage"},"image":{"@id":"https:\/\/legsedition.net\/public\/2018\/10\/16\/succes-de-legs-edition-au-salon-du-livre-de-francfort\/#primaryimage"},"thumbnailUrl":"https:\/\/legsedition.net\/public\/wp-content\/uploads\/2018\/10\/fbf2018.jpg","datePublished":"2018-10-16T11:42:46+00:00","dateModified":"2018-11-10T15:57:49+00:00","author":{"@id":"https:\/\/legsedition.net\/public\/#\/schema\/person\/a81dabaa18e65b48c79f8bbffa63ec58"},"breadcrumb":{"@id":"https:\/\/legsedition.net\/public\/2018\/10\/16\/succes-de-legs-edition-au-salon-du-livre-de-francfort\/#breadcrumb"},"inLanguage":"fr-FR","potentialAction":[{"@type":"ReadAction","target":["https:\/\/legsedition.net\/public\/2018\/10\/16\/succes-de-legs-edition-au-salon-du-livre-de-francfort\/"]}]},{"@type":"ImageObject","inLanguage":"fr-FR","@id":"https:\/\/legsedition.net\/public\/2018\/10\/16\/succes-de-legs-edition-au-salon-du-livre-de-francfort\/#primaryimage","url":"https:\/\/legsedition.net\/public\/wp-content\/uploads\/2018\/10\/fbf2018.jpg","contentUrl":"https:\/\/legsedition.net\/public\/wp-content\/uploads\/2018\/10\/fbf2018.jpg","width":1080,"height":607},{"@type":"BreadcrumbList","@id":"https:\/\/legsedition.net\/public\/2018\/10\/16\/succes-de-legs-edition-au-salon-du-livre-de-francfort\/#breadcrumb","itemListElement":[{"@type":"ListItem","position":1,"name":"Home","item":"https:\/\/legsedition.net\/public\/"},{"@type":"ListItem","position":2,"name":"Succ\u00e8s de Legs \u00e9dition au Salon du livre de Francfort"}]},{"@type":"WebSite","@id":"https:\/\/legsedition.net\/public\/#website","url":"https:\/\/legsedition.net\/public\/","name":"LEGS &Eacute;DITION","description":"","potentialAction":[{"@type":"SearchAction","target":{"@type":"EntryPoint","urlTemplate":"https:\/\/legsedition.net\/public\/?s={search_term_string}"},"query-input":{"@type":"PropertyValueSpecification","valueRequired":true,"valueName":"search_term_string"}}],"inLanguage":"fr-FR"},{"@type":"Person","@id":"https:\/\/legsedition.net\/public\/#\/schema\/person\/a81dabaa18e65b48c79f8bbffa63ec58","name":"legs_edition","image":{"@type":"ImageObject","inLanguage":"fr-FR","@id":"https:\/\/secure.gravatar.com\/avatar\/fa0fff0d692be3e90f567b7de089c52e1b33cd043cc784ccc7b3be10223ea819?s=96&d=mm&r=g","url":"https:\/\/secure.gravatar.com\/avatar\/fa0fff0d692be3e90f567b7de089c52e1b33cd043cc784ccc7b3be10223ea819?s=96&d=mm&r=g","contentUrl":"https:\/\/secure.gravatar.com\/avatar\/fa0fff0d692be3e90f567b7de089c52e1b33cd043cc784ccc7b3be10223ea819?s=96&d=mm&r=g","caption":"legs_edition"}}]}},"_links":{"self":[{"href":"https:\/\/legsedition.net\/public\/wp-json\/wp\/v2\/posts\/2046","targetHints":{"allow":["GET"]}}],"collection":[{"href":"https:\/\/legsedition.net\/public\/wp-json\/wp\/v2\/posts"}],"about":[{"href":"https:\/\/legsedition.net\/public\/wp-json\/wp\/v2\/types\/post"}],"author":[{"embeddable":true,"href":"https:\/\/legsedition.net\/public\/wp-json\/wp\/v2\/users\/2"}],"replies":[{"embeddable":true,"href":"https:\/\/legsedition.net\/public\/wp-json\/wp\/v2\/comments?post=2046"}],"version-history":[{"count":3,"href":"https:\/\/legsedition.net\/public\/wp-json\/wp\/v2\/posts\/2046\/revisions"}],"predecessor-version":[{"id":2051,"href":"https:\/\/legsedition.net\/public\/wp-json\/wp\/v2\/posts\/2046\/revisions\/2051"}],"wp:featuredmedia":[{"embeddable":true,"href":"https:\/\/legsedition.net\/public\/wp-json\/wp\/v2\/media\/2047"}],"wp:attachment":[{"href":"https:\/\/legsedition.net\/public\/wp-json\/wp\/v2\/media?parent=2046"}],"wp:term":[{"taxonomy":"category","embeddable":true,"href":"https:\/\/legsedition.net\/public\/wp-json\/wp\/v2\/categories?post=2046"},{"taxonomy":"post_tag","embeddable":true,"href":"https:\/\/legsedition.net\/public\/wp-json\/wp\/v2\/tags?post=2046"}],"curies":[{"name":"wp","href":"https:\/\/api.w.org\/{rel}","templated":true}]}}