{"id":2506,"date":"2019-02-22T21:58:37","date_gmt":"2019-02-22T21:58:37","guid":{"rendered":"http:\/\/legsedition.net\/public\/?p=2506"},"modified":"2019-03-01T06:48:31","modified_gmt":"2019-03-01T06:48:31","slug":"legs-edition-met-le-cap-sur-istanbul","status":"publish","type":"post","link":"https:\/\/legsedition.net\/public\/2019\/02\/22\/legs-edition-met-le-cap-sur-istanbul\/","title":{"rendered":"LEGS \u00c9DITION met le cap sur Istanbul"},"content":{"rendered":"<p><a href=\"http:\/\/legsedition.net\/public\/wp-content\/uploads\/2019\/02\/istanbul_fellowship1.png\"><img fetchpriority=\"high\" decoding=\"async\" class=\" wp-image-2515 alignleft\" src=\"http:\/\/legsedition.net\/public\/wp-content\/uploads\/2019\/02\/istanbul_fellowship1-300x158.png\" alt=\"\" width=\"330\" height=\"173\" srcset=\"https:\/\/legsedition.net\/public\/wp-content\/uploads\/2019\/02\/istanbul_fellowship1-300x158.png 300w, https:\/\/legsedition.net\/public\/wp-content\/uploads\/2019\/02\/istanbul_fellowship1-600x317.png 600w, https:\/\/legsedition.net\/public\/wp-content\/uploads\/2019\/02\/istanbul_fellowship1-768x406.png 768w, https:\/\/legsedition.net\/public\/wp-content\/uploads\/2019\/02\/istanbul_fellowship1-280x148.png 280w, https:\/\/legsedition.net\/public\/wp-content\/uploads\/2019\/02\/istanbul_fellowship1.png 835w\" sizes=\"(max-width: 330px) 100vw, 330px\" \/><\/a>Sous le haut patronage de la Soci\u00e9t\u00e9 de Presse et d&rsquo;\u00c9diteurs Turque (TBYM) \u2013<a href=\"https:\/\/www.ifrro.org\/members\/turkish-press-and-publishers-copyrightlicensing-society\" target=\"_blank\" rel=\"noopener\">Turkish Press and Publishers Copyright &amp; Licensing Society<\/a>, en anglais \u2013, le <a href=\"http:\/\/www.kultur.gov.tr\/\" target=\"_blank\" rel=\"noopener\">minist\u00e8re de la Culture et du Tourisme de la R\u00e9publique Turque<\/a> et la <a href=\"https:\/\/www.redaction.media\/tag\/municipalite-metropolitaine-distanbul\/\" target=\"_blank\" rel=\"noopener\">Municipalit\u00e9 m\u00e9tropolitaine d\u2019Istanbul<\/a> (IMM), LEGS \u00c9DITION participera \u00e0 la 4<sup>\u00e8me<\/sup> \u00e9dition du <a href=\"https:\/\/www.fellowship.istanbul\/index.aspx\" target=\"_blank\" rel=\"noopener\">programme de bourse d\u2019Istanbul<\/a> du 26 au 28 f\u00e9vrier 2019 en Turquie. C\u2019est son directeur litt\u00e9raire, M. Dieulermesson Petit Fr\u00e8re, critique litt\u00e9raire et directeur de publication de la revue <em>Legs et Litt\u00e9rature, <\/em>qui repr\u00e9sente la maison d\u2019\u00e9dition ha\u00eftienne au pays d\u2019<a href=\"https:\/\/www.orhanpamuk.net\/\" target=\"_blank\" rel=\"noopener\">Orhan Pamuk<\/a>, le prix Nobel de litt\u00e9rature en 2006.<\/p>\n<p>Au cours de son s\u00e9jour dans la p\u00e9ninsule anatolienne, M. Petit Fr\u00e8re rencontrera des \u00e9diteurs turcs et du reste du monde, des traducteurs, des agents litt\u00e9raires et d\u2019autres professionnels du livre pour discuter de coop\u00e9ration et d\u2019\u00e9changes bilat\u00e9raux. Disposant \u00e0 l\u2019occasion d\u2019un stand pour ses rencontres professionnelles et l\u2019exposition des titres de son catalogue, il participera \u00e9galement \u00e0 des ateliers, des table-rondes, des s\u00e9minaires et des pr\u00e9sentations audio-visuelles sur l\u2019\u00e9dition et le march\u00e9 du livre.<\/p>\n<p>Lanc\u00e9 en 2016 par la Soci\u00e9t\u00e9 de Presse et d&rsquo;\u00c9diteurs Turque (TBYM), le programme de bourses d&rsquo;Istanbul est la plus grande organisation professionnelle d&rsquo;\u00e9diteurs en Turquie. Cette structure entend contribuer \u00e0 la coop\u00e9ration bilat\u00e9rale entre \u00e9diteurs turcs et \u00e9trangers et de faire d&rsquo;Istanbul un march\u00e9 d&rsquo;\u00e9change de droits d&rsquo;auteur. La premi\u00e8re \u00e9dition a r\u00e9uni 14 pays suivi du deuxi\u00e8me qui a attir\u00e9 21 pays. Si la troisi\u00e8me \u00e9dition a re\u00e7u 209 participants de 66 pays avec 1739 rencontres bilat\u00e9rales, cette nouvelle \u00e9dition accueillera 286 participants en provenance de 70 pays au cours des trois jours.<\/p>\n<p>La c\u00e9r\u00e9monie d\u2019ouverture aura lieu dans les jardins de l\u2019Euresia Exhibition and Art Center dans la matin\u00e9e du mardi 26 f\u00e9vrier 2019.<\/p>\n","protected":false},"excerpt":{"rendered":"<p>Sous le haut patronage de la Soci\u00e9t\u00e9 de Presse et d&rsquo;\u00c9diteurs Turque (TBYM) \u2013Turkish Press and Publishers Copyright &amp; Licensing Society, en anglais \u2013, le minist\u00e8re de la Culture et du Tourisme de la R\u00e9publique Turque et la Municipalit\u00e9 m\u00e9tropolitaine&#8230;<\/p>\n","protected":false},"author":2,"featured_media":2508,"comment_status":"open","ping_status":"open","sticky":false,"template":"","format":"standard","meta":{"footnotes":""},"categories":[3,54],"tags":[],"class_list":["post-2506","post","type-post","status-publish","format-standard","has-post-thumbnail","hentry","category-evenements","category-revuesdepresse"],"yoast_head":"<!-- This site is optimized with the Yoast SEO plugin v27.4 - https:\/\/yoast.com\/product\/yoast-seo-wordpress\/ -->\n<title>LEGS \u00c9DITION met le cap sur Istanbul | LEGS &Eacute;DITION<\/title>\n<meta name=\"robots\" content=\"index, follow, max-snippet:-1, max-image-preview:large, max-video-preview:-1\" \/>\n<link rel=\"canonical\" href=\"https:\/\/legsedition.net\/public\/2019\/02\/22\/legs-edition-met-le-cap-sur-istanbul\/\" \/>\n<meta property=\"og:locale\" content=\"fr_FR\" \/>\n<meta property=\"og:type\" content=\"article\" \/>\n<meta property=\"og:title\" content=\"LEGS \u00c9DITION met le cap sur Istanbul | LEGS &Eacute;DITION\" \/>\n<meta property=\"og:description\" content=\"Sous le haut patronage de la Soci\u00e9t\u00e9 de Presse et d&rsquo;\u00c9diteurs Turque (TBYM) \u2013Turkish Press and Publishers Copyright &amp; Licensing Society, en anglais \u2013, le minist\u00e8re de la Culture et du Tourisme de la R\u00e9publique Turque et la Municipalit\u00e9 m\u00e9tropolitaine...\" \/>\n<meta property=\"og:url\" content=\"https:\/\/legsedition.net\/public\/2019\/02\/22\/legs-edition-met-le-cap-sur-istanbul\/\" \/>\n<meta property=\"og:site_name\" content=\"LEGS &Eacute;DITION\" \/>\n<meta property=\"article:publisher\" content=\"https:\/\/web.facebook.com\/LegsEtLitterature\/\" \/>\n<meta property=\"article:published_time\" content=\"2019-02-22T21:58:37+00:00\" \/>\n<meta property=\"article:modified_time\" content=\"2019-03-01T06:48:31+00:00\" \/>\n<meta property=\"og:image\" content=\"https:\/\/legsedition.net\/public\/wp-content\/uploads\/2019\/02\/legs_istanbul_2019.png\" \/>\n\t<meta property=\"og:image:width\" content=\"1037\" \/>\n\t<meta property=\"og:image:height\" content=\"277\" \/>\n\t<meta property=\"og:image:type\" content=\"image\/png\" \/>\n<meta name=\"author\" content=\"legs_edition\" \/>\n<meta name=\"twitter:card\" content=\"summary_large_image\" \/>\n<meta name=\"twitter:label1\" content=\"\u00c9crit par\" \/>\n\t<meta name=\"twitter:data1\" content=\"legs_edition\" \/>\n\t<meta name=\"twitter:label2\" content=\"Dur\u00e9e de lecture estim\u00e9e\" \/>\n\t<meta name=\"twitter:data2\" content=\"2 minutes\" \/>\n<script type=\"application\/ld+json\" class=\"yoast-schema-graph\">{\"@context\":\"https:\\\/\\\/schema.org\",\"@graph\":[{\"@type\":\"Article\",\"@id\":\"https:\\\/\\\/legsedition.net\\\/public\\\/2019\\\/02\\\/22\\\/legs-edition-met-le-cap-sur-istanbul\\\/#article\",\"isPartOf\":{\"@id\":\"https:\\\/\\\/legsedition.net\\\/public\\\/2019\\\/02\\\/22\\\/legs-edition-met-le-cap-sur-istanbul\\\/\"},\"author\":{\"name\":\"legs_edition\",\"@id\":\"https:\\\/\\\/legsedition.net\\\/public\\\/#\\\/schema\\\/person\\\/a81dabaa18e65b48c79f8bbffa63ec58\"},\"headline\":\"LEGS \u00c9DITION met le cap sur Istanbul\",\"datePublished\":\"2019-02-22T21:58:37+00:00\",\"dateModified\":\"2019-03-01T06:48:31+00:00\",\"mainEntityOfPage\":{\"@id\":\"https:\\\/\\\/legsedition.net\\\/public\\\/2019\\\/02\\\/22\\\/legs-edition-met-le-cap-sur-istanbul\\\/\"},\"wordCount\":332,\"commentCount\":0,\"image\":{\"@id\":\"https:\\\/\\\/legsedition.net\\\/public\\\/2019\\\/02\\\/22\\\/legs-edition-met-le-cap-sur-istanbul\\\/#primaryimage\"},\"thumbnailUrl\":\"https:\\\/\\\/legsedition.net\\\/public\\\/wp-content\\\/uploads\\\/2019\\\/02\\\/legs_istanbul_2019.png\",\"articleSection\":[\"\u00c9V\u00c9NEMENTS\",\"Revues de presse\"],\"inLanguage\":\"fr-FR\",\"potentialAction\":[{\"@type\":\"CommentAction\",\"name\":\"Comment\",\"target\":[\"https:\\\/\\\/legsedition.net\\\/public\\\/2019\\\/02\\\/22\\\/legs-edition-met-le-cap-sur-istanbul\\\/#respond\"]}]},{\"@type\":\"WebPage\",\"@id\":\"https:\\\/\\\/legsedition.net\\\/public\\\/2019\\\/02\\\/22\\\/legs-edition-met-le-cap-sur-istanbul\\\/\",\"url\":\"https:\\\/\\\/legsedition.net\\\/public\\\/2019\\\/02\\\/22\\\/legs-edition-met-le-cap-sur-istanbul\\\/\",\"name\":\"LEGS \u00c9DITION met le cap sur Istanbul | LEGS &Eacute;DITION\",\"isPartOf\":{\"@id\":\"https:\\\/\\\/legsedition.net\\\/public\\\/#website\"},\"primaryImageOfPage\":{\"@id\":\"https:\\\/\\\/legsedition.net\\\/public\\\/2019\\\/02\\\/22\\\/legs-edition-met-le-cap-sur-istanbul\\\/#primaryimage\"},\"image\":{\"@id\":\"https:\\\/\\\/legsedition.net\\\/public\\\/2019\\\/02\\\/22\\\/legs-edition-met-le-cap-sur-istanbul\\\/#primaryimage\"},\"thumbnailUrl\":\"https:\\\/\\\/legsedition.net\\\/public\\\/wp-content\\\/uploads\\\/2019\\\/02\\\/legs_istanbul_2019.png\",\"datePublished\":\"2019-02-22T21:58:37+00:00\",\"dateModified\":\"2019-03-01T06:48:31+00:00\",\"author\":{\"@id\":\"https:\\\/\\\/legsedition.net\\\/public\\\/#\\\/schema\\\/person\\\/a81dabaa18e65b48c79f8bbffa63ec58\"},\"breadcrumb\":{\"@id\":\"https:\\\/\\\/legsedition.net\\\/public\\\/2019\\\/02\\\/22\\\/legs-edition-met-le-cap-sur-istanbul\\\/#breadcrumb\"},\"inLanguage\":\"fr-FR\",\"potentialAction\":[{\"@type\":\"ReadAction\",\"target\":[\"https:\\\/\\\/legsedition.net\\\/public\\\/2019\\\/02\\\/22\\\/legs-edition-met-le-cap-sur-istanbul\\\/\"]}]},{\"@type\":\"ImageObject\",\"inLanguage\":\"fr-FR\",\"@id\":\"https:\\\/\\\/legsedition.net\\\/public\\\/2019\\\/02\\\/22\\\/legs-edition-met-le-cap-sur-istanbul\\\/#primaryimage\",\"url\":\"https:\\\/\\\/legsedition.net\\\/public\\\/wp-content\\\/uploads\\\/2019\\\/02\\\/legs_istanbul_2019.png\",\"contentUrl\":\"https:\\\/\\\/legsedition.net\\\/public\\\/wp-content\\\/uploads\\\/2019\\\/02\\\/legs_istanbul_2019.png\",\"width\":1037,\"height\":277},{\"@type\":\"BreadcrumbList\",\"@id\":\"https:\\\/\\\/legsedition.net\\\/public\\\/2019\\\/02\\\/22\\\/legs-edition-met-le-cap-sur-istanbul\\\/#breadcrumb\",\"itemListElement\":[{\"@type\":\"ListItem\",\"position\":1,\"name\":\"Home\",\"item\":\"https:\\\/\\\/legsedition.net\\\/public\\\/\"},{\"@type\":\"ListItem\",\"position\":2,\"name\":\"LEGS \u00c9DITION met le cap sur Istanbul\"}]},{\"@type\":\"WebSite\",\"@id\":\"https:\\\/\\\/legsedition.net\\\/public\\\/#website\",\"url\":\"https:\\\/\\\/legsedition.net\\\/public\\\/\",\"name\":\"LEGS &Eacute;DITION\",\"description\":\"\",\"potentialAction\":[{\"@type\":\"SearchAction\",\"target\":{\"@type\":\"EntryPoint\",\"urlTemplate\":\"https:\\\/\\\/legsedition.net\\\/public\\\/?s={search_term_string}\"},\"query-input\":{\"@type\":\"PropertyValueSpecification\",\"valueRequired\":true,\"valueName\":\"search_term_string\"}}],\"inLanguage\":\"fr-FR\"},{\"@type\":\"Person\",\"@id\":\"https:\\\/\\\/legsedition.net\\\/public\\\/#\\\/schema\\\/person\\\/a81dabaa18e65b48c79f8bbffa63ec58\",\"name\":\"legs_edition\",\"image\":{\"@type\":\"ImageObject\",\"inLanguage\":\"fr-FR\",\"@id\":\"https:\\\/\\\/secure.gravatar.com\\\/avatar\\\/fa0fff0d692be3e90f567b7de089c52e1b33cd043cc784ccc7b3be10223ea819?s=96&d=mm&r=g\",\"url\":\"https:\\\/\\\/secure.gravatar.com\\\/avatar\\\/fa0fff0d692be3e90f567b7de089c52e1b33cd043cc784ccc7b3be10223ea819?s=96&d=mm&r=g\",\"contentUrl\":\"https:\\\/\\\/secure.gravatar.com\\\/avatar\\\/fa0fff0d692be3e90f567b7de089c52e1b33cd043cc784ccc7b3be10223ea819?s=96&d=mm&r=g\",\"caption\":\"legs_edition\"}}]}<\/script>\n<!-- \/ Yoast SEO plugin. -->","yoast_head_json":{"title":"LEGS \u00c9DITION met le cap sur Istanbul | LEGS &Eacute;DITION","robots":{"index":"index","follow":"follow","max-snippet":"max-snippet:-1","max-image-preview":"max-image-preview:large","max-video-preview":"max-video-preview:-1"},"canonical":"https:\/\/legsedition.net\/public\/2019\/02\/22\/legs-edition-met-le-cap-sur-istanbul\/","og_locale":"fr_FR","og_type":"article","og_title":"LEGS \u00c9DITION met le cap sur Istanbul | LEGS &Eacute;DITION","og_description":"Sous le haut patronage de la Soci\u00e9t\u00e9 de Presse et d&rsquo;\u00c9diteurs Turque (TBYM) \u2013Turkish Press and Publishers Copyright &amp; Licensing Society, en anglais \u2013, le minist\u00e8re de la Culture et du Tourisme de la R\u00e9publique Turque et la Municipalit\u00e9 m\u00e9tropolitaine...","og_url":"https:\/\/legsedition.net\/public\/2019\/02\/22\/legs-edition-met-le-cap-sur-istanbul\/","og_site_name":"LEGS &Eacute;DITION","article_publisher":"https:\/\/web.facebook.com\/LegsEtLitterature\/","article_published_time":"2019-02-22T21:58:37+00:00","article_modified_time":"2019-03-01T06:48:31+00:00","og_image":[{"width":1037,"height":277,"url":"https:\/\/legsedition.net\/public\/wp-content\/uploads\/2019\/02\/legs_istanbul_2019.png","type":"image\/png"}],"author":"legs_edition","twitter_card":"summary_large_image","twitter_misc":{"\u00c9crit par":"legs_edition","Dur\u00e9e de lecture estim\u00e9e":"2 minutes"},"schema":{"@context":"https:\/\/schema.org","@graph":[{"@type":"Article","@id":"https:\/\/legsedition.net\/public\/2019\/02\/22\/legs-edition-met-le-cap-sur-istanbul\/#article","isPartOf":{"@id":"https:\/\/legsedition.net\/public\/2019\/02\/22\/legs-edition-met-le-cap-sur-istanbul\/"},"author":{"name":"legs_edition","@id":"https:\/\/legsedition.net\/public\/#\/schema\/person\/a81dabaa18e65b48c79f8bbffa63ec58"},"headline":"LEGS \u00c9DITION met le cap sur Istanbul","datePublished":"2019-02-22T21:58:37+00:00","dateModified":"2019-03-01T06:48:31+00:00","mainEntityOfPage":{"@id":"https:\/\/legsedition.net\/public\/2019\/02\/22\/legs-edition-met-le-cap-sur-istanbul\/"},"wordCount":332,"commentCount":0,"image":{"@id":"https:\/\/legsedition.net\/public\/2019\/02\/22\/legs-edition-met-le-cap-sur-istanbul\/#primaryimage"},"thumbnailUrl":"https:\/\/legsedition.net\/public\/wp-content\/uploads\/2019\/02\/legs_istanbul_2019.png","articleSection":["\u00c9V\u00c9NEMENTS","Revues de presse"],"inLanguage":"fr-FR","potentialAction":[{"@type":"CommentAction","name":"Comment","target":["https:\/\/legsedition.net\/public\/2019\/02\/22\/legs-edition-met-le-cap-sur-istanbul\/#respond"]}]},{"@type":"WebPage","@id":"https:\/\/legsedition.net\/public\/2019\/02\/22\/legs-edition-met-le-cap-sur-istanbul\/","url":"https:\/\/legsedition.net\/public\/2019\/02\/22\/legs-edition-met-le-cap-sur-istanbul\/","name":"LEGS \u00c9DITION met le cap sur Istanbul | LEGS &Eacute;DITION","isPartOf":{"@id":"https:\/\/legsedition.net\/public\/#website"},"primaryImageOfPage":{"@id":"https:\/\/legsedition.net\/public\/2019\/02\/22\/legs-edition-met-le-cap-sur-istanbul\/#primaryimage"},"image":{"@id":"https:\/\/legsedition.net\/public\/2019\/02\/22\/legs-edition-met-le-cap-sur-istanbul\/#primaryimage"},"thumbnailUrl":"https:\/\/legsedition.net\/public\/wp-content\/uploads\/2019\/02\/legs_istanbul_2019.png","datePublished":"2019-02-22T21:58:37+00:00","dateModified":"2019-03-01T06:48:31+00:00","author":{"@id":"https:\/\/legsedition.net\/public\/#\/schema\/person\/a81dabaa18e65b48c79f8bbffa63ec58"},"breadcrumb":{"@id":"https:\/\/legsedition.net\/public\/2019\/02\/22\/legs-edition-met-le-cap-sur-istanbul\/#breadcrumb"},"inLanguage":"fr-FR","potentialAction":[{"@type":"ReadAction","target":["https:\/\/legsedition.net\/public\/2019\/02\/22\/legs-edition-met-le-cap-sur-istanbul\/"]}]},{"@type":"ImageObject","inLanguage":"fr-FR","@id":"https:\/\/legsedition.net\/public\/2019\/02\/22\/legs-edition-met-le-cap-sur-istanbul\/#primaryimage","url":"https:\/\/legsedition.net\/public\/wp-content\/uploads\/2019\/02\/legs_istanbul_2019.png","contentUrl":"https:\/\/legsedition.net\/public\/wp-content\/uploads\/2019\/02\/legs_istanbul_2019.png","width":1037,"height":277},{"@type":"BreadcrumbList","@id":"https:\/\/legsedition.net\/public\/2019\/02\/22\/legs-edition-met-le-cap-sur-istanbul\/#breadcrumb","itemListElement":[{"@type":"ListItem","position":1,"name":"Home","item":"https:\/\/legsedition.net\/public\/"},{"@type":"ListItem","position":2,"name":"LEGS \u00c9DITION met le cap sur Istanbul"}]},{"@type":"WebSite","@id":"https:\/\/legsedition.net\/public\/#website","url":"https:\/\/legsedition.net\/public\/","name":"LEGS &Eacute;DITION","description":"","potentialAction":[{"@type":"SearchAction","target":{"@type":"EntryPoint","urlTemplate":"https:\/\/legsedition.net\/public\/?s={search_term_string}"},"query-input":{"@type":"PropertyValueSpecification","valueRequired":true,"valueName":"search_term_string"}}],"inLanguage":"fr-FR"},{"@type":"Person","@id":"https:\/\/legsedition.net\/public\/#\/schema\/person\/a81dabaa18e65b48c79f8bbffa63ec58","name":"legs_edition","image":{"@type":"ImageObject","inLanguage":"fr-FR","@id":"https:\/\/secure.gravatar.com\/avatar\/fa0fff0d692be3e90f567b7de089c52e1b33cd043cc784ccc7b3be10223ea819?s=96&d=mm&r=g","url":"https:\/\/secure.gravatar.com\/avatar\/fa0fff0d692be3e90f567b7de089c52e1b33cd043cc784ccc7b3be10223ea819?s=96&d=mm&r=g","contentUrl":"https:\/\/secure.gravatar.com\/avatar\/fa0fff0d692be3e90f567b7de089c52e1b33cd043cc784ccc7b3be10223ea819?s=96&d=mm&r=g","caption":"legs_edition"}}]}},"_links":{"self":[{"href":"https:\/\/legsedition.net\/public\/wp-json\/wp\/v2\/posts\/2506","targetHints":{"allow":["GET"]}}],"collection":[{"href":"https:\/\/legsedition.net\/public\/wp-json\/wp\/v2\/posts"}],"about":[{"href":"https:\/\/legsedition.net\/public\/wp-json\/wp\/v2\/types\/post"}],"author":[{"embeddable":true,"href":"https:\/\/legsedition.net\/public\/wp-json\/wp\/v2\/users\/2"}],"replies":[{"embeddable":true,"href":"https:\/\/legsedition.net\/public\/wp-json\/wp\/v2\/comments?post=2506"}],"version-history":[{"count":7,"href":"https:\/\/legsedition.net\/public\/wp-json\/wp\/v2\/posts\/2506\/revisions"}],"predecessor-version":[{"id":2517,"href":"https:\/\/legsedition.net\/public\/wp-json\/wp\/v2\/posts\/2506\/revisions\/2517"}],"wp:featuredmedia":[{"embeddable":true,"href":"https:\/\/legsedition.net\/public\/wp-json\/wp\/v2\/media\/2508"}],"wp:attachment":[{"href":"https:\/\/legsedition.net\/public\/wp-json\/wp\/v2\/media?parent=2506"}],"wp:term":[{"taxonomy":"category","embeddable":true,"href":"https:\/\/legsedition.net\/public\/wp-json\/wp\/v2\/categories?post=2506"},{"taxonomy":"post_tag","embeddable":true,"href":"https:\/\/legsedition.net\/public\/wp-json\/wp\/v2\/tags?post=2506"}],"curies":[{"name":"wp","href":"https:\/\/api.w.org\/{rel}","templated":true}]}}