{"id":3067,"date":"2019-08-03T10:51:44","date_gmt":"2019-08-03T10:51:44","guid":{"rendered":"https:\/\/legsedition.net\/public\/?p=3067"},"modified":"2019-08-03T10:51:44","modified_gmt":"2019-08-03T10:51:44","slug":"elderic-et-le-monde-magique-de-marie-desvignes","status":"publish","type":"post","link":"https:\/\/legsedition.net\/public\/2019\/08\/03\/elderic-et-le-monde-magique-de-marie-desvignes\/","title":{"rendered":"Eld\u00e9ric et le monde magique de Marie Desvignes"},"content":{"rendered":"<div class=\"post_quote\">\n<p class=\"post_pk\"><a href=\"https:\/\/legsedition.net\/public\/wp-content\/uploads\/2019\/08\/elderic_et_le_livre.png\"><img decoding=\"async\" class=\" wp-image-3068 alignleft\" src=\"https:\/\/legsedition.net\/public\/wp-content\/uploads\/2019\/08\/elderic_et_le_livre-300x233.png\" alt=\"\" width=\"175\" height=\"136\" srcset=\"https:\/\/legsedition.net\/public\/wp-content\/uploads\/2019\/08\/elderic_et_le_livre-300x233.png 300w, https:\/\/legsedition.net\/public\/wp-content\/uploads\/2019\/08\/elderic_et_le_livre-206x160.png 206w, https:\/\/legsedition.net\/public\/wp-content\/uploads\/2019\/08\/elderic_et_le_livre.png 356w\" sizes=\"(max-width: 175px) 100vw, 175px\" \/><\/a>\u00ab Eld\u00e9ric et le Livre des Mondes \u00bb est un roman d&rsquo;aventures \u00e9crit par Marie Desvignes et publi\u00e9 en mai 2019 dans la collection Jeunesse dirig\u00e9e par Mirline Pierre. N\u00e9e en 1961 \u00e0 Port-de-Bouc dans le Sud de la France, Maie Desvignes est po\u00e8te, romanci\u00e8re, nouvelliste et peintre. Elle est d\u00e9tentrice d&rsquo;un dipl\u00f4me d&rsquo;\u00e9tudes approfondies en lettres de l&rsquo;Universit\u00e9 d&rsquo;Aix-en-Provence. En plus d&rsquo;\u00eatre professeure de lettres, formatrice d&rsquo;ateliers d&rsquo;\u00e9criture en milieu scolaire, elle est \u00e9galement r\u00e9dactrice \u00e0 la revue \u00ab Legs et Litt\u00e9rature \u00bb&#8230;[<a href=\"https:\/\/l.facebook.com\/l.php?u=http%3A%2F%2Flenational.org%2Fpost_free.php%3Felif%3D1_CONTENUE%252Fculture%26rebmun%3D3920%26fbclid%3DIwAR0PebY8cCSZisTJAgN243FXwe6aUzMq0uOnC5ho3v1Zodyfaw1Ujg-7CCw&amp;h=AT2HDyrr1qSPVcE5OvSbx7QN81he6FFZxpToP81CgrXpygjBQAEKMYYpYj9uwFyEioPveGhW7-01u-W2cMDmWePhOaToPSfLE4a48uHBQiOpXqwjcx_cavJqOgT-zBq8QcIapJhjXnKcx10Cj8EyGVKoUlXO2EZ8_c67SzabsIp3pWbdR_OrE8rVpzjeiwoob9QGpPOBQH2oqrLjzQ2G7RVeuxRoibywyw5EpwCmOw9EGVFPeWdqAiMpNFmFEnCQM_QmnetIHmDBHb0iIjMquUWPRraXjFTrv2lhRGe6twN4yoHqSU_La3c03u-5_cDofocjbPKDs5IrgXQvRZ_M6pl1AjaWf2Ubjym79pFcWrhgdwES9WnHtU28kahwWF0FvwbZTvXCFuFBuY7PB5o-nC_hAs76RyfKYBjmeo1cJ0eUQicU4ur9M9e2vm_RtVvy0uDn0VZE5AlnbU2T65ZQVp-GPrsEQ0o4Sy5Ua9V8gN7lJ6VIxaF5cRXnBH05A7SyCRJ8E2_z0FNIOROcmWPSRodvmAYpvsD_gefX8Cqia7_whc-gsqKnt_3Ak-l5N4GKpBOgL5PY7Fu_bo95yTA-vqW2Mv4eP1ZKcDCY5NZah0IARmDtrZsRwEAekxrm7ZvWv1E\" target=\"_blank\" rel=\"noopener\">Lire la suite<\/a>]<\/p>\n<p>Jenny Emmanuel Telisma,\u00a0<em>Le National,\u00a0<\/em>02 ao\u00fbt 2019<\/p>\n<\/div>\n","protected":false},"excerpt":{"rendered":"<p>\u00ab Eld\u00e9ric et le Livre des Mondes \u00bb est un roman d&rsquo;aventures \u00e9crit par Marie Desvignes et publi\u00e9 en mai 2019 dans la collection Jeunesse dirig\u00e9e par Mirline Pierre. N\u00e9e en 1961 \u00e0 Port-de-Bouc dans le Sud de la France,&#8230;<\/p>\n","protected":false},"author":2,"featured_media":3068,"comment_status":"open","ping_status":"open","sticky":false,"template":"","format":"standard","meta":{"footnotes":""},"categories":[5,54],"tags":[],"class_list":["post-3067","post","type-post","status-publish","format-standard","has-post-thumbnail","hentry","category-actualites","category-revuesdepresse"],"yoast_head":"<!-- This site is optimized with the Yoast SEO plugin v27.4 - https:\/\/yoast.com\/product\/yoast-seo-wordpress\/ -->\n<title>Eld\u00e9ric et le monde magique de Marie Desvignes | LEGS &Eacute;DITION<\/title>\n<meta name=\"robots\" content=\"index, follow, max-snippet:-1, max-image-preview:large, max-video-preview:-1\" \/>\n<link rel=\"canonical\" href=\"https:\/\/legsedition.net\/public\/2019\/08\/03\/elderic-et-le-monde-magique-de-marie-desvignes\/\" \/>\n<meta property=\"og:locale\" content=\"fr_FR\" \/>\n<meta property=\"og:type\" content=\"article\" \/>\n<meta property=\"og:title\" content=\"Eld\u00e9ric et le monde magique de Marie Desvignes | LEGS &Eacute;DITION\" \/>\n<meta property=\"og:description\" content=\"\u00ab Eld\u00e9ric et le Livre des Mondes \u00bb est un roman d&rsquo;aventures \u00e9crit par Marie Desvignes et publi\u00e9 en mai 2019 dans la collection Jeunesse dirig\u00e9e par Mirline Pierre. N\u00e9e en 1961 \u00e0 Port-de-Bouc dans le Sud de la France,...\" \/>\n<meta property=\"og:url\" content=\"https:\/\/legsedition.net\/public\/2019\/08\/03\/elderic-et-le-monde-magique-de-marie-desvignes\/\" \/>\n<meta property=\"og:site_name\" content=\"LEGS &Eacute;DITION\" \/>\n<meta property=\"article:publisher\" content=\"https:\/\/web.facebook.com\/LegsEtLitterature\/\" \/>\n<meta property=\"article:published_time\" content=\"2019-08-03T10:51:44+00:00\" \/>\n<meta property=\"og:image\" content=\"https:\/\/legsedition.net\/public\/wp-content\/uploads\/2019\/08\/elderic_et_le_livre.png\" \/>\n\t<meta property=\"og:image:width\" content=\"356\" \/>\n\t<meta property=\"og:image:height\" content=\"276\" \/>\n\t<meta property=\"og:image:type\" content=\"image\/png\" \/>\n<meta name=\"author\" content=\"legs_edition\" \/>\n<meta name=\"twitter:card\" content=\"summary_large_image\" \/>\n<meta name=\"twitter:label1\" content=\"\u00c9crit par\" \/>\n\t<meta name=\"twitter:data1\" content=\"legs_edition\" \/>\n<script type=\"application\/ld+json\" class=\"yoast-schema-graph\">{\"@context\":\"https:\\\/\\\/schema.org\",\"@graph\":[{\"@type\":\"Article\",\"@id\":\"https:\\\/\\\/legsedition.net\\\/public\\\/2019\\\/08\\\/03\\\/elderic-et-le-monde-magique-de-marie-desvignes\\\/#article\",\"isPartOf\":{\"@id\":\"https:\\\/\\\/legsedition.net\\\/public\\\/2019\\\/08\\\/03\\\/elderic-et-le-monde-magique-de-marie-desvignes\\\/\"},\"author\":{\"name\":\"legs_edition\",\"@id\":\"https:\\\/\\\/legsedition.net\\\/public\\\/#\\\/schema\\\/person\\\/a81dabaa18e65b48c79f8bbffa63ec58\"},\"headline\":\"Eld\u00e9ric et le monde magique de Marie Desvignes\",\"datePublished\":\"2019-08-03T10:51:44+00:00\",\"mainEntityOfPage\":{\"@id\":\"https:\\\/\\\/legsedition.net\\\/public\\\/2019\\\/08\\\/03\\\/elderic-et-le-monde-magique-de-marie-desvignes\\\/\"},\"wordCount\":112,\"commentCount\":0,\"image\":{\"@id\":\"https:\\\/\\\/legsedition.net\\\/public\\\/2019\\\/08\\\/03\\\/elderic-et-le-monde-magique-de-marie-desvignes\\\/#primaryimage\"},\"thumbnailUrl\":\"https:\\\/\\\/legsedition.net\\\/public\\\/wp-content\\\/uploads\\\/2019\\\/08\\\/elderic_et_le_livre.png\",\"articleSection\":[\"Actualites\",\"Revues de presse\"],\"inLanguage\":\"fr-FR\",\"potentialAction\":[{\"@type\":\"CommentAction\",\"name\":\"Comment\",\"target\":[\"https:\\\/\\\/legsedition.net\\\/public\\\/2019\\\/08\\\/03\\\/elderic-et-le-monde-magique-de-marie-desvignes\\\/#respond\"]}]},{\"@type\":\"WebPage\",\"@id\":\"https:\\\/\\\/legsedition.net\\\/public\\\/2019\\\/08\\\/03\\\/elderic-et-le-monde-magique-de-marie-desvignes\\\/\",\"url\":\"https:\\\/\\\/legsedition.net\\\/public\\\/2019\\\/08\\\/03\\\/elderic-et-le-monde-magique-de-marie-desvignes\\\/\",\"name\":\"Eld\u00e9ric et le monde magique de Marie Desvignes | LEGS &Eacute;DITION\",\"isPartOf\":{\"@id\":\"https:\\\/\\\/legsedition.net\\\/public\\\/#website\"},\"primaryImageOfPage\":{\"@id\":\"https:\\\/\\\/legsedition.net\\\/public\\\/2019\\\/08\\\/03\\\/elderic-et-le-monde-magique-de-marie-desvignes\\\/#primaryimage\"},\"image\":{\"@id\":\"https:\\\/\\\/legsedition.net\\\/public\\\/2019\\\/08\\\/03\\\/elderic-et-le-monde-magique-de-marie-desvignes\\\/#primaryimage\"},\"thumbnailUrl\":\"https:\\\/\\\/legsedition.net\\\/public\\\/wp-content\\\/uploads\\\/2019\\\/08\\\/elderic_et_le_livre.png\",\"datePublished\":\"2019-08-03T10:51:44+00:00\",\"author\":{\"@id\":\"https:\\\/\\\/legsedition.net\\\/public\\\/#\\\/schema\\\/person\\\/a81dabaa18e65b48c79f8bbffa63ec58\"},\"breadcrumb\":{\"@id\":\"https:\\\/\\\/legsedition.net\\\/public\\\/2019\\\/08\\\/03\\\/elderic-et-le-monde-magique-de-marie-desvignes\\\/#breadcrumb\"},\"inLanguage\":\"fr-FR\",\"potentialAction\":[{\"@type\":\"ReadAction\",\"target\":[\"https:\\\/\\\/legsedition.net\\\/public\\\/2019\\\/08\\\/03\\\/elderic-et-le-monde-magique-de-marie-desvignes\\\/\"]}]},{\"@type\":\"ImageObject\",\"inLanguage\":\"fr-FR\",\"@id\":\"https:\\\/\\\/legsedition.net\\\/public\\\/2019\\\/08\\\/03\\\/elderic-et-le-monde-magique-de-marie-desvignes\\\/#primaryimage\",\"url\":\"https:\\\/\\\/legsedition.net\\\/public\\\/wp-content\\\/uploads\\\/2019\\\/08\\\/elderic_et_le_livre.png\",\"contentUrl\":\"https:\\\/\\\/legsedition.net\\\/public\\\/wp-content\\\/uploads\\\/2019\\\/08\\\/elderic_et_le_livre.png\",\"width\":356,\"height\":276},{\"@type\":\"BreadcrumbList\",\"@id\":\"https:\\\/\\\/legsedition.net\\\/public\\\/2019\\\/08\\\/03\\\/elderic-et-le-monde-magique-de-marie-desvignes\\\/#breadcrumb\",\"itemListElement\":[{\"@type\":\"ListItem\",\"position\":1,\"name\":\"Home\",\"item\":\"https:\\\/\\\/legsedition.net\\\/public\\\/\"},{\"@type\":\"ListItem\",\"position\":2,\"name\":\"Eld\u00e9ric et le monde magique de Marie Desvignes\"}]},{\"@type\":\"WebSite\",\"@id\":\"https:\\\/\\\/legsedition.net\\\/public\\\/#website\",\"url\":\"https:\\\/\\\/legsedition.net\\\/public\\\/\",\"name\":\"LEGS &Eacute;DITION\",\"description\":\"\",\"potentialAction\":[{\"@type\":\"SearchAction\",\"target\":{\"@type\":\"EntryPoint\",\"urlTemplate\":\"https:\\\/\\\/legsedition.net\\\/public\\\/?s={search_term_string}\"},\"query-input\":{\"@type\":\"PropertyValueSpecification\",\"valueRequired\":true,\"valueName\":\"search_term_string\"}}],\"inLanguage\":\"fr-FR\"},{\"@type\":\"Person\",\"@id\":\"https:\\\/\\\/legsedition.net\\\/public\\\/#\\\/schema\\\/person\\\/a81dabaa18e65b48c79f8bbffa63ec58\",\"name\":\"legs_edition\",\"image\":{\"@type\":\"ImageObject\",\"inLanguage\":\"fr-FR\",\"@id\":\"https:\\\/\\\/secure.gravatar.com\\\/avatar\\\/fa0fff0d692be3e90f567b7de089c52e1b33cd043cc784ccc7b3be10223ea819?s=96&d=mm&r=g\",\"url\":\"https:\\\/\\\/secure.gravatar.com\\\/avatar\\\/fa0fff0d692be3e90f567b7de089c52e1b33cd043cc784ccc7b3be10223ea819?s=96&d=mm&r=g\",\"contentUrl\":\"https:\\\/\\\/secure.gravatar.com\\\/avatar\\\/fa0fff0d692be3e90f567b7de089c52e1b33cd043cc784ccc7b3be10223ea819?s=96&d=mm&r=g\",\"caption\":\"legs_edition\"}}]}<\/script>\n<!-- \/ Yoast SEO plugin. -->","yoast_head_json":{"title":"Eld\u00e9ric et le monde magique de Marie Desvignes | LEGS &Eacute;DITION","robots":{"index":"index","follow":"follow","max-snippet":"max-snippet:-1","max-image-preview":"max-image-preview:large","max-video-preview":"max-video-preview:-1"},"canonical":"https:\/\/legsedition.net\/public\/2019\/08\/03\/elderic-et-le-monde-magique-de-marie-desvignes\/","og_locale":"fr_FR","og_type":"article","og_title":"Eld\u00e9ric et le monde magique de Marie Desvignes | LEGS &Eacute;DITION","og_description":"\u00ab Eld\u00e9ric et le Livre des Mondes \u00bb est un roman d&rsquo;aventures \u00e9crit par Marie Desvignes et publi\u00e9 en mai 2019 dans la collection Jeunesse dirig\u00e9e par Mirline Pierre. N\u00e9e en 1961 \u00e0 Port-de-Bouc dans le Sud de la France,...","og_url":"https:\/\/legsedition.net\/public\/2019\/08\/03\/elderic-et-le-monde-magique-de-marie-desvignes\/","og_site_name":"LEGS &Eacute;DITION","article_publisher":"https:\/\/web.facebook.com\/LegsEtLitterature\/","article_published_time":"2019-08-03T10:51:44+00:00","og_image":[{"width":356,"height":276,"url":"https:\/\/legsedition.net\/public\/wp-content\/uploads\/2019\/08\/elderic_et_le_livre.png","type":"image\/png"}],"author":"legs_edition","twitter_card":"summary_large_image","twitter_misc":{"\u00c9crit par":"legs_edition"},"schema":{"@context":"https:\/\/schema.org","@graph":[{"@type":"Article","@id":"https:\/\/legsedition.net\/public\/2019\/08\/03\/elderic-et-le-monde-magique-de-marie-desvignes\/#article","isPartOf":{"@id":"https:\/\/legsedition.net\/public\/2019\/08\/03\/elderic-et-le-monde-magique-de-marie-desvignes\/"},"author":{"name":"legs_edition","@id":"https:\/\/legsedition.net\/public\/#\/schema\/person\/a81dabaa18e65b48c79f8bbffa63ec58"},"headline":"Eld\u00e9ric et le monde magique de Marie Desvignes","datePublished":"2019-08-03T10:51:44+00:00","mainEntityOfPage":{"@id":"https:\/\/legsedition.net\/public\/2019\/08\/03\/elderic-et-le-monde-magique-de-marie-desvignes\/"},"wordCount":112,"commentCount":0,"image":{"@id":"https:\/\/legsedition.net\/public\/2019\/08\/03\/elderic-et-le-monde-magique-de-marie-desvignes\/#primaryimage"},"thumbnailUrl":"https:\/\/legsedition.net\/public\/wp-content\/uploads\/2019\/08\/elderic_et_le_livre.png","articleSection":["Actualites","Revues de presse"],"inLanguage":"fr-FR","potentialAction":[{"@type":"CommentAction","name":"Comment","target":["https:\/\/legsedition.net\/public\/2019\/08\/03\/elderic-et-le-monde-magique-de-marie-desvignes\/#respond"]}]},{"@type":"WebPage","@id":"https:\/\/legsedition.net\/public\/2019\/08\/03\/elderic-et-le-monde-magique-de-marie-desvignes\/","url":"https:\/\/legsedition.net\/public\/2019\/08\/03\/elderic-et-le-monde-magique-de-marie-desvignes\/","name":"Eld\u00e9ric et le monde magique de Marie Desvignes | LEGS &Eacute;DITION","isPartOf":{"@id":"https:\/\/legsedition.net\/public\/#website"},"primaryImageOfPage":{"@id":"https:\/\/legsedition.net\/public\/2019\/08\/03\/elderic-et-le-monde-magique-de-marie-desvignes\/#primaryimage"},"image":{"@id":"https:\/\/legsedition.net\/public\/2019\/08\/03\/elderic-et-le-monde-magique-de-marie-desvignes\/#primaryimage"},"thumbnailUrl":"https:\/\/legsedition.net\/public\/wp-content\/uploads\/2019\/08\/elderic_et_le_livre.png","datePublished":"2019-08-03T10:51:44+00:00","author":{"@id":"https:\/\/legsedition.net\/public\/#\/schema\/person\/a81dabaa18e65b48c79f8bbffa63ec58"},"breadcrumb":{"@id":"https:\/\/legsedition.net\/public\/2019\/08\/03\/elderic-et-le-monde-magique-de-marie-desvignes\/#breadcrumb"},"inLanguage":"fr-FR","potentialAction":[{"@type":"ReadAction","target":["https:\/\/legsedition.net\/public\/2019\/08\/03\/elderic-et-le-monde-magique-de-marie-desvignes\/"]}]},{"@type":"ImageObject","inLanguage":"fr-FR","@id":"https:\/\/legsedition.net\/public\/2019\/08\/03\/elderic-et-le-monde-magique-de-marie-desvignes\/#primaryimage","url":"https:\/\/legsedition.net\/public\/wp-content\/uploads\/2019\/08\/elderic_et_le_livre.png","contentUrl":"https:\/\/legsedition.net\/public\/wp-content\/uploads\/2019\/08\/elderic_et_le_livre.png","width":356,"height":276},{"@type":"BreadcrumbList","@id":"https:\/\/legsedition.net\/public\/2019\/08\/03\/elderic-et-le-monde-magique-de-marie-desvignes\/#breadcrumb","itemListElement":[{"@type":"ListItem","position":1,"name":"Home","item":"https:\/\/legsedition.net\/public\/"},{"@type":"ListItem","position":2,"name":"Eld\u00e9ric et le monde magique de Marie Desvignes"}]},{"@type":"WebSite","@id":"https:\/\/legsedition.net\/public\/#website","url":"https:\/\/legsedition.net\/public\/","name":"LEGS &Eacute;DITION","description":"","potentialAction":[{"@type":"SearchAction","target":{"@type":"EntryPoint","urlTemplate":"https:\/\/legsedition.net\/public\/?s={search_term_string}"},"query-input":{"@type":"PropertyValueSpecification","valueRequired":true,"valueName":"search_term_string"}}],"inLanguage":"fr-FR"},{"@type":"Person","@id":"https:\/\/legsedition.net\/public\/#\/schema\/person\/a81dabaa18e65b48c79f8bbffa63ec58","name":"legs_edition","image":{"@type":"ImageObject","inLanguage":"fr-FR","@id":"https:\/\/secure.gravatar.com\/avatar\/fa0fff0d692be3e90f567b7de089c52e1b33cd043cc784ccc7b3be10223ea819?s=96&d=mm&r=g","url":"https:\/\/secure.gravatar.com\/avatar\/fa0fff0d692be3e90f567b7de089c52e1b33cd043cc784ccc7b3be10223ea819?s=96&d=mm&r=g","contentUrl":"https:\/\/secure.gravatar.com\/avatar\/fa0fff0d692be3e90f567b7de089c52e1b33cd043cc784ccc7b3be10223ea819?s=96&d=mm&r=g","caption":"legs_edition"}}]}},"_links":{"self":[{"href":"https:\/\/legsedition.net\/public\/wp-json\/wp\/v2\/posts\/3067","targetHints":{"allow":["GET"]}}],"collection":[{"href":"https:\/\/legsedition.net\/public\/wp-json\/wp\/v2\/posts"}],"about":[{"href":"https:\/\/legsedition.net\/public\/wp-json\/wp\/v2\/types\/post"}],"author":[{"embeddable":true,"href":"https:\/\/legsedition.net\/public\/wp-json\/wp\/v2\/users\/2"}],"replies":[{"embeddable":true,"href":"https:\/\/legsedition.net\/public\/wp-json\/wp\/v2\/comments?post=3067"}],"version-history":[{"count":1,"href":"https:\/\/legsedition.net\/public\/wp-json\/wp\/v2\/posts\/3067\/revisions"}],"predecessor-version":[{"id":3069,"href":"https:\/\/legsedition.net\/public\/wp-json\/wp\/v2\/posts\/3067\/revisions\/3069"}],"wp:featuredmedia":[{"embeddable":true,"href":"https:\/\/legsedition.net\/public\/wp-json\/wp\/v2\/media\/3068"}],"wp:attachment":[{"href":"https:\/\/legsedition.net\/public\/wp-json\/wp\/v2\/media?parent=3067"}],"wp:term":[{"taxonomy":"category","embeddable":true,"href":"https:\/\/legsedition.net\/public\/wp-json\/wp\/v2\/categories?post=3067"},{"taxonomy":"post_tag","embeddable":true,"href":"https:\/\/legsedition.net\/public\/wp-json\/wp\/v2\/tags?post=3067"}],"curies":[{"name":"wp","href":"https:\/\/api.w.org\/{rel}","templated":true}]}}