{"id":3600,"date":"2020-08-04T22:25:51","date_gmt":"2020-08-04T22:25:51","guid":{"rendered":"https:\/\/legsedition.net\/public\/?p=3600"},"modified":"2020-08-05T15:07:14","modified_gmt":"2020-08-05T15:07:14","slug":"que-dire-et-ou-le-dire-lettre-ouverte-des-editrices-et-editeurs-independant-e-s-aux-autrices-auteurs-et-intellectuel-le-s-engage-e-s-pour-un-monde-plus-juste-juillet-2020","status":"publish","type":"post","link":"https:\/\/legsedition.net\/public\/2020\/08\/04\/que-dire-et-ou-le-dire-lettre-ouverte-des-editrices-et-editeurs-independant-e-s-aux-autrices-auteurs-et-intellectuel-le-s-engage-e-s-pour-un-monde-plus-juste-juillet-2020\/","title":{"rendered":"Que dire, et o\u00f9 le dire ? : lettre ouverte des \u00e9ditrices et \u00e9diteurs ind\u00e9pendant.e.s aux autrices, auteurs et intellectuel.le.s engag\u00e9.e.s pour un monde plus juste, juillet 2020"},"content":{"rendered":"<p><a href=\"https:\/\/legsedition.net\/public\/wp-content\/uploads\/2020\/08\/plume-engagee.png\"><img decoding=\"async\" class=\"size-thumbnail wp-image-3601 alignleft\" src=\"https:\/\/legsedition.net\/public\/wp-content\/uploads\/2020\/08\/plume-engagee-150x150.png\" alt=\"\" width=\"150\" height=\"150\" srcset=\"https:\/\/legsedition.net\/public\/wp-content\/uploads\/2020\/08\/plume-engagee-150x150.png 150w, https:\/\/legsedition.net\/public\/wp-content\/uploads\/2020\/08\/plume-engagee-300x300.png 300w, https:\/\/legsedition.net\/public\/wp-content\/uploads\/2020\/08\/plume-engagee-100x100.png 100w\" sizes=\"(max-width: 150px) 100vw, 150px\" \/><\/a>\u00ab Alors que nous sommes entr\u00e9s dans le\u00a0XXI<sup>e <\/sup>si\u00e8cle, il est difficile de dissocier la fin des moyens : que dire, et o\u00f9 le dire ? Ainsi, nous constatons que beaucoup d\u2019id\u00e9es et d\u2019\u00e9crits cherchant \u00e0 promouvoir le d\u00e9bat, la cr\u00e9ation et la pens\u00e9e critique, la justice et l\u2019\u00e9galit\u00e9 sont publi\u00e9s dans des grands conglom\u00e9rats aux multiples labels \u00e9ditoriaux. Le pouvoir transformateur de ces \u0153uvres n\u2019est-il pas r\u00e9duit \u00e0 n\u00e9ant lorsqu\u2019elles plongent dans les rouages de l\u2019industrie du divertissement ?&#8230;[<a href=\"https:\/\/www.alliance-editeurs.org\/que-dire-et-ou-le-dire-lettre,1697\" target=\"_blank\" rel=\"noopener\">Lire la suite<\/a>]<\/p>\n<p>&nbsp;<\/p>\n<p><a href=\"https:\/\/legsedition.net\/public\/wp-content\/uploads\/2020\/08\/Lettre-ouverte-des-\u00e9diteurs-ind\u00e9pendants-aux-auteurs-et-intellectuels.pdf\" target=\"_blank\" rel=\"noopener\">Lire la lettre ouverte : Que dire et o\u00f9 le dire ?<\/a><\/p>\n","protected":false},"excerpt":{"rendered":"<p>\u00ab Alors que nous sommes entr\u00e9s dans le\u00a0XXIe si\u00e8cle, il est difficile de dissocier la fin des moyens : que dire, et o\u00f9 le dire ? Ainsi, nous constatons que beaucoup d\u2019id\u00e9es et d\u2019\u00e9crits cherchant \u00e0 promouvoir le d\u00e9bat, la&#8230;<\/p>\n","protected":false},"author":2,"featured_media":3601,"comment_status":"open","ping_status":"open","sticky":false,"template":"","format":"standard","meta":{"footnotes":""},"categories":[6],"tags":[],"class_list":["post-3600","post","type-post","status-publish","format-standard","has-post-thumbnail","hentry","category-chroniques"],"yoast_head":"<!-- This site is optimized with the Yoast SEO plugin v27.4 - https:\/\/yoast.com\/product\/yoast-seo-wordpress\/ -->\n<title>Que dire, et o\u00f9 le dire ? : lettre ouverte des \u00e9ditrices et \u00e9diteurs ind\u00e9pendant.e.s aux autrices, auteurs et intellectuel.le.s engag\u00e9.e.s pour un monde plus juste, juillet 2020 | LEGS &Eacute;DITION<\/title>\n<meta name=\"robots\" content=\"index, follow, max-snippet:-1, max-image-preview:large, max-video-preview:-1\" \/>\n<link rel=\"canonical\" href=\"https:\/\/legsedition.net\/public\/2020\/08\/04\/que-dire-et-ou-le-dire-lettre-ouverte-des-editrices-et-editeurs-independant-e-s-aux-autrices-auteurs-et-intellectuel-le-s-engage-e-s-pour-un-monde-plus-juste-juillet-2020\/\" \/>\n<meta property=\"og:locale\" content=\"fr_FR\" \/>\n<meta property=\"og:type\" content=\"article\" \/>\n<meta property=\"og:title\" content=\"Que dire, et o\u00f9 le dire ? : lettre ouverte des \u00e9ditrices et \u00e9diteurs ind\u00e9pendant.e.s aux autrices, auteurs et intellectuel.le.s engag\u00e9.e.s pour un monde plus juste, juillet 2020 | LEGS &Eacute;DITION\" \/>\n<meta property=\"og:description\" content=\"\u00ab Alors que nous sommes entr\u00e9s dans le\u00a0XXIe si\u00e8cle, il est difficile de dissocier la fin des moyens : que dire, et o\u00f9 le dire ? Ainsi, nous constatons que beaucoup d\u2019id\u00e9es et d\u2019\u00e9crits cherchant \u00e0 promouvoir le d\u00e9bat, la...\" \/>\n<meta property=\"og:url\" content=\"https:\/\/legsedition.net\/public\/2020\/08\/04\/que-dire-et-ou-le-dire-lettre-ouverte-des-editrices-et-editeurs-independant-e-s-aux-autrices-auteurs-et-intellectuel-le-s-engage-e-s-pour-un-monde-plus-juste-juillet-2020\/\" \/>\n<meta property=\"og:site_name\" content=\"LEGS &Eacute;DITION\" \/>\n<meta property=\"article:publisher\" content=\"https:\/\/web.facebook.com\/LegsEtLitterature\/\" \/>\n<meta property=\"article:published_time\" content=\"2020-08-04T22:25:51+00:00\" \/>\n<meta property=\"article:modified_time\" content=\"2020-08-05T15:07:14+00:00\" \/>\n<meta property=\"og:image\" content=\"https:\/\/legsedition.net\/public\/wp-content\/uploads\/2020\/08\/plume-engagee.png\" \/>\n\t<meta property=\"og:image:width\" content=\"372\" \/>\n\t<meta property=\"og:image:height\" content=\"313\" \/>\n\t<meta property=\"og:image:type\" content=\"image\/png\" \/>\n<meta name=\"author\" content=\"legs_edition\" \/>\n<meta name=\"twitter:card\" content=\"summary_large_image\" \/>\n<meta name=\"twitter:label1\" content=\"\u00c9crit par\" \/>\n\t<meta name=\"twitter:data1\" content=\"legs_edition\" \/>\n\t<meta name=\"twitter:label2\" content=\"Dur\u00e9e de lecture estim\u00e9e\" \/>\n\t<meta name=\"twitter:data2\" content=\"1 minute\" \/>\n<script type=\"application\/ld+json\" class=\"yoast-schema-graph\">{\"@context\":\"https:\\\/\\\/schema.org\",\"@graph\":[{\"@type\":\"Article\",\"@id\":\"https:\\\/\\\/legsedition.net\\\/public\\\/2020\\\/08\\\/04\\\/que-dire-et-ou-le-dire-lettre-ouverte-des-editrices-et-editeurs-independant-e-s-aux-autrices-auteurs-et-intellectuel-le-s-engage-e-s-pour-un-monde-plus-juste-juillet-2020\\\/#article\",\"isPartOf\":{\"@id\":\"https:\\\/\\\/legsedition.net\\\/public\\\/2020\\\/08\\\/04\\\/que-dire-et-ou-le-dire-lettre-ouverte-des-editrices-et-editeurs-independant-e-s-aux-autrices-auteurs-et-intellectuel-le-s-engage-e-s-pour-un-monde-plus-juste-juillet-2020\\\/\"},\"author\":{\"name\":\"legs_edition\",\"@id\":\"https:\\\/\\\/legsedition.net\\\/public\\\/#\\\/schema\\\/person\\\/a81dabaa18e65b48c79f8bbffa63ec58\"},\"headline\":\"Que dire, et o\u00f9 le dire ? : lettre ouverte des \u00e9ditrices et \u00e9diteurs ind\u00e9pendant.e.s aux autrices, auteurs et intellectuel.le.s engag\u00e9.e.s pour un monde plus juste, juillet 2020\",\"datePublished\":\"2020-08-04T22:25:51+00:00\",\"dateModified\":\"2020-08-05T15:07:14+00:00\",\"mainEntityOfPage\":{\"@id\":\"https:\\\/\\\/legsedition.net\\\/public\\\/2020\\\/08\\\/04\\\/que-dire-et-ou-le-dire-lettre-ouverte-des-editrices-et-editeurs-independant-e-s-aux-autrices-auteurs-et-intellectuel-le-s-engage-e-s-pour-un-monde-plus-juste-juillet-2020\\\/\"},\"wordCount\":137,\"commentCount\":0,\"image\":{\"@id\":\"https:\\\/\\\/legsedition.net\\\/public\\\/2020\\\/08\\\/04\\\/que-dire-et-ou-le-dire-lettre-ouverte-des-editrices-et-editeurs-independant-e-s-aux-autrices-auteurs-et-intellectuel-le-s-engage-e-s-pour-un-monde-plus-juste-juillet-2020\\\/#primaryimage\"},\"thumbnailUrl\":\"https:\\\/\\\/legsedition.net\\\/public\\\/wp-content\\\/uploads\\\/2020\\\/08\\\/plume-engagee.png\",\"articleSection\":[\"CHRONIQUES\"],\"inLanguage\":\"fr-FR\",\"potentialAction\":[{\"@type\":\"CommentAction\",\"name\":\"Comment\",\"target\":[\"https:\\\/\\\/legsedition.net\\\/public\\\/2020\\\/08\\\/04\\\/que-dire-et-ou-le-dire-lettre-ouverte-des-editrices-et-editeurs-independant-e-s-aux-autrices-auteurs-et-intellectuel-le-s-engage-e-s-pour-un-monde-plus-juste-juillet-2020\\\/#respond\"]}]},{\"@type\":\"WebPage\",\"@id\":\"https:\\\/\\\/legsedition.net\\\/public\\\/2020\\\/08\\\/04\\\/que-dire-et-ou-le-dire-lettre-ouverte-des-editrices-et-editeurs-independant-e-s-aux-autrices-auteurs-et-intellectuel-le-s-engage-e-s-pour-un-monde-plus-juste-juillet-2020\\\/\",\"url\":\"https:\\\/\\\/legsedition.net\\\/public\\\/2020\\\/08\\\/04\\\/que-dire-et-ou-le-dire-lettre-ouverte-des-editrices-et-editeurs-independant-e-s-aux-autrices-auteurs-et-intellectuel-le-s-engage-e-s-pour-un-monde-plus-juste-juillet-2020\\\/\",\"name\":\"Que dire, et o\u00f9 le dire ? : lettre ouverte des \u00e9ditrices et \u00e9diteurs ind\u00e9pendant.e.s aux autrices, auteurs et intellectuel.le.s engag\u00e9.e.s pour un monde plus juste, juillet 2020 | LEGS &Eacute;DITION\",\"isPartOf\":{\"@id\":\"https:\\\/\\\/legsedition.net\\\/public\\\/#website\"},\"primaryImageOfPage\":{\"@id\":\"https:\\\/\\\/legsedition.net\\\/public\\\/2020\\\/08\\\/04\\\/que-dire-et-ou-le-dire-lettre-ouverte-des-editrices-et-editeurs-independant-e-s-aux-autrices-auteurs-et-intellectuel-le-s-engage-e-s-pour-un-monde-plus-juste-juillet-2020\\\/#primaryimage\"},\"image\":{\"@id\":\"https:\\\/\\\/legsedition.net\\\/public\\\/2020\\\/08\\\/04\\\/que-dire-et-ou-le-dire-lettre-ouverte-des-editrices-et-editeurs-independant-e-s-aux-autrices-auteurs-et-intellectuel-le-s-engage-e-s-pour-un-monde-plus-juste-juillet-2020\\\/#primaryimage\"},\"thumbnailUrl\":\"https:\\\/\\\/legsedition.net\\\/public\\\/wp-content\\\/uploads\\\/2020\\\/08\\\/plume-engagee.png\",\"datePublished\":\"2020-08-04T22:25:51+00:00\",\"dateModified\":\"2020-08-05T15:07:14+00:00\",\"author\":{\"@id\":\"https:\\\/\\\/legsedition.net\\\/public\\\/#\\\/schema\\\/person\\\/a81dabaa18e65b48c79f8bbffa63ec58\"},\"breadcrumb\":{\"@id\":\"https:\\\/\\\/legsedition.net\\\/public\\\/2020\\\/08\\\/04\\\/que-dire-et-ou-le-dire-lettre-ouverte-des-editrices-et-editeurs-independant-e-s-aux-autrices-auteurs-et-intellectuel-le-s-engage-e-s-pour-un-monde-plus-juste-juillet-2020\\\/#breadcrumb\"},\"inLanguage\":\"fr-FR\",\"potentialAction\":[{\"@type\":\"ReadAction\",\"target\":[\"https:\\\/\\\/legsedition.net\\\/public\\\/2020\\\/08\\\/04\\\/que-dire-et-ou-le-dire-lettre-ouverte-des-editrices-et-editeurs-independant-e-s-aux-autrices-auteurs-et-intellectuel-le-s-engage-e-s-pour-un-monde-plus-juste-juillet-2020\\\/\"]}]},{\"@type\":\"ImageObject\",\"inLanguage\":\"fr-FR\",\"@id\":\"https:\\\/\\\/legsedition.net\\\/public\\\/2020\\\/08\\\/04\\\/que-dire-et-ou-le-dire-lettre-ouverte-des-editrices-et-editeurs-independant-e-s-aux-autrices-auteurs-et-intellectuel-le-s-engage-e-s-pour-un-monde-plus-juste-juillet-2020\\\/#primaryimage\",\"url\":\"https:\\\/\\\/legsedition.net\\\/public\\\/wp-content\\\/uploads\\\/2020\\\/08\\\/plume-engagee.png\",\"contentUrl\":\"https:\\\/\\\/legsedition.net\\\/public\\\/wp-content\\\/uploads\\\/2020\\\/08\\\/plume-engagee.png\",\"width\":372,\"height\":313},{\"@type\":\"BreadcrumbList\",\"@id\":\"https:\\\/\\\/legsedition.net\\\/public\\\/2020\\\/08\\\/04\\\/que-dire-et-ou-le-dire-lettre-ouverte-des-editrices-et-editeurs-independant-e-s-aux-autrices-auteurs-et-intellectuel-le-s-engage-e-s-pour-un-monde-plus-juste-juillet-2020\\\/#breadcrumb\",\"itemListElement\":[{\"@type\":\"ListItem\",\"position\":1,\"name\":\"Home\",\"item\":\"https:\\\/\\\/legsedition.net\\\/public\\\/\"},{\"@type\":\"ListItem\",\"position\":2,\"name\":\"Que dire, et o\u00f9 le dire ? : lettre ouverte des \u00e9ditrices et \u00e9diteurs ind\u00e9pendant.e.s aux autrices, auteurs et intellectuel.le.s engag\u00e9.e.s pour un monde plus juste, juillet 2020\"}]},{\"@type\":\"WebSite\",\"@id\":\"https:\\\/\\\/legsedition.net\\\/public\\\/#website\",\"url\":\"https:\\\/\\\/legsedition.net\\\/public\\\/\",\"name\":\"LEGS &Eacute;DITION\",\"description\":\"\",\"potentialAction\":[{\"@type\":\"SearchAction\",\"target\":{\"@type\":\"EntryPoint\",\"urlTemplate\":\"https:\\\/\\\/legsedition.net\\\/public\\\/?s={search_term_string}\"},\"query-input\":{\"@type\":\"PropertyValueSpecification\",\"valueRequired\":true,\"valueName\":\"search_term_string\"}}],\"inLanguage\":\"fr-FR\"},{\"@type\":\"Person\",\"@id\":\"https:\\\/\\\/legsedition.net\\\/public\\\/#\\\/schema\\\/person\\\/a81dabaa18e65b48c79f8bbffa63ec58\",\"name\":\"legs_edition\",\"image\":{\"@type\":\"ImageObject\",\"inLanguage\":\"fr-FR\",\"@id\":\"https:\\\/\\\/secure.gravatar.com\\\/avatar\\\/fa0fff0d692be3e90f567b7de089c52e1b33cd043cc784ccc7b3be10223ea819?s=96&d=mm&r=g\",\"url\":\"https:\\\/\\\/secure.gravatar.com\\\/avatar\\\/fa0fff0d692be3e90f567b7de089c52e1b33cd043cc784ccc7b3be10223ea819?s=96&d=mm&r=g\",\"contentUrl\":\"https:\\\/\\\/secure.gravatar.com\\\/avatar\\\/fa0fff0d692be3e90f567b7de089c52e1b33cd043cc784ccc7b3be10223ea819?s=96&d=mm&r=g\",\"caption\":\"legs_edition\"}}]}<\/script>\n<!-- \/ Yoast SEO plugin. -->","yoast_head_json":{"title":"Que dire, et o\u00f9 le dire ? : lettre ouverte des \u00e9ditrices et \u00e9diteurs ind\u00e9pendant.e.s aux autrices, auteurs et intellectuel.le.s engag\u00e9.e.s pour un monde plus juste, juillet 2020 | LEGS &Eacute;DITION","robots":{"index":"index","follow":"follow","max-snippet":"max-snippet:-1","max-image-preview":"max-image-preview:large","max-video-preview":"max-video-preview:-1"},"canonical":"https:\/\/legsedition.net\/public\/2020\/08\/04\/que-dire-et-ou-le-dire-lettre-ouverte-des-editrices-et-editeurs-independant-e-s-aux-autrices-auteurs-et-intellectuel-le-s-engage-e-s-pour-un-monde-plus-juste-juillet-2020\/","og_locale":"fr_FR","og_type":"article","og_title":"Que dire, et o\u00f9 le dire ? : lettre ouverte des \u00e9ditrices et \u00e9diteurs ind\u00e9pendant.e.s aux autrices, auteurs et intellectuel.le.s engag\u00e9.e.s pour un monde plus juste, juillet 2020 | LEGS &Eacute;DITION","og_description":"\u00ab Alors que nous sommes entr\u00e9s dans le\u00a0XXIe si\u00e8cle, il est difficile de dissocier la fin des moyens : que dire, et o\u00f9 le dire ? Ainsi, nous constatons que beaucoup d\u2019id\u00e9es et d\u2019\u00e9crits cherchant \u00e0 promouvoir le d\u00e9bat, la...","og_url":"https:\/\/legsedition.net\/public\/2020\/08\/04\/que-dire-et-ou-le-dire-lettre-ouverte-des-editrices-et-editeurs-independant-e-s-aux-autrices-auteurs-et-intellectuel-le-s-engage-e-s-pour-un-monde-plus-juste-juillet-2020\/","og_site_name":"LEGS &Eacute;DITION","article_publisher":"https:\/\/web.facebook.com\/LegsEtLitterature\/","article_published_time":"2020-08-04T22:25:51+00:00","article_modified_time":"2020-08-05T15:07:14+00:00","og_image":[{"width":372,"height":313,"url":"https:\/\/legsedition.net\/public\/wp-content\/uploads\/2020\/08\/plume-engagee.png","type":"image\/png"}],"author":"legs_edition","twitter_card":"summary_large_image","twitter_misc":{"\u00c9crit par":"legs_edition","Dur\u00e9e de lecture estim\u00e9e":"1 minute"},"schema":{"@context":"https:\/\/schema.org","@graph":[{"@type":"Article","@id":"https:\/\/legsedition.net\/public\/2020\/08\/04\/que-dire-et-ou-le-dire-lettre-ouverte-des-editrices-et-editeurs-independant-e-s-aux-autrices-auteurs-et-intellectuel-le-s-engage-e-s-pour-un-monde-plus-juste-juillet-2020\/#article","isPartOf":{"@id":"https:\/\/legsedition.net\/public\/2020\/08\/04\/que-dire-et-ou-le-dire-lettre-ouverte-des-editrices-et-editeurs-independant-e-s-aux-autrices-auteurs-et-intellectuel-le-s-engage-e-s-pour-un-monde-plus-juste-juillet-2020\/"},"author":{"name":"legs_edition","@id":"https:\/\/legsedition.net\/public\/#\/schema\/person\/a81dabaa18e65b48c79f8bbffa63ec58"},"headline":"Que dire, et o\u00f9 le dire ? : lettre ouverte des \u00e9ditrices et \u00e9diteurs ind\u00e9pendant.e.s aux autrices, auteurs et intellectuel.le.s engag\u00e9.e.s pour un monde plus juste, juillet 2020","datePublished":"2020-08-04T22:25:51+00:00","dateModified":"2020-08-05T15:07:14+00:00","mainEntityOfPage":{"@id":"https:\/\/legsedition.net\/public\/2020\/08\/04\/que-dire-et-ou-le-dire-lettre-ouverte-des-editrices-et-editeurs-independant-e-s-aux-autrices-auteurs-et-intellectuel-le-s-engage-e-s-pour-un-monde-plus-juste-juillet-2020\/"},"wordCount":137,"commentCount":0,"image":{"@id":"https:\/\/legsedition.net\/public\/2020\/08\/04\/que-dire-et-ou-le-dire-lettre-ouverte-des-editrices-et-editeurs-independant-e-s-aux-autrices-auteurs-et-intellectuel-le-s-engage-e-s-pour-un-monde-plus-juste-juillet-2020\/#primaryimage"},"thumbnailUrl":"https:\/\/legsedition.net\/public\/wp-content\/uploads\/2020\/08\/plume-engagee.png","articleSection":["CHRONIQUES"],"inLanguage":"fr-FR","potentialAction":[{"@type":"CommentAction","name":"Comment","target":["https:\/\/legsedition.net\/public\/2020\/08\/04\/que-dire-et-ou-le-dire-lettre-ouverte-des-editrices-et-editeurs-independant-e-s-aux-autrices-auteurs-et-intellectuel-le-s-engage-e-s-pour-un-monde-plus-juste-juillet-2020\/#respond"]}]},{"@type":"WebPage","@id":"https:\/\/legsedition.net\/public\/2020\/08\/04\/que-dire-et-ou-le-dire-lettre-ouverte-des-editrices-et-editeurs-independant-e-s-aux-autrices-auteurs-et-intellectuel-le-s-engage-e-s-pour-un-monde-plus-juste-juillet-2020\/","url":"https:\/\/legsedition.net\/public\/2020\/08\/04\/que-dire-et-ou-le-dire-lettre-ouverte-des-editrices-et-editeurs-independant-e-s-aux-autrices-auteurs-et-intellectuel-le-s-engage-e-s-pour-un-monde-plus-juste-juillet-2020\/","name":"Que dire, et o\u00f9 le dire ? : lettre ouverte des \u00e9ditrices et \u00e9diteurs ind\u00e9pendant.e.s aux autrices, auteurs et intellectuel.le.s engag\u00e9.e.s pour un monde plus juste, juillet 2020 | LEGS &Eacute;DITION","isPartOf":{"@id":"https:\/\/legsedition.net\/public\/#website"},"primaryImageOfPage":{"@id":"https:\/\/legsedition.net\/public\/2020\/08\/04\/que-dire-et-ou-le-dire-lettre-ouverte-des-editrices-et-editeurs-independant-e-s-aux-autrices-auteurs-et-intellectuel-le-s-engage-e-s-pour-un-monde-plus-juste-juillet-2020\/#primaryimage"},"image":{"@id":"https:\/\/legsedition.net\/public\/2020\/08\/04\/que-dire-et-ou-le-dire-lettre-ouverte-des-editrices-et-editeurs-independant-e-s-aux-autrices-auteurs-et-intellectuel-le-s-engage-e-s-pour-un-monde-plus-juste-juillet-2020\/#primaryimage"},"thumbnailUrl":"https:\/\/legsedition.net\/public\/wp-content\/uploads\/2020\/08\/plume-engagee.png","datePublished":"2020-08-04T22:25:51+00:00","dateModified":"2020-08-05T15:07:14+00:00","author":{"@id":"https:\/\/legsedition.net\/public\/#\/schema\/person\/a81dabaa18e65b48c79f8bbffa63ec58"},"breadcrumb":{"@id":"https:\/\/legsedition.net\/public\/2020\/08\/04\/que-dire-et-ou-le-dire-lettre-ouverte-des-editrices-et-editeurs-independant-e-s-aux-autrices-auteurs-et-intellectuel-le-s-engage-e-s-pour-un-monde-plus-juste-juillet-2020\/#breadcrumb"},"inLanguage":"fr-FR","potentialAction":[{"@type":"ReadAction","target":["https:\/\/legsedition.net\/public\/2020\/08\/04\/que-dire-et-ou-le-dire-lettre-ouverte-des-editrices-et-editeurs-independant-e-s-aux-autrices-auteurs-et-intellectuel-le-s-engage-e-s-pour-un-monde-plus-juste-juillet-2020\/"]}]},{"@type":"ImageObject","inLanguage":"fr-FR","@id":"https:\/\/legsedition.net\/public\/2020\/08\/04\/que-dire-et-ou-le-dire-lettre-ouverte-des-editrices-et-editeurs-independant-e-s-aux-autrices-auteurs-et-intellectuel-le-s-engage-e-s-pour-un-monde-plus-juste-juillet-2020\/#primaryimage","url":"https:\/\/legsedition.net\/public\/wp-content\/uploads\/2020\/08\/plume-engagee.png","contentUrl":"https:\/\/legsedition.net\/public\/wp-content\/uploads\/2020\/08\/plume-engagee.png","width":372,"height":313},{"@type":"BreadcrumbList","@id":"https:\/\/legsedition.net\/public\/2020\/08\/04\/que-dire-et-ou-le-dire-lettre-ouverte-des-editrices-et-editeurs-independant-e-s-aux-autrices-auteurs-et-intellectuel-le-s-engage-e-s-pour-un-monde-plus-juste-juillet-2020\/#breadcrumb","itemListElement":[{"@type":"ListItem","position":1,"name":"Home","item":"https:\/\/legsedition.net\/public\/"},{"@type":"ListItem","position":2,"name":"Que dire, et o\u00f9 le dire ? : lettre ouverte des \u00e9ditrices et \u00e9diteurs ind\u00e9pendant.e.s aux autrices, auteurs et intellectuel.le.s engag\u00e9.e.s pour un monde plus juste, juillet 2020"}]},{"@type":"WebSite","@id":"https:\/\/legsedition.net\/public\/#website","url":"https:\/\/legsedition.net\/public\/","name":"LEGS &Eacute;DITION","description":"","potentialAction":[{"@type":"SearchAction","target":{"@type":"EntryPoint","urlTemplate":"https:\/\/legsedition.net\/public\/?s={search_term_string}"},"query-input":{"@type":"PropertyValueSpecification","valueRequired":true,"valueName":"search_term_string"}}],"inLanguage":"fr-FR"},{"@type":"Person","@id":"https:\/\/legsedition.net\/public\/#\/schema\/person\/a81dabaa18e65b48c79f8bbffa63ec58","name":"legs_edition","image":{"@type":"ImageObject","inLanguage":"fr-FR","@id":"https:\/\/secure.gravatar.com\/avatar\/fa0fff0d692be3e90f567b7de089c52e1b33cd043cc784ccc7b3be10223ea819?s=96&d=mm&r=g","url":"https:\/\/secure.gravatar.com\/avatar\/fa0fff0d692be3e90f567b7de089c52e1b33cd043cc784ccc7b3be10223ea819?s=96&d=mm&r=g","contentUrl":"https:\/\/secure.gravatar.com\/avatar\/fa0fff0d692be3e90f567b7de089c52e1b33cd043cc784ccc7b3be10223ea819?s=96&d=mm&r=g","caption":"legs_edition"}}]}},"_links":{"self":[{"href":"https:\/\/legsedition.net\/public\/wp-json\/wp\/v2\/posts\/3600","targetHints":{"allow":["GET"]}}],"collection":[{"href":"https:\/\/legsedition.net\/public\/wp-json\/wp\/v2\/posts"}],"about":[{"href":"https:\/\/legsedition.net\/public\/wp-json\/wp\/v2\/types\/post"}],"author":[{"embeddable":true,"href":"https:\/\/legsedition.net\/public\/wp-json\/wp\/v2\/users\/2"}],"replies":[{"embeddable":true,"href":"https:\/\/legsedition.net\/public\/wp-json\/wp\/v2\/comments?post=3600"}],"version-history":[{"count":1,"href":"https:\/\/legsedition.net\/public\/wp-json\/wp\/v2\/posts\/3600\/revisions"}],"predecessor-version":[{"id":3603,"href":"https:\/\/legsedition.net\/public\/wp-json\/wp\/v2\/posts\/3600\/revisions\/3603"}],"wp:featuredmedia":[{"embeddable":true,"href":"https:\/\/legsedition.net\/public\/wp-json\/wp\/v2\/media\/3601"}],"wp:attachment":[{"href":"https:\/\/legsedition.net\/public\/wp-json\/wp\/v2\/media?parent=3600"}],"wp:term":[{"taxonomy":"category","embeddable":true,"href":"https:\/\/legsedition.net\/public\/wp-json\/wp\/v2\/categories?post=3600"},{"taxonomy":"post_tag","embeddable":true,"href":"https:\/\/legsedition.net\/public\/wp-json\/wp\/v2\/tags?post=3600"}],"curies":[{"name":"wp","href":"https:\/\/api.w.org\/{rel}","templated":true}]}}