{"id":4678,"date":"2022-07-26T17:35:13","date_gmt":"2022-07-26T17:35:13","guid":{"rendered":"https:\/\/legsedition.net\/public\/?p=4678"},"modified":"2022-11-15T09:45:56","modified_gmt":"2022-11-15T09:45:56","slug":"legs-edition-celebre-ses-10-ans","status":"publish","type":"post","link":"https:\/\/legsedition.net\/public\/2022\/07\/26\/legs-edition-celebre-ses-10-ans\/","title":{"rendered":"Legs Edition c\u00e9l\u00e8bre ses 10 ans"},"content":{"rendered":"<p><a href=\"https:\/\/legsedition.net\/public\/wp-content\/uploads\/2021\/12\/dpf_photo.jpg\"><img decoding=\"async\" class=\"size-thumbnail wp-image-4227 alignleft\" src=\"https:\/\/legsedition.net\/public\/wp-content\/uploads\/2021\/12\/dpf_photo-150x150.jpg\" alt=\"\" width=\"150\" height=\"150\" srcset=\"https:\/\/legsedition.net\/public\/wp-content\/uploads\/2021\/12\/dpf_photo-150x150.jpg 150w, https:\/\/legsedition.net\/public\/wp-content\/uploads\/2021\/12\/dpf_photo-300x300.jpg 300w, https:\/\/legsedition.net\/public\/wp-content\/uploads\/2021\/12\/dpf_photo-100x100.jpg 100w\" sizes=\"(max-width: 150px) 100vw, 150px\" \/><\/a>Dieulermesson Petit Fr\u00e8re dans un entretien accord\u00e9 au journal <em>Le National<\/em> a retrac\u00e9 les temps forts de Legs \u00c9dition, une maison d\u2019\u00e9dition ind\u00e9pendante qu\u2019il a cr\u00e9\u00e9e en collaboration avec Mirline Pierre et W\u00e9bert Charles. Avec son catalogue comprenant la r\u00e9\u00e9dition des \u0153uvres classiques de la litt\u00e9rature ha\u00eftienne, litt\u00e9rature jeunesse et revue litt\u00e9raire sp\u00e9cialis\u00e9e, Legs \u00c9dition au cours de sa premi\u00e8re d\u00e9cennie devient une entreprise culturelle innovante. \u00c0 l\u2019occasion de ce dixi\u00e8me anniversaire, l\u2019\u00e9diteur Dieulermesson Petit Fr\u00e8re a retrac\u00e9 dans cette entrevue l\u2019histoire de cette entreprise qui a jou\u00e9 et joue toujours un r\u00f4le important pour la diffusion de la litt\u00e9rature et de la culture en Ha\u00efti&#8230;[<a href=\"https:\/\/www.lenational.org\/post_article.php?cul=519\" target=\"_blank\" rel=\"noopener\">Lire la suite<\/a>]<\/p>\n<p>Schultz Laurent Junior,\u00a0<em>Le National,\u00a0<\/em>26 juillet 2022<\/p>\n<hr \/>\n<p>Pour lire l&rsquo;entrevue au format PDF, <a href=\"https:\/\/legsedition.net\/public\/wp-content\/uploads\/2022\/07\/Entrevue_le_national_legs-10-ans.pdf\" target=\"_blank\" rel=\"noopener\">CLIQUER\u00a0ICI<\/a><\/p>\n","protected":false},"excerpt":{"rendered":"<p>Dieulermesson Petit Fr\u00e8re dans un entretien accord\u00e9 au journal Le National a retrac\u00e9 les temps forts de Legs \u00c9dition, une maison d\u2019\u00e9dition ind\u00e9pendante qu\u2019il a cr\u00e9\u00e9e en collaboration avec Mirline Pierre et W\u00e9bert Charles. Avec son catalogue comprenant la r\u00e9\u00e9dition&#8230;<\/p>\n","protected":false},"author":2,"featured_media":4227,"comment_status":"open","ping_status":"open","sticky":false,"template":"","format":"standard","meta":{"footnotes":""},"categories":[5,6,54],"tags":[],"class_list":["post-4678","post","type-post","status-publish","format-standard","has-post-thumbnail","hentry","category-actualites","category-chroniques","category-revuesdepresse"],"yoast_head":"<!-- This site is optimized with the Yoast SEO plugin v27.4 - https:\/\/yoast.com\/product\/yoast-seo-wordpress\/ -->\n<title>Legs Edition c\u00e9l\u00e8bre ses 10 ans | LEGS &Eacute;DITION<\/title>\n<meta name=\"robots\" content=\"index, follow, max-snippet:-1, max-image-preview:large, max-video-preview:-1\" \/>\n<link rel=\"canonical\" href=\"https:\/\/legsedition.net\/public\/2022\/07\/26\/legs-edition-celebre-ses-10-ans\/\" \/>\n<meta property=\"og:locale\" content=\"fr_FR\" \/>\n<meta property=\"og:type\" content=\"article\" \/>\n<meta property=\"og:title\" content=\"Legs Edition c\u00e9l\u00e8bre ses 10 ans | LEGS &Eacute;DITION\" \/>\n<meta property=\"og:description\" content=\"Dieulermesson Petit Fr\u00e8re dans un entretien accord\u00e9 au journal Le National a retrac\u00e9 les temps forts de Legs \u00c9dition, une maison d\u2019\u00e9dition ind\u00e9pendante qu\u2019il a cr\u00e9\u00e9e en collaboration avec Mirline Pierre et W\u00e9bert Charles. Avec son catalogue comprenant la r\u00e9\u00e9dition...\" \/>\n<meta property=\"og:url\" content=\"https:\/\/legsedition.net\/public\/2022\/07\/26\/legs-edition-celebre-ses-10-ans\/\" \/>\n<meta property=\"og:site_name\" content=\"LEGS &Eacute;DITION\" \/>\n<meta property=\"article:publisher\" content=\"https:\/\/web.facebook.com\/LegsEtLitterature\/\" \/>\n<meta property=\"article:published_time\" content=\"2022-07-26T17:35:13+00:00\" \/>\n<meta property=\"article:modified_time\" content=\"2022-11-15T09:45:56+00:00\" \/>\n<meta property=\"og:image\" content=\"https:\/\/legsedition.net\/public\/wp-content\/uploads\/2021\/12\/dpf_photo.jpg\" \/>\n\t<meta property=\"og:image:width\" content=\"1024\" \/>\n\t<meta property=\"og:image:height\" content=\"683\" \/>\n\t<meta property=\"og:image:type\" content=\"image\/jpeg\" \/>\n<meta name=\"author\" content=\"legs_edition\" \/>\n<meta name=\"twitter:card\" content=\"summary_large_image\" \/>\n<meta name=\"twitter:label1\" content=\"\u00c9crit par\" \/>\n\t<meta name=\"twitter:data1\" content=\"legs_edition\" \/>\n\t<meta name=\"twitter:label2\" content=\"Dur\u00e9e de lecture estim\u00e9e\" \/>\n\t<meta name=\"twitter:data2\" content=\"1 minute\" \/>\n<script type=\"application\/ld+json\" class=\"yoast-schema-graph\">{\"@context\":\"https:\\\/\\\/schema.org\",\"@graph\":[{\"@type\":\"Article\",\"@id\":\"https:\\\/\\\/legsedition.net\\\/public\\\/2022\\\/07\\\/26\\\/legs-edition-celebre-ses-10-ans\\\/#article\",\"isPartOf\":{\"@id\":\"https:\\\/\\\/legsedition.net\\\/public\\\/2022\\\/07\\\/26\\\/legs-edition-celebre-ses-10-ans\\\/\"},\"author\":{\"name\":\"legs_edition\",\"@id\":\"https:\\\/\\\/legsedition.net\\\/public\\\/#\\\/schema\\\/person\\\/a81dabaa18e65b48c79f8bbffa63ec58\"},\"headline\":\"Legs Edition c\u00e9l\u00e8bre ses 10 ans\",\"datePublished\":\"2022-07-26T17:35:13+00:00\",\"dateModified\":\"2022-11-15T09:45:56+00:00\",\"mainEntityOfPage\":{\"@id\":\"https:\\\/\\\/legsedition.net\\\/public\\\/2022\\\/07\\\/26\\\/legs-edition-celebre-ses-10-ans\\\/\"},\"wordCount\":153,\"commentCount\":0,\"image\":{\"@id\":\"https:\\\/\\\/legsedition.net\\\/public\\\/2022\\\/07\\\/26\\\/legs-edition-celebre-ses-10-ans\\\/#primaryimage\"},\"thumbnailUrl\":\"https:\\\/\\\/legsedition.net\\\/public\\\/wp-content\\\/uploads\\\/2021\\\/12\\\/dpf_photo.jpg\",\"articleSection\":[\"Actualites\",\"CHRONIQUES\",\"Revues de presse\"],\"inLanguage\":\"fr-FR\",\"potentialAction\":[{\"@type\":\"CommentAction\",\"name\":\"Comment\",\"target\":[\"https:\\\/\\\/legsedition.net\\\/public\\\/2022\\\/07\\\/26\\\/legs-edition-celebre-ses-10-ans\\\/#respond\"]}]},{\"@type\":\"WebPage\",\"@id\":\"https:\\\/\\\/legsedition.net\\\/public\\\/2022\\\/07\\\/26\\\/legs-edition-celebre-ses-10-ans\\\/\",\"url\":\"https:\\\/\\\/legsedition.net\\\/public\\\/2022\\\/07\\\/26\\\/legs-edition-celebre-ses-10-ans\\\/\",\"name\":\"Legs Edition c\u00e9l\u00e8bre ses 10 ans | LEGS &Eacute;DITION\",\"isPartOf\":{\"@id\":\"https:\\\/\\\/legsedition.net\\\/public\\\/#website\"},\"primaryImageOfPage\":{\"@id\":\"https:\\\/\\\/legsedition.net\\\/public\\\/2022\\\/07\\\/26\\\/legs-edition-celebre-ses-10-ans\\\/#primaryimage\"},\"image\":{\"@id\":\"https:\\\/\\\/legsedition.net\\\/public\\\/2022\\\/07\\\/26\\\/legs-edition-celebre-ses-10-ans\\\/#primaryimage\"},\"thumbnailUrl\":\"https:\\\/\\\/legsedition.net\\\/public\\\/wp-content\\\/uploads\\\/2021\\\/12\\\/dpf_photo.jpg\",\"datePublished\":\"2022-07-26T17:35:13+00:00\",\"dateModified\":\"2022-11-15T09:45:56+00:00\",\"author\":{\"@id\":\"https:\\\/\\\/legsedition.net\\\/public\\\/#\\\/schema\\\/person\\\/a81dabaa18e65b48c79f8bbffa63ec58\"},\"breadcrumb\":{\"@id\":\"https:\\\/\\\/legsedition.net\\\/public\\\/2022\\\/07\\\/26\\\/legs-edition-celebre-ses-10-ans\\\/#breadcrumb\"},\"inLanguage\":\"fr-FR\",\"potentialAction\":[{\"@type\":\"ReadAction\",\"target\":[\"https:\\\/\\\/legsedition.net\\\/public\\\/2022\\\/07\\\/26\\\/legs-edition-celebre-ses-10-ans\\\/\"]}]},{\"@type\":\"ImageObject\",\"inLanguage\":\"fr-FR\",\"@id\":\"https:\\\/\\\/legsedition.net\\\/public\\\/2022\\\/07\\\/26\\\/legs-edition-celebre-ses-10-ans\\\/#primaryimage\",\"url\":\"https:\\\/\\\/legsedition.net\\\/public\\\/wp-content\\\/uploads\\\/2021\\\/12\\\/dpf_photo.jpg\",\"contentUrl\":\"https:\\\/\\\/legsedition.net\\\/public\\\/wp-content\\\/uploads\\\/2021\\\/12\\\/dpf_photo.jpg\",\"width\":1024,\"height\":683},{\"@type\":\"BreadcrumbList\",\"@id\":\"https:\\\/\\\/legsedition.net\\\/public\\\/2022\\\/07\\\/26\\\/legs-edition-celebre-ses-10-ans\\\/#breadcrumb\",\"itemListElement\":[{\"@type\":\"ListItem\",\"position\":1,\"name\":\"Home\",\"item\":\"https:\\\/\\\/legsedition.net\\\/public\\\/\"},{\"@type\":\"ListItem\",\"position\":2,\"name\":\"Legs Edition c\u00e9l\u00e8bre ses 10 ans\"}]},{\"@type\":\"WebSite\",\"@id\":\"https:\\\/\\\/legsedition.net\\\/public\\\/#website\",\"url\":\"https:\\\/\\\/legsedition.net\\\/public\\\/\",\"name\":\"LEGS &Eacute;DITION\",\"description\":\"\",\"potentialAction\":[{\"@type\":\"SearchAction\",\"target\":{\"@type\":\"EntryPoint\",\"urlTemplate\":\"https:\\\/\\\/legsedition.net\\\/public\\\/?s={search_term_string}\"},\"query-input\":{\"@type\":\"PropertyValueSpecification\",\"valueRequired\":true,\"valueName\":\"search_term_string\"}}],\"inLanguage\":\"fr-FR\"},{\"@type\":\"Person\",\"@id\":\"https:\\\/\\\/legsedition.net\\\/public\\\/#\\\/schema\\\/person\\\/a81dabaa18e65b48c79f8bbffa63ec58\",\"name\":\"legs_edition\",\"image\":{\"@type\":\"ImageObject\",\"inLanguage\":\"fr-FR\",\"@id\":\"https:\\\/\\\/secure.gravatar.com\\\/avatar\\\/fa0fff0d692be3e90f567b7de089c52e1b33cd043cc784ccc7b3be10223ea819?s=96&d=mm&r=g\",\"url\":\"https:\\\/\\\/secure.gravatar.com\\\/avatar\\\/fa0fff0d692be3e90f567b7de089c52e1b33cd043cc784ccc7b3be10223ea819?s=96&d=mm&r=g\",\"contentUrl\":\"https:\\\/\\\/secure.gravatar.com\\\/avatar\\\/fa0fff0d692be3e90f567b7de089c52e1b33cd043cc784ccc7b3be10223ea819?s=96&d=mm&r=g\",\"caption\":\"legs_edition\"}}]}<\/script>\n<!-- \/ Yoast SEO plugin. -->","yoast_head_json":{"title":"Legs Edition c\u00e9l\u00e8bre ses 10 ans | LEGS &Eacute;DITION","robots":{"index":"index","follow":"follow","max-snippet":"max-snippet:-1","max-image-preview":"max-image-preview:large","max-video-preview":"max-video-preview:-1"},"canonical":"https:\/\/legsedition.net\/public\/2022\/07\/26\/legs-edition-celebre-ses-10-ans\/","og_locale":"fr_FR","og_type":"article","og_title":"Legs Edition c\u00e9l\u00e8bre ses 10 ans | LEGS &Eacute;DITION","og_description":"Dieulermesson Petit Fr\u00e8re dans un entretien accord\u00e9 au journal Le National a retrac\u00e9 les temps forts de Legs \u00c9dition, une maison d\u2019\u00e9dition ind\u00e9pendante qu\u2019il a cr\u00e9\u00e9e en collaboration avec Mirline Pierre et W\u00e9bert Charles. Avec son catalogue comprenant la r\u00e9\u00e9dition...","og_url":"https:\/\/legsedition.net\/public\/2022\/07\/26\/legs-edition-celebre-ses-10-ans\/","og_site_name":"LEGS &Eacute;DITION","article_publisher":"https:\/\/web.facebook.com\/LegsEtLitterature\/","article_published_time":"2022-07-26T17:35:13+00:00","article_modified_time":"2022-11-15T09:45:56+00:00","og_image":[{"width":1024,"height":683,"url":"https:\/\/legsedition.net\/public\/wp-content\/uploads\/2021\/12\/dpf_photo.jpg","type":"image\/jpeg"}],"author":"legs_edition","twitter_card":"summary_large_image","twitter_misc":{"\u00c9crit par":"legs_edition","Dur\u00e9e de lecture estim\u00e9e":"1 minute"},"schema":{"@context":"https:\/\/schema.org","@graph":[{"@type":"Article","@id":"https:\/\/legsedition.net\/public\/2022\/07\/26\/legs-edition-celebre-ses-10-ans\/#article","isPartOf":{"@id":"https:\/\/legsedition.net\/public\/2022\/07\/26\/legs-edition-celebre-ses-10-ans\/"},"author":{"name":"legs_edition","@id":"https:\/\/legsedition.net\/public\/#\/schema\/person\/a81dabaa18e65b48c79f8bbffa63ec58"},"headline":"Legs Edition c\u00e9l\u00e8bre ses 10 ans","datePublished":"2022-07-26T17:35:13+00:00","dateModified":"2022-11-15T09:45:56+00:00","mainEntityOfPage":{"@id":"https:\/\/legsedition.net\/public\/2022\/07\/26\/legs-edition-celebre-ses-10-ans\/"},"wordCount":153,"commentCount":0,"image":{"@id":"https:\/\/legsedition.net\/public\/2022\/07\/26\/legs-edition-celebre-ses-10-ans\/#primaryimage"},"thumbnailUrl":"https:\/\/legsedition.net\/public\/wp-content\/uploads\/2021\/12\/dpf_photo.jpg","articleSection":["Actualites","CHRONIQUES","Revues de presse"],"inLanguage":"fr-FR","potentialAction":[{"@type":"CommentAction","name":"Comment","target":["https:\/\/legsedition.net\/public\/2022\/07\/26\/legs-edition-celebre-ses-10-ans\/#respond"]}]},{"@type":"WebPage","@id":"https:\/\/legsedition.net\/public\/2022\/07\/26\/legs-edition-celebre-ses-10-ans\/","url":"https:\/\/legsedition.net\/public\/2022\/07\/26\/legs-edition-celebre-ses-10-ans\/","name":"Legs Edition c\u00e9l\u00e8bre ses 10 ans | LEGS &Eacute;DITION","isPartOf":{"@id":"https:\/\/legsedition.net\/public\/#website"},"primaryImageOfPage":{"@id":"https:\/\/legsedition.net\/public\/2022\/07\/26\/legs-edition-celebre-ses-10-ans\/#primaryimage"},"image":{"@id":"https:\/\/legsedition.net\/public\/2022\/07\/26\/legs-edition-celebre-ses-10-ans\/#primaryimage"},"thumbnailUrl":"https:\/\/legsedition.net\/public\/wp-content\/uploads\/2021\/12\/dpf_photo.jpg","datePublished":"2022-07-26T17:35:13+00:00","dateModified":"2022-11-15T09:45:56+00:00","author":{"@id":"https:\/\/legsedition.net\/public\/#\/schema\/person\/a81dabaa18e65b48c79f8bbffa63ec58"},"breadcrumb":{"@id":"https:\/\/legsedition.net\/public\/2022\/07\/26\/legs-edition-celebre-ses-10-ans\/#breadcrumb"},"inLanguage":"fr-FR","potentialAction":[{"@type":"ReadAction","target":["https:\/\/legsedition.net\/public\/2022\/07\/26\/legs-edition-celebre-ses-10-ans\/"]}]},{"@type":"ImageObject","inLanguage":"fr-FR","@id":"https:\/\/legsedition.net\/public\/2022\/07\/26\/legs-edition-celebre-ses-10-ans\/#primaryimage","url":"https:\/\/legsedition.net\/public\/wp-content\/uploads\/2021\/12\/dpf_photo.jpg","contentUrl":"https:\/\/legsedition.net\/public\/wp-content\/uploads\/2021\/12\/dpf_photo.jpg","width":1024,"height":683},{"@type":"BreadcrumbList","@id":"https:\/\/legsedition.net\/public\/2022\/07\/26\/legs-edition-celebre-ses-10-ans\/#breadcrumb","itemListElement":[{"@type":"ListItem","position":1,"name":"Home","item":"https:\/\/legsedition.net\/public\/"},{"@type":"ListItem","position":2,"name":"Legs Edition c\u00e9l\u00e8bre ses 10 ans"}]},{"@type":"WebSite","@id":"https:\/\/legsedition.net\/public\/#website","url":"https:\/\/legsedition.net\/public\/","name":"LEGS &Eacute;DITION","description":"","potentialAction":[{"@type":"SearchAction","target":{"@type":"EntryPoint","urlTemplate":"https:\/\/legsedition.net\/public\/?s={search_term_string}"},"query-input":{"@type":"PropertyValueSpecification","valueRequired":true,"valueName":"search_term_string"}}],"inLanguage":"fr-FR"},{"@type":"Person","@id":"https:\/\/legsedition.net\/public\/#\/schema\/person\/a81dabaa18e65b48c79f8bbffa63ec58","name":"legs_edition","image":{"@type":"ImageObject","inLanguage":"fr-FR","@id":"https:\/\/secure.gravatar.com\/avatar\/fa0fff0d692be3e90f567b7de089c52e1b33cd043cc784ccc7b3be10223ea819?s=96&d=mm&r=g","url":"https:\/\/secure.gravatar.com\/avatar\/fa0fff0d692be3e90f567b7de089c52e1b33cd043cc784ccc7b3be10223ea819?s=96&d=mm&r=g","contentUrl":"https:\/\/secure.gravatar.com\/avatar\/fa0fff0d692be3e90f567b7de089c52e1b33cd043cc784ccc7b3be10223ea819?s=96&d=mm&r=g","caption":"legs_edition"}}]}},"_links":{"self":[{"href":"https:\/\/legsedition.net\/public\/wp-json\/wp\/v2\/posts\/4678","targetHints":{"allow":["GET"]}}],"collection":[{"href":"https:\/\/legsedition.net\/public\/wp-json\/wp\/v2\/posts"}],"about":[{"href":"https:\/\/legsedition.net\/public\/wp-json\/wp\/v2\/types\/post"}],"author":[{"embeddable":true,"href":"https:\/\/legsedition.net\/public\/wp-json\/wp\/v2\/users\/2"}],"replies":[{"embeddable":true,"href":"https:\/\/legsedition.net\/public\/wp-json\/wp\/v2\/comments?post=4678"}],"version-history":[{"count":3,"href":"https:\/\/legsedition.net\/public\/wp-json\/wp\/v2\/posts\/4678\/revisions"}],"predecessor-version":[{"id":4684,"href":"https:\/\/legsedition.net\/public\/wp-json\/wp\/v2\/posts\/4678\/revisions\/4684"}],"wp:featuredmedia":[{"embeddable":true,"href":"https:\/\/legsedition.net\/public\/wp-json\/wp\/v2\/media\/4227"}],"wp:attachment":[{"href":"https:\/\/legsedition.net\/public\/wp-json\/wp\/v2\/media?parent=4678"}],"wp:term":[{"taxonomy":"category","embeddable":true,"href":"https:\/\/legsedition.net\/public\/wp-json\/wp\/v2\/categories?post=4678"},{"taxonomy":"post_tag","embeddable":true,"href":"https:\/\/legsedition.net\/public\/wp-json\/wp\/v2\/tags?post=4678"}],"curies":[{"name":"wp","href":"https:\/\/api.w.org\/{rel}","templated":true}]}}