{"id":4839,"date":"2022-08-13T12:25:35","date_gmt":"2022-08-13T12:25:35","guid":{"rendered":"https:\/\/legsedition.net\/public\/?p=4839"},"modified":"2022-09-06T11:20:23","modified_gmt":"2022-09-06T11:20:23","slug":"le-salon-babelica-approche","status":"publish","type":"post","link":"https:\/\/legsedition.net\/public\/2022\/08\/13\/le-salon-babelica-approche\/","title":{"rendered":"Le Salon Babelica approche&#8230;"},"content":{"rendered":"<p style=\"text-align: left;\"><a href=\"https:\/\/legsedition.net\/public\/wp-content\/uploads\/2022\/08\/babelica.jpg\"><img decoding=\"async\" class=\"alignleft wp-image-4840 size-full\" src=\"https:\/\/legsedition.net\/public\/wp-content\/uploads\/2022\/08\/babelica.jpg\" alt=\"\" width=\"295\" height=\"89\" srcset=\"https:\/\/legsedition.net\/public\/wp-content\/uploads\/2022\/08\/babelica.jpg 295w, https:\/\/legsedition.net\/public\/wp-content\/uploads\/2022\/08\/babelica-280x84.jpg 280w\" sizes=\"(max-width: 295px) 100vw, 295px\" \/><\/a>La premi\u00e8re\u00a0\u00e9dition du Salon du livre Babelica est dans nos murs. En effet, du 20 au 22 septembre 2022, se tient en ligne, dans le cadre de la journ\u00e9e internationale de la bibliodiversit\u00e9, ce salon qui annonce d\u00e9j\u00e0\u00a0les couleurs. Au programme : tables-rondes, expositions, d\u00e9bats et pr\u00e9sentation de catalogues de maisons ind\u00e9pendantes.<\/p>\n<p>\u00c0 noter qu&rsquo;une table-ronde sera organis\u00e9e le 21 septembre autour du Guide des bonnes pratiques\u00a0de l\u2019\u00e9dition ind\u00e9pendante. Le Guide est un document issu des r\u00e9flexions et discussions des membres de l\u2019Alliance lors des derni\u00e8res\u00a0<a href=\"https:\/\/www.alliance-editeurs.org\/declaration-de-pampelune-irunea,1802\">Assises internationales de l\u2019\u00e9dition ind\u00e9pendante \u00e0 Pampelune-Iru\u00f1ea<\/a>\u00a0en novembre 2021.<\/p>\n<p>\u00c0 venir&#8230;<\/p>\n<p>En attendant, <a href=\"https:\/\/www.alliance-editeurs.org\/premiere-edition-de-babelica-du-20,1837?lang=fr\" target=\"_blank\" rel=\"noopener\">lire plus d&rsquo;infos, ICI<\/a><\/p>\n","protected":false},"excerpt":{"rendered":"<p>La premi\u00e8re\u00a0\u00e9dition du Salon du livre Babelica est dans nos murs. En effet, du 20 au 22 septembre 2022, se tient en ligne, dans le cadre de la journ\u00e9e internationale de la bibliodiversit\u00e9, ce salon qui annonce d\u00e9j\u00e0\u00a0les couleurs. Au&#8230;<\/p>\n","protected":false},"author":2,"featured_media":4841,"comment_status":"open","ping_status":"open","sticky":false,"template":"","format":"standard","meta":{"footnotes":""},"categories":[3],"tags":[],"class_list":["post-4839","post","type-post","status-publish","format-standard","has-post-thumbnail","hentry","category-evenements"],"yoast_head":"<!-- This site is optimized with the Yoast SEO plugin v27.4 - https:\/\/yoast.com\/product\/yoast-seo-wordpress\/ -->\n<title>Le Salon Babelica approche... | LEGS &Eacute;DITION<\/title>\n<meta name=\"robots\" content=\"index, follow, max-snippet:-1, max-image-preview:large, max-video-preview:-1\" \/>\n<link rel=\"canonical\" href=\"https:\/\/legsedition.net\/public\/2022\/08\/13\/le-salon-babelica-approche\/\" \/>\n<meta property=\"og:locale\" content=\"fr_FR\" \/>\n<meta property=\"og:type\" content=\"article\" \/>\n<meta property=\"og:title\" content=\"Le Salon Babelica approche... | LEGS &Eacute;DITION\" \/>\n<meta property=\"og:description\" content=\"La premi\u00e8re\u00a0\u00e9dition du Salon du livre Babelica est dans nos murs. En effet, du 20 au 22 septembre 2022, se tient en ligne, dans le cadre de la journ\u00e9e internationale de la bibliodiversit\u00e9, ce salon qui annonce d\u00e9j\u00e0\u00a0les couleurs. Au...\" \/>\n<meta property=\"og:url\" content=\"https:\/\/legsedition.net\/public\/2022\/08\/13\/le-salon-babelica-approche\/\" \/>\n<meta property=\"og:site_name\" content=\"LEGS &Eacute;DITION\" \/>\n<meta property=\"article:publisher\" content=\"https:\/\/web.facebook.com\/LegsEtLitterature\/\" \/>\n<meta property=\"article:published_time\" content=\"2022-08-13T12:25:35+00:00\" \/>\n<meta property=\"article:modified_time\" content=\"2022-09-06T11:20:23+00:00\" \/>\n<meta property=\"og:image\" content=\"https:\/\/legsedition.net\/public\/wp-content\/uploads\/2022\/08\/babelica-2.jpg\" \/>\n\t<meta property=\"og:image:width\" content=\"480\" \/>\n\t<meta property=\"og:image:height\" content=\"270\" \/>\n\t<meta property=\"og:image:type\" content=\"image\/jpeg\" \/>\n<meta name=\"author\" content=\"legs_edition\" \/>\n<meta name=\"twitter:card\" content=\"summary_large_image\" \/>\n<meta name=\"twitter:label1\" content=\"\u00c9crit par\" \/>\n\t<meta name=\"twitter:data1\" content=\"legs_edition\" \/>\n\t<meta name=\"twitter:label2\" content=\"Dur\u00e9e de lecture estim\u00e9e\" \/>\n\t<meta name=\"twitter:data2\" content=\"1 minute\" \/>\n<script type=\"application\/ld+json\" class=\"yoast-schema-graph\">{\"@context\":\"https:\\\/\\\/schema.org\",\"@graph\":[{\"@type\":\"Article\",\"@id\":\"https:\\\/\\\/legsedition.net\\\/public\\\/2022\\\/08\\\/13\\\/le-salon-babelica-approche\\\/#article\",\"isPartOf\":{\"@id\":\"https:\\\/\\\/legsedition.net\\\/public\\\/2022\\\/08\\\/13\\\/le-salon-babelica-approche\\\/\"},\"author\":{\"name\":\"legs_edition\",\"@id\":\"https:\\\/\\\/legsedition.net\\\/public\\\/#\\\/schema\\\/person\\\/a81dabaa18e65b48c79f8bbffa63ec58\"},\"headline\":\"Le Salon Babelica approche&#8230;\",\"datePublished\":\"2022-08-13T12:25:35+00:00\",\"dateModified\":\"2022-09-06T11:20:23+00:00\",\"mainEntityOfPage\":{\"@id\":\"https:\\\/\\\/legsedition.net\\\/public\\\/2022\\\/08\\\/13\\\/le-salon-babelica-approche\\\/\"},\"wordCount\":119,\"commentCount\":0,\"image\":{\"@id\":\"https:\\\/\\\/legsedition.net\\\/public\\\/2022\\\/08\\\/13\\\/le-salon-babelica-approche\\\/#primaryimage\"},\"thumbnailUrl\":\"https:\\\/\\\/legsedition.net\\\/public\\\/wp-content\\\/uploads\\\/2022\\\/08\\\/babelica-2.jpg\",\"articleSection\":[\"\u00c9V\u00c9NEMENTS\"],\"inLanguage\":\"fr-FR\",\"potentialAction\":[{\"@type\":\"CommentAction\",\"name\":\"Comment\",\"target\":[\"https:\\\/\\\/legsedition.net\\\/public\\\/2022\\\/08\\\/13\\\/le-salon-babelica-approche\\\/#respond\"]}]},{\"@type\":\"WebPage\",\"@id\":\"https:\\\/\\\/legsedition.net\\\/public\\\/2022\\\/08\\\/13\\\/le-salon-babelica-approche\\\/\",\"url\":\"https:\\\/\\\/legsedition.net\\\/public\\\/2022\\\/08\\\/13\\\/le-salon-babelica-approche\\\/\",\"name\":\"Le Salon Babelica approche... | LEGS &Eacute;DITION\",\"isPartOf\":{\"@id\":\"https:\\\/\\\/legsedition.net\\\/public\\\/#website\"},\"primaryImageOfPage\":{\"@id\":\"https:\\\/\\\/legsedition.net\\\/public\\\/2022\\\/08\\\/13\\\/le-salon-babelica-approche\\\/#primaryimage\"},\"image\":{\"@id\":\"https:\\\/\\\/legsedition.net\\\/public\\\/2022\\\/08\\\/13\\\/le-salon-babelica-approche\\\/#primaryimage\"},\"thumbnailUrl\":\"https:\\\/\\\/legsedition.net\\\/public\\\/wp-content\\\/uploads\\\/2022\\\/08\\\/babelica-2.jpg\",\"datePublished\":\"2022-08-13T12:25:35+00:00\",\"dateModified\":\"2022-09-06T11:20:23+00:00\",\"author\":{\"@id\":\"https:\\\/\\\/legsedition.net\\\/public\\\/#\\\/schema\\\/person\\\/a81dabaa18e65b48c79f8bbffa63ec58\"},\"breadcrumb\":{\"@id\":\"https:\\\/\\\/legsedition.net\\\/public\\\/2022\\\/08\\\/13\\\/le-salon-babelica-approche\\\/#breadcrumb\"},\"inLanguage\":\"fr-FR\",\"potentialAction\":[{\"@type\":\"ReadAction\",\"target\":[\"https:\\\/\\\/legsedition.net\\\/public\\\/2022\\\/08\\\/13\\\/le-salon-babelica-approche\\\/\"]}]},{\"@type\":\"ImageObject\",\"inLanguage\":\"fr-FR\",\"@id\":\"https:\\\/\\\/legsedition.net\\\/public\\\/2022\\\/08\\\/13\\\/le-salon-babelica-approche\\\/#primaryimage\",\"url\":\"https:\\\/\\\/legsedition.net\\\/public\\\/wp-content\\\/uploads\\\/2022\\\/08\\\/babelica-2.jpg\",\"contentUrl\":\"https:\\\/\\\/legsedition.net\\\/public\\\/wp-content\\\/uploads\\\/2022\\\/08\\\/babelica-2.jpg\",\"width\":480,\"height\":270},{\"@type\":\"BreadcrumbList\",\"@id\":\"https:\\\/\\\/legsedition.net\\\/public\\\/2022\\\/08\\\/13\\\/le-salon-babelica-approche\\\/#breadcrumb\",\"itemListElement\":[{\"@type\":\"ListItem\",\"position\":1,\"name\":\"Home\",\"item\":\"https:\\\/\\\/legsedition.net\\\/public\\\/\"},{\"@type\":\"ListItem\",\"position\":2,\"name\":\"Le Salon Babelica approche&#8230;\"}]},{\"@type\":\"WebSite\",\"@id\":\"https:\\\/\\\/legsedition.net\\\/public\\\/#website\",\"url\":\"https:\\\/\\\/legsedition.net\\\/public\\\/\",\"name\":\"LEGS &Eacute;DITION\",\"description\":\"\",\"potentialAction\":[{\"@type\":\"SearchAction\",\"target\":{\"@type\":\"EntryPoint\",\"urlTemplate\":\"https:\\\/\\\/legsedition.net\\\/public\\\/?s={search_term_string}\"},\"query-input\":{\"@type\":\"PropertyValueSpecification\",\"valueRequired\":true,\"valueName\":\"search_term_string\"}}],\"inLanguage\":\"fr-FR\"},{\"@type\":\"Person\",\"@id\":\"https:\\\/\\\/legsedition.net\\\/public\\\/#\\\/schema\\\/person\\\/a81dabaa18e65b48c79f8bbffa63ec58\",\"name\":\"legs_edition\",\"image\":{\"@type\":\"ImageObject\",\"inLanguage\":\"fr-FR\",\"@id\":\"https:\\\/\\\/secure.gravatar.com\\\/avatar\\\/fa0fff0d692be3e90f567b7de089c52e1b33cd043cc784ccc7b3be10223ea819?s=96&d=mm&r=g\",\"url\":\"https:\\\/\\\/secure.gravatar.com\\\/avatar\\\/fa0fff0d692be3e90f567b7de089c52e1b33cd043cc784ccc7b3be10223ea819?s=96&d=mm&r=g\",\"contentUrl\":\"https:\\\/\\\/secure.gravatar.com\\\/avatar\\\/fa0fff0d692be3e90f567b7de089c52e1b33cd043cc784ccc7b3be10223ea819?s=96&d=mm&r=g\",\"caption\":\"legs_edition\"}}]}<\/script>\n<!-- \/ Yoast SEO plugin. -->","yoast_head_json":{"title":"Le Salon Babelica approche... | LEGS &Eacute;DITION","robots":{"index":"index","follow":"follow","max-snippet":"max-snippet:-1","max-image-preview":"max-image-preview:large","max-video-preview":"max-video-preview:-1"},"canonical":"https:\/\/legsedition.net\/public\/2022\/08\/13\/le-salon-babelica-approche\/","og_locale":"fr_FR","og_type":"article","og_title":"Le Salon Babelica approche... | LEGS &Eacute;DITION","og_description":"La premi\u00e8re\u00a0\u00e9dition du Salon du livre Babelica est dans nos murs. En effet, du 20 au 22 septembre 2022, se tient en ligne, dans le cadre de la journ\u00e9e internationale de la bibliodiversit\u00e9, ce salon qui annonce d\u00e9j\u00e0\u00a0les couleurs. Au...","og_url":"https:\/\/legsedition.net\/public\/2022\/08\/13\/le-salon-babelica-approche\/","og_site_name":"LEGS &Eacute;DITION","article_publisher":"https:\/\/web.facebook.com\/LegsEtLitterature\/","article_published_time":"2022-08-13T12:25:35+00:00","article_modified_time":"2022-09-06T11:20:23+00:00","og_image":[{"width":480,"height":270,"url":"https:\/\/legsedition.net\/public\/wp-content\/uploads\/2022\/08\/babelica-2.jpg","type":"image\/jpeg"}],"author":"legs_edition","twitter_card":"summary_large_image","twitter_misc":{"\u00c9crit par":"legs_edition","Dur\u00e9e de lecture estim\u00e9e":"1 minute"},"schema":{"@context":"https:\/\/schema.org","@graph":[{"@type":"Article","@id":"https:\/\/legsedition.net\/public\/2022\/08\/13\/le-salon-babelica-approche\/#article","isPartOf":{"@id":"https:\/\/legsedition.net\/public\/2022\/08\/13\/le-salon-babelica-approche\/"},"author":{"name":"legs_edition","@id":"https:\/\/legsedition.net\/public\/#\/schema\/person\/a81dabaa18e65b48c79f8bbffa63ec58"},"headline":"Le Salon Babelica approche&#8230;","datePublished":"2022-08-13T12:25:35+00:00","dateModified":"2022-09-06T11:20:23+00:00","mainEntityOfPage":{"@id":"https:\/\/legsedition.net\/public\/2022\/08\/13\/le-salon-babelica-approche\/"},"wordCount":119,"commentCount":0,"image":{"@id":"https:\/\/legsedition.net\/public\/2022\/08\/13\/le-salon-babelica-approche\/#primaryimage"},"thumbnailUrl":"https:\/\/legsedition.net\/public\/wp-content\/uploads\/2022\/08\/babelica-2.jpg","articleSection":["\u00c9V\u00c9NEMENTS"],"inLanguage":"fr-FR","potentialAction":[{"@type":"CommentAction","name":"Comment","target":["https:\/\/legsedition.net\/public\/2022\/08\/13\/le-salon-babelica-approche\/#respond"]}]},{"@type":"WebPage","@id":"https:\/\/legsedition.net\/public\/2022\/08\/13\/le-salon-babelica-approche\/","url":"https:\/\/legsedition.net\/public\/2022\/08\/13\/le-salon-babelica-approche\/","name":"Le Salon Babelica approche... | LEGS &Eacute;DITION","isPartOf":{"@id":"https:\/\/legsedition.net\/public\/#website"},"primaryImageOfPage":{"@id":"https:\/\/legsedition.net\/public\/2022\/08\/13\/le-salon-babelica-approche\/#primaryimage"},"image":{"@id":"https:\/\/legsedition.net\/public\/2022\/08\/13\/le-salon-babelica-approche\/#primaryimage"},"thumbnailUrl":"https:\/\/legsedition.net\/public\/wp-content\/uploads\/2022\/08\/babelica-2.jpg","datePublished":"2022-08-13T12:25:35+00:00","dateModified":"2022-09-06T11:20:23+00:00","author":{"@id":"https:\/\/legsedition.net\/public\/#\/schema\/person\/a81dabaa18e65b48c79f8bbffa63ec58"},"breadcrumb":{"@id":"https:\/\/legsedition.net\/public\/2022\/08\/13\/le-salon-babelica-approche\/#breadcrumb"},"inLanguage":"fr-FR","potentialAction":[{"@type":"ReadAction","target":["https:\/\/legsedition.net\/public\/2022\/08\/13\/le-salon-babelica-approche\/"]}]},{"@type":"ImageObject","inLanguage":"fr-FR","@id":"https:\/\/legsedition.net\/public\/2022\/08\/13\/le-salon-babelica-approche\/#primaryimage","url":"https:\/\/legsedition.net\/public\/wp-content\/uploads\/2022\/08\/babelica-2.jpg","contentUrl":"https:\/\/legsedition.net\/public\/wp-content\/uploads\/2022\/08\/babelica-2.jpg","width":480,"height":270},{"@type":"BreadcrumbList","@id":"https:\/\/legsedition.net\/public\/2022\/08\/13\/le-salon-babelica-approche\/#breadcrumb","itemListElement":[{"@type":"ListItem","position":1,"name":"Home","item":"https:\/\/legsedition.net\/public\/"},{"@type":"ListItem","position":2,"name":"Le Salon Babelica approche&#8230;"}]},{"@type":"WebSite","@id":"https:\/\/legsedition.net\/public\/#website","url":"https:\/\/legsedition.net\/public\/","name":"LEGS &Eacute;DITION","description":"","potentialAction":[{"@type":"SearchAction","target":{"@type":"EntryPoint","urlTemplate":"https:\/\/legsedition.net\/public\/?s={search_term_string}"},"query-input":{"@type":"PropertyValueSpecification","valueRequired":true,"valueName":"search_term_string"}}],"inLanguage":"fr-FR"},{"@type":"Person","@id":"https:\/\/legsedition.net\/public\/#\/schema\/person\/a81dabaa18e65b48c79f8bbffa63ec58","name":"legs_edition","image":{"@type":"ImageObject","inLanguage":"fr-FR","@id":"https:\/\/secure.gravatar.com\/avatar\/fa0fff0d692be3e90f567b7de089c52e1b33cd043cc784ccc7b3be10223ea819?s=96&d=mm&r=g","url":"https:\/\/secure.gravatar.com\/avatar\/fa0fff0d692be3e90f567b7de089c52e1b33cd043cc784ccc7b3be10223ea819?s=96&d=mm&r=g","contentUrl":"https:\/\/secure.gravatar.com\/avatar\/fa0fff0d692be3e90f567b7de089c52e1b33cd043cc784ccc7b3be10223ea819?s=96&d=mm&r=g","caption":"legs_edition"}}]}},"_links":{"self":[{"href":"https:\/\/legsedition.net\/public\/wp-json\/wp\/v2\/posts\/4839","targetHints":{"allow":["GET"]}}],"collection":[{"href":"https:\/\/legsedition.net\/public\/wp-json\/wp\/v2\/posts"}],"about":[{"href":"https:\/\/legsedition.net\/public\/wp-json\/wp\/v2\/types\/post"}],"author":[{"embeddable":true,"href":"https:\/\/legsedition.net\/public\/wp-json\/wp\/v2\/users\/2"}],"replies":[{"embeddable":true,"href":"https:\/\/legsedition.net\/public\/wp-json\/wp\/v2\/comments?post=4839"}],"version-history":[{"count":6,"href":"https:\/\/legsedition.net\/public\/wp-json\/wp\/v2\/posts\/4839\/revisions"}],"predecessor-version":[{"id":4843,"href":"https:\/\/legsedition.net\/public\/wp-json\/wp\/v2\/posts\/4839\/revisions\/4843"}],"wp:featuredmedia":[{"embeddable":true,"href":"https:\/\/legsedition.net\/public\/wp-json\/wp\/v2\/media\/4841"}],"wp:attachment":[{"href":"https:\/\/legsedition.net\/public\/wp-json\/wp\/v2\/media?parent=4839"}],"wp:term":[{"taxonomy":"category","embeddable":true,"href":"https:\/\/legsedition.net\/public\/wp-json\/wp\/v2\/categories?post=4839"},{"taxonomy":"post_tag","embeddable":true,"href":"https:\/\/legsedition.net\/public\/wp-json\/wp\/v2\/tags?post=4839"}],"curies":[{"name":"wp","href":"https:\/\/api.w.org\/{rel}","templated":true}]}}