{"id":5068,"date":"2022-07-10T11:24:34","date_gmt":"2022-07-10T11:24:34","guid":{"rendered":"https:\/\/legsedition.net\/public\/?p=5068"},"modified":"2022-10-27T11:25:16","modified_gmt":"2022-10-27T11:25:16","slug":"pour-rendre-la-culture-accessible-il-faut-investir-dans-lhumain","status":"publish","type":"post","link":"https:\/\/legsedition.net\/public\/2022\/07\/10\/pour-rendre-la-culture-accessible-il-faut-investir-dans-lhumain\/","title":{"rendered":"Pour rendre la culture accessible, il faut \u00ab investir dans l\u2019humain \u00bb"},"content":{"rendered":"<figure id=\"attachment_4227\" aria-describedby=\"caption-attachment-4227\" style=\"width: 300px\" class=\"wp-caption alignleft\"><a href=\"https:\/\/legsedition.net\/public\/wp-content\/uploads\/2021\/12\/dpf_photo.jpg\"><img fetchpriority=\"high\" decoding=\"async\" class=\"wp-image-4227 size-medium\" src=\"https:\/\/legsedition.net\/public\/wp-content\/uploads\/2021\/12\/dpf_photo-300x200.jpg\" alt=\"\" width=\"300\" height=\"200\" srcset=\"https:\/\/legsedition.net\/public\/wp-content\/uploads\/2021\/12\/dpf_photo-300x200.jpg 300w, https:\/\/legsedition.net\/public\/wp-content\/uploads\/2021\/12\/dpf_photo-768x512.jpg 768w, https:\/\/legsedition.net\/public\/wp-content\/uploads\/2021\/12\/dpf_photo.jpg 1024w, https:\/\/legsedition.net\/public\/wp-content\/uploads\/2021\/12\/dpf_photo-600x400.jpg 600w, https:\/\/legsedition.net\/public\/wp-content\/uploads\/2021\/12\/dpf_photo-240x160.jpg 240w, https:\/\/legsedition.net\/public\/wp-content\/uploads\/2021\/12\/dpf_photo-272x182.jpg 272w\" sizes=\"(max-width: 300px) 100vw, 300px\" \/><\/a><figcaption id=\"caption-attachment-4227\" class=\"wp-caption-text\">\u00a9 Jean Claude Naba<\/figcaption><\/figure>\n<p>Dieulermesson Petit-Fr\u00e8re,\u00a0<strong>\u00e9crivain, \u00e9diteur, critique litt\u00e9raire, professeur d\u2019universit\u00e9<\/strong>, continue sa r\u00e9flexion sur l\u2019acc\u00e8s \u00e0 la culture en Ha\u00efti. Dans cette deuxi\u00e8me partie de l\u2019entretien,\u00a0<a href=\"https:\/\/unautreregard.mondoblog.org\/lecrivain-et-critique-litteraire-dieulermesson-petit-frere-questionne-lacces-a-la-culture-en-haiti\/\">(lisez la premi\u00e8re partie ici)<\/a>, il explique ce qui est \u00e0 mettre en place pour toucher les personnes \u00e9loign\u00e9es des pratiques culturelles et apporte quelques pr\u00e9cisions sur l\u2019acc\u00e8s au livre en Ha\u00efti&#8230; [<a href=\"https:\/\/unautreregard.mondoblog.org\/pour-rendre-la-culture-accessible-il-faut-investir-dans-lhumain\/\" target=\"_blank\" rel=\"noopener\">Lire la suite<\/a>]<\/p>\n<p>Soucaneau Gabriel,\u00a0<em>Qu\u00eate\u00a0de libert\u00e9,\u00a0<\/em>6 juillet 2022<\/p>\n","protected":false},"excerpt":{"rendered":"<p>Dieulermesson Petit-Fr\u00e8re,\u00a0\u00e9crivain, \u00e9diteur, critique litt\u00e9raire, professeur d\u2019universit\u00e9, continue sa r\u00e9flexion sur l\u2019acc\u00e8s \u00e0 la culture en Ha\u00efti. Dans cette deuxi\u00e8me partie de l\u2019entretien,\u00a0(lisez la premi\u00e8re partie ici), il explique ce qui est \u00e0 mettre en place pour toucher les personnes&#8230;<\/p>\n","protected":false},"author":2,"featured_media":4227,"comment_status":"open","ping_status":"open","sticky":false,"template":"","format":"standard","meta":{"footnotes":""},"categories":[54],"tags":[],"class_list":["post-5068","post","type-post","status-publish","format-standard","has-post-thumbnail","hentry","category-revuesdepresse"],"yoast_head":"<!-- This site is optimized with the Yoast SEO plugin v27.4 - https:\/\/yoast.com\/product\/yoast-seo-wordpress\/ -->\n<title>Pour rendre la culture accessible, il faut \u00ab investir dans l\u2019humain \u00bb | LEGS &Eacute;DITION<\/title>\n<meta name=\"robots\" content=\"index, follow, max-snippet:-1, max-image-preview:large, max-video-preview:-1\" \/>\n<link rel=\"canonical\" href=\"https:\/\/legsedition.net\/public\/2022\/07\/10\/pour-rendre-la-culture-accessible-il-faut-investir-dans-lhumain\/\" \/>\n<meta property=\"og:locale\" content=\"fr_FR\" \/>\n<meta property=\"og:type\" content=\"article\" \/>\n<meta property=\"og:title\" content=\"Pour rendre la culture accessible, il faut \u00ab investir dans l\u2019humain \u00bb | LEGS &Eacute;DITION\" \/>\n<meta property=\"og:description\" content=\"Dieulermesson Petit-Fr\u00e8re,\u00a0\u00e9crivain, \u00e9diteur, critique litt\u00e9raire, professeur d\u2019universit\u00e9, continue sa r\u00e9flexion sur l\u2019acc\u00e8s \u00e0 la culture en Ha\u00efti. Dans cette deuxi\u00e8me partie de l\u2019entretien,\u00a0(lisez la premi\u00e8re partie ici), il explique ce qui est \u00e0 mettre en place pour toucher les personnes...\" \/>\n<meta property=\"og:url\" content=\"https:\/\/legsedition.net\/public\/2022\/07\/10\/pour-rendre-la-culture-accessible-il-faut-investir-dans-lhumain\/\" \/>\n<meta property=\"og:site_name\" content=\"LEGS &Eacute;DITION\" \/>\n<meta property=\"article:publisher\" content=\"https:\/\/web.facebook.com\/LegsEtLitterature\/\" \/>\n<meta property=\"article:published_time\" content=\"2022-07-10T11:24:34+00:00\" \/>\n<meta property=\"article:modified_time\" content=\"2022-10-27T11:25:16+00:00\" \/>\n<meta property=\"og:image\" content=\"https:\/\/legsedition.net\/public\/wp-content\/uploads\/2021\/12\/dpf_photo.jpg\" \/>\n\t<meta property=\"og:image:width\" content=\"1024\" \/>\n\t<meta property=\"og:image:height\" content=\"683\" \/>\n\t<meta property=\"og:image:type\" content=\"image\/jpeg\" \/>\n<meta name=\"author\" content=\"legs_edition\" \/>\n<meta name=\"twitter:card\" content=\"summary_large_image\" \/>\n<meta name=\"twitter:label1\" content=\"\u00c9crit par\" \/>\n\t<meta name=\"twitter:data1\" content=\"legs_edition\" \/>\n<script type=\"application\/ld+json\" class=\"yoast-schema-graph\">{\"@context\":\"https:\\\/\\\/schema.org\",\"@graph\":[{\"@type\":\"Article\",\"@id\":\"https:\\\/\\\/legsedition.net\\\/public\\\/2022\\\/07\\\/10\\\/pour-rendre-la-culture-accessible-il-faut-investir-dans-lhumain\\\/#article\",\"isPartOf\":{\"@id\":\"https:\\\/\\\/legsedition.net\\\/public\\\/2022\\\/07\\\/10\\\/pour-rendre-la-culture-accessible-il-faut-investir-dans-lhumain\\\/\"},\"author\":{\"name\":\"legs_edition\",\"@id\":\"https:\\\/\\\/legsedition.net\\\/public\\\/#\\\/schema\\\/person\\\/a81dabaa18e65b48c79f8bbffa63ec58\"},\"headline\":\"Pour rendre la culture accessible, il faut \u00ab investir dans l\u2019humain \u00bb\",\"datePublished\":\"2022-07-10T11:24:34+00:00\",\"dateModified\":\"2022-10-27T11:25:16+00:00\",\"mainEntityOfPage\":{\"@id\":\"https:\\\/\\\/legsedition.net\\\/public\\\/2022\\\/07\\\/10\\\/pour-rendre-la-culture-accessible-il-faut-investir-dans-lhumain\\\/\"},\"wordCount\":100,\"commentCount\":0,\"image\":{\"@id\":\"https:\\\/\\\/legsedition.net\\\/public\\\/2022\\\/07\\\/10\\\/pour-rendre-la-culture-accessible-il-faut-investir-dans-lhumain\\\/#primaryimage\"},\"thumbnailUrl\":\"https:\\\/\\\/legsedition.net\\\/public\\\/wp-content\\\/uploads\\\/2021\\\/12\\\/dpf_photo.jpg\",\"articleSection\":[\"Revues de presse\"],\"inLanguage\":\"fr-FR\",\"potentialAction\":[{\"@type\":\"CommentAction\",\"name\":\"Comment\",\"target\":[\"https:\\\/\\\/legsedition.net\\\/public\\\/2022\\\/07\\\/10\\\/pour-rendre-la-culture-accessible-il-faut-investir-dans-lhumain\\\/#respond\"]}]},{\"@type\":\"WebPage\",\"@id\":\"https:\\\/\\\/legsedition.net\\\/public\\\/2022\\\/07\\\/10\\\/pour-rendre-la-culture-accessible-il-faut-investir-dans-lhumain\\\/\",\"url\":\"https:\\\/\\\/legsedition.net\\\/public\\\/2022\\\/07\\\/10\\\/pour-rendre-la-culture-accessible-il-faut-investir-dans-lhumain\\\/\",\"name\":\"Pour rendre la culture accessible, il faut \u00ab investir dans l\u2019humain \u00bb | LEGS &Eacute;DITION\",\"isPartOf\":{\"@id\":\"https:\\\/\\\/legsedition.net\\\/public\\\/#website\"},\"primaryImageOfPage\":{\"@id\":\"https:\\\/\\\/legsedition.net\\\/public\\\/2022\\\/07\\\/10\\\/pour-rendre-la-culture-accessible-il-faut-investir-dans-lhumain\\\/#primaryimage\"},\"image\":{\"@id\":\"https:\\\/\\\/legsedition.net\\\/public\\\/2022\\\/07\\\/10\\\/pour-rendre-la-culture-accessible-il-faut-investir-dans-lhumain\\\/#primaryimage\"},\"thumbnailUrl\":\"https:\\\/\\\/legsedition.net\\\/public\\\/wp-content\\\/uploads\\\/2021\\\/12\\\/dpf_photo.jpg\",\"datePublished\":\"2022-07-10T11:24:34+00:00\",\"dateModified\":\"2022-10-27T11:25:16+00:00\",\"author\":{\"@id\":\"https:\\\/\\\/legsedition.net\\\/public\\\/#\\\/schema\\\/person\\\/a81dabaa18e65b48c79f8bbffa63ec58\"},\"breadcrumb\":{\"@id\":\"https:\\\/\\\/legsedition.net\\\/public\\\/2022\\\/07\\\/10\\\/pour-rendre-la-culture-accessible-il-faut-investir-dans-lhumain\\\/#breadcrumb\"},\"inLanguage\":\"fr-FR\",\"potentialAction\":[{\"@type\":\"ReadAction\",\"target\":[\"https:\\\/\\\/legsedition.net\\\/public\\\/2022\\\/07\\\/10\\\/pour-rendre-la-culture-accessible-il-faut-investir-dans-lhumain\\\/\"]}]},{\"@type\":\"ImageObject\",\"inLanguage\":\"fr-FR\",\"@id\":\"https:\\\/\\\/legsedition.net\\\/public\\\/2022\\\/07\\\/10\\\/pour-rendre-la-culture-accessible-il-faut-investir-dans-lhumain\\\/#primaryimage\",\"url\":\"https:\\\/\\\/legsedition.net\\\/public\\\/wp-content\\\/uploads\\\/2021\\\/12\\\/dpf_photo.jpg\",\"contentUrl\":\"https:\\\/\\\/legsedition.net\\\/public\\\/wp-content\\\/uploads\\\/2021\\\/12\\\/dpf_photo.jpg\",\"width\":1024,\"height\":683},{\"@type\":\"BreadcrumbList\",\"@id\":\"https:\\\/\\\/legsedition.net\\\/public\\\/2022\\\/07\\\/10\\\/pour-rendre-la-culture-accessible-il-faut-investir-dans-lhumain\\\/#breadcrumb\",\"itemListElement\":[{\"@type\":\"ListItem\",\"position\":1,\"name\":\"Home\",\"item\":\"https:\\\/\\\/legsedition.net\\\/public\\\/\"},{\"@type\":\"ListItem\",\"position\":2,\"name\":\"Pour rendre la culture accessible, il faut \u00ab investir dans l\u2019humain \u00bb\"}]},{\"@type\":\"WebSite\",\"@id\":\"https:\\\/\\\/legsedition.net\\\/public\\\/#website\",\"url\":\"https:\\\/\\\/legsedition.net\\\/public\\\/\",\"name\":\"LEGS &Eacute;DITION\",\"description\":\"\",\"potentialAction\":[{\"@type\":\"SearchAction\",\"target\":{\"@type\":\"EntryPoint\",\"urlTemplate\":\"https:\\\/\\\/legsedition.net\\\/public\\\/?s={search_term_string}\"},\"query-input\":{\"@type\":\"PropertyValueSpecification\",\"valueRequired\":true,\"valueName\":\"search_term_string\"}}],\"inLanguage\":\"fr-FR\"},{\"@type\":\"Person\",\"@id\":\"https:\\\/\\\/legsedition.net\\\/public\\\/#\\\/schema\\\/person\\\/a81dabaa18e65b48c79f8bbffa63ec58\",\"name\":\"legs_edition\",\"image\":{\"@type\":\"ImageObject\",\"inLanguage\":\"fr-FR\",\"@id\":\"https:\\\/\\\/secure.gravatar.com\\\/avatar\\\/fa0fff0d692be3e90f567b7de089c52e1b33cd043cc784ccc7b3be10223ea819?s=96&d=mm&r=g\",\"url\":\"https:\\\/\\\/secure.gravatar.com\\\/avatar\\\/fa0fff0d692be3e90f567b7de089c52e1b33cd043cc784ccc7b3be10223ea819?s=96&d=mm&r=g\",\"contentUrl\":\"https:\\\/\\\/secure.gravatar.com\\\/avatar\\\/fa0fff0d692be3e90f567b7de089c52e1b33cd043cc784ccc7b3be10223ea819?s=96&d=mm&r=g\",\"caption\":\"legs_edition\"}}]}<\/script>\n<!-- \/ Yoast SEO plugin. -->","yoast_head_json":{"title":"Pour rendre la culture accessible, il faut \u00ab investir dans l\u2019humain \u00bb | LEGS &Eacute;DITION","robots":{"index":"index","follow":"follow","max-snippet":"max-snippet:-1","max-image-preview":"max-image-preview:large","max-video-preview":"max-video-preview:-1"},"canonical":"https:\/\/legsedition.net\/public\/2022\/07\/10\/pour-rendre-la-culture-accessible-il-faut-investir-dans-lhumain\/","og_locale":"fr_FR","og_type":"article","og_title":"Pour rendre la culture accessible, il faut \u00ab investir dans l\u2019humain \u00bb | LEGS &Eacute;DITION","og_description":"Dieulermesson Petit-Fr\u00e8re,\u00a0\u00e9crivain, \u00e9diteur, critique litt\u00e9raire, professeur d\u2019universit\u00e9, continue sa r\u00e9flexion sur l\u2019acc\u00e8s \u00e0 la culture en Ha\u00efti. Dans cette deuxi\u00e8me partie de l\u2019entretien,\u00a0(lisez la premi\u00e8re partie ici), il explique ce qui est \u00e0 mettre en place pour toucher les personnes...","og_url":"https:\/\/legsedition.net\/public\/2022\/07\/10\/pour-rendre-la-culture-accessible-il-faut-investir-dans-lhumain\/","og_site_name":"LEGS &Eacute;DITION","article_publisher":"https:\/\/web.facebook.com\/LegsEtLitterature\/","article_published_time":"2022-07-10T11:24:34+00:00","article_modified_time":"2022-10-27T11:25:16+00:00","og_image":[{"width":1024,"height":683,"url":"https:\/\/legsedition.net\/public\/wp-content\/uploads\/2021\/12\/dpf_photo.jpg","type":"image\/jpeg"}],"author":"legs_edition","twitter_card":"summary_large_image","twitter_misc":{"\u00c9crit par":"legs_edition"},"schema":{"@context":"https:\/\/schema.org","@graph":[{"@type":"Article","@id":"https:\/\/legsedition.net\/public\/2022\/07\/10\/pour-rendre-la-culture-accessible-il-faut-investir-dans-lhumain\/#article","isPartOf":{"@id":"https:\/\/legsedition.net\/public\/2022\/07\/10\/pour-rendre-la-culture-accessible-il-faut-investir-dans-lhumain\/"},"author":{"name":"legs_edition","@id":"https:\/\/legsedition.net\/public\/#\/schema\/person\/a81dabaa18e65b48c79f8bbffa63ec58"},"headline":"Pour rendre la culture accessible, il faut \u00ab investir dans l\u2019humain \u00bb","datePublished":"2022-07-10T11:24:34+00:00","dateModified":"2022-10-27T11:25:16+00:00","mainEntityOfPage":{"@id":"https:\/\/legsedition.net\/public\/2022\/07\/10\/pour-rendre-la-culture-accessible-il-faut-investir-dans-lhumain\/"},"wordCount":100,"commentCount":0,"image":{"@id":"https:\/\/legsedition.net\/public\/2022\/07\/10\/pour-rendre-la-culture-accessible-il-faut-investir-dans-lhumain\/#primaryimage"},"thumbnailUrl":"https:\/\/legsedition.net\/public\/wp-content\/uploads\/2021\/12\/dpf_photo.jpg","articleSection":["Revues de presse"],"inLanguage":"fr-FR","potentialAction":[{"@type":"CommentAction","name":"Comment","target":["https:\/\/legsedition.net\/public\/2022\/07\/10\/pour-rendre-la-culture-accessible-il-faut-investir-dans-lhumain\/#respond"]}]},{"@type":"WebPage","@id":"https:\/\/legsedition.net\/public\/2022\/07\/10\/pour-rendre-la-culture-accessible-il-faut-investir-dans-lhumain\/","url":"https:\/\/legsedition.net\/public\/2022\/07\/10\/pour-rendre-la-culture-accessible-il-faut-investir-dans-lhumain\/","name":"Pour rendre la culture accessible, il faut \u00ab investir dans l\u2019humain \u00bb | LEGS &Eacute;DITION","isPartOf":{"@id":"https:\/\/legsedition.net\/public\/#website"},"primaryImageOfPage":{"@id":"https:\/\/legsedition.net\/public\/2022\/07\/10\/pour-rendre-la-culture-accessible-il-faut-investir-dans-lhumain\/#primaryimage"},"image":{"@id":"https:\/\/legsedition.net\/public\/2022\/07\/10\/pour-rendre-la-culture-accessible-il-faut-investir-dans-lhumain\/#primaryimage"},"thumbnailUrl":"https:\/\/legsedition.net\/public\/wp-content\/uploads\/2021\/12\/dpf_photo.jpg","datePublished":"2022-07-10T11:24:34+00:00","dateModified":"2022-10-27T11:25:16+00:00","author":{"@id":"https:\/\/legsedition.net\/public\/#\/schema\/person\/a81dabaa18e65b48c79f8bbffa63ec58"},"breadcrumb":{"@id":"https:\/\/legsedition.net\/public\/2022\/07\/10\/pour-rendre-la-culture-accessible-il-faut-investir-dans-lhumain\/#breadcrumb"},"inLanguage":"fr-FR","potentialAction":[{"@type":"ReadAction","target":["https:\/\/legsedition.net\/public\/2022\/07\/10\/pour-rendre-la-culture-accessible-il-faut-investir-dans-lhumain\/"]}]},{"@type":"ImageObject","inLanguage":"fr-FR","@id":"https:\/\/legsedition.net\/public\/2022\/07\/10\/pour-rendre-la-culture-accessible-il-faut-investir-dans-lhumain\/#primaryimage","url":"https:\/\/legsedition.net\/public\/wp-content\/uploads\/2021\/12\/dpf_photo.jpg","contentUrl":"https:\/\/legsedition.net\/public\/wp-content\/uploads\/2021\/12\/dpf_photo.jpg","width":1024,"height":683},{"@type":"BreadcrumbList","@id":"https:\/\/legsedition.net\/public\/2022\/07\/10\/pour-rendre-la-culture-accessible-il-faut-investir-dans-lhumain\/#breadcrumb","itemListElement":[{"@type":"ListItem","position":1,"name":"Home","item":"https:\/\/legsedition.net\/public\/"},{"@type":"ListItem","position":2,"name":"Pour rendre la culture accessible, il faut \u00ab investir dans l\u2019humain \u00bb"}]},{"@type":"WebSite","@id":"https:\/\/legsedition.net\/public\/#website","url":"https:\/\/legsedition.net\/public\/","name":"LEGS &Eacute;DITION","description":"","potentialAction":[{"@type":"SearchAction","target":{"@type":"EntryPoint","urlTemplate":"https:\/\/legsedition.net\/public\/?s={search_term_string}"},"query-input":{"@type":"PropertyValueSpecification","valueRequired":true,"valueName":"search_term_string"}}],"inLanguage":"fr-FR"},{"@type":"Person","@id":"https:\/\/legsedition.net\/public\/#\/schema\/person\/a81dabaa18e65b48c79f8bbffa63ec58","name":"legs_edition","image":{"@type":"ImageObject","inLanguage":"fr-FR","@id":"https:\/\/secure.gravatar.com\/avatar\/fa0fff0d692be3e90f567b7de089c52e1b33cd043cc784ccc7b3be10223ea819?s=96&d=mm&r=g","url":"https:\/\/secure.gravatar.com\/avatar\/fa0fff0d692be3e90f567b7de089c52e1b33cd043cc784ccc7b3be10223ea819?s=96&d=mm&r=g","contentUrl":"https:\/\/secure.gravatar.com\/avatar\/fa0fff0d692be3e90f567b7de089c52e1b33cd043cc784ccc7b3be10223ea819?s=96&d=mm&r=g","caption":"legs_edition"}}]}},"_links":{"self":[{"href":"https:\/\/legsedition.net\/public\/wp-json\/wp\/v2\/posts\/5068","targetHints":{"allow":["GET"]}}],"collection":[{"href":"https:\/\/legsedition.net\/public\/wp-json\/wp\/v2\/posts"}],"about":[{"href":"https:\/\/legsedition.net\/public\/wp-json\/wp\/v2\/types\/post"}],"author":[{"embeddable":true,"href":"https:\/\/legsedition.net\/public\/wp-json\/wp\/v2\/users\/2"}],"replies":[{"embeddable":true,"href":"https:\/\/legsedition.net\/public\/wp-json\/wp\/v2\/comments?post=5068"}],"version-history":[{"count":1,"href":"https:\/\/legsedition.net\/public\/wp-json\/wp\/v2\/posts\/5068\/revisions"}],"predecessor-version":[{"id":5069,"href":"https:\/\/legsedition.net\/public\/wp-json\/wp\/v2\/posts\/5068\/revisions\/5069"}],"wp:featuredmedia":[{"embeddable":true,"href":"https:\/\/legsedition.net\/public\/wp-json\/wp\/v2\/media\/4227"}],"wp:attachment":[{"href":"https:\/\/legsedition.net\/public\/wp-json\/wp\/v2\/media?parent=5068"}],"wp:term":[{"taxonomy":"category","embeddable":true,"href":"https:\/\/legsedition.net\/public\/wp-json\/wp\/v2\/categories?post=5068"},{"taxonomy":"post_tag","embeddable":true,"href":"https:\/\/legsedition.net\/public\/wp-json\/wp\/v2\/tags?post=5068"}],"curies":[{"name":"wp","href":"https:\/\/api.w.org\/{rel}","templated":true}]}}