{"id":5816,"date":"2023-09-16T10:36:24","date_gmt":"2023-09-16T10:36:24","guid":{"rendered":"https:\/\/legsedition.net\/public\/?p=5816"},"modified":"2023-10-16T09:22:30","modified_gmt":"2023-10-16T09:22:30","slug":"guy-regis-jr-nouveau-directeur-de-la-collection-paroles-chez-legs-editions","status":"publish","type":"post","link":"https:\/\/legsedition.net\/public\/2023\/09\/16\/guy-regis-jr-nouveau-directeur-de-la-collection-paroles-chez-legs-editions\/","title":{"rendered":"Guy R\u00e9gis Jr : Nouveau Directeur de la Collection Paroles chez Legs \u00c9dition"},"content":{"rendered":"<p><a href=\"https:\/\/legsedition.net\/public\/wp-content\/uploads\/2021\/07\/guy-regis-junior-cpatrick-fabre-2018.jpg\"><img decoding=\"async\" class=\"alignleft wp-image-4007 \" src=\"https:\/\/legsedition.net\/public\/wp-content\/uploads\/2021\/07\/guy-regis-junior-cpatrick-fabre-2018.jpg\" alt=\"\" width=\"155\" height=\"155\" srcset=\"https:\/\/legsedition.net\/public\/wp-content\/uploads\/2021\/07\/guy-regis-junior-cpatrick-fabre-2018.jpg 465w, https:\/\/legsedition.net\/public\/wp-content\/uploads\/2021\/07\/guy-regis-junior-cpatrick-fabre-2018-150x150.jpg 150w, https:\/\/legsedition.net\/public\/wp-content\/uploads\/2021\/07\/guy-regis-junior-cpatrick-fabre-2018-300x300.jpg 300w, https:\/\/legsedition.net\/public\/wp-content\/uploads\/2021\/07\/guy-regis-junior-cpatrick-fabre-2018-160x160.jpg 160w, https:\/\/legsedition.net\/public\/wp-content\/uploads\/2021\/07\/guy-regis-junior-cpatrick-fabre-2018-100x100.jpg 100w\" sizes=\"(max-width: 155px) 100vw, 155px\" \/><\/a>Le po\u00e8te et \u00e9crivain renomm\u00e9 Guy R\u00e9gis Jr, d\u00e9j\u00e0 auteur chez Legs \u00c9dition, vient de rejoindre l\u2019\u00e9quipe \u00e9ditoriale pour prendre en main la toute nouvelle Collection\u00a0<strong>Paroles<\/strong>. Cette initiative, fra\u00eechement cr\u00e9\u00e9e, vise \u00e0 repr\u00e9senter Ha\u00efti et les Francophonies dans toute leur richesse, comme l\u2019a annonc\u00e9 la maison d\u2019\u00e9dition elle-m\u00eame&#8230;[<a href=\"https:\/\/livreshaiti.com\/guy-regis-jr-nouveau-directeur-de-la-collection-paroles-chez-legs-editions\/?fbclid=IwAR2Dd9XWkE5ElvU8_axHI7YGy4OHoS1MS4Vs07sp15jqKQ6AqmghVToY-Dk\" target=\"_blank\" rel=\"noopener\">Lire la suite<\/a>]<\/p>\n<p><strong>Francois Nedje Jacques,\u00a0<\/strong><em>Livres Haiti,\u00a0<\/em>31 ao\u00fbt 2023<\/p>\n","protected":false},"excerpt":{"rendered":"<p>Le po\u00e8te et \u00e9crivain renomm\u00e9 Guy R\u00e9gis Jr, d\u00e9j\u00e0 auteur chez Legs \u00c9dition, vient de rejoindre l\u2019\u00e9quipe \u00e9ditoriale pour prendre en main la toute nouvelle Collection\u00a0Paroles. Cette initiative, fra\u00eechement cr\u00e9\u00e9e, vise \u00e0 repr\u00e9senter Ha\u00efti et les Francophonies dans toute leur&#8230;<\/p>\n","protected":false},"author":2,"featured_media":4007,"comment_status":"open","ping_status":"open","sticky":false,"template":"","format":"standard","meta":{"footnotes":""},"categories":[6,54],"tags":[],"class_list":["post-5816","post","type-post","status-publish","format-standard","has-post-thumbnail","hentry","category-chroniques","category-revuesdepresse"],"yoast_head":"<!-- This site is optimized with the Yoast SEO plugin v27.4 - https:\/\/yoast.com\/product\/yoast-seo-wordpress\/ -->\n<title>Guy R\u00e9gis Jr : Nouveau Directeur de la Collection Paroles chez Legs \u00c9dition | LEGS &Eacute;DITION<\/title>\n<meta name=\"robots\" content=\"index, follow, max-snippet:-1, max-image-preview:large, max-video-preview:-1\" \/>\n<link rel=\"canonical\" href=\"https:\/\/legsedition.net\/public\/2023\/09\/16\/guy-regis-jr-nouveau-directeur-de-la-collection-paroles-chez-legs-editions\/\" \/>\n<meta property=\"og:locale\" content=\"fr_FR\" \/>\n<meta property=\"og:type\" content=\"article\" \/>\n<meta property=\"og:title\" content=\"Guy R\u00e9gis Jr : Nouveau Directeur de la Collection Paroles chez Legs \u00c9dition | LEGS &Eacute;DITION\" \/>\n<meta property=\"og:description\" content=\"Le po\u00e8te et \u00e9crivain renomm\u00e9 Guy R\u00e9gis Jr, d\u00e9j\u00e0 auteur chez Legs \u00c9dition, vient de rejoindre l\u2019\u00e9quipe \u00e9ditoriale pour prendre en main la toute nouvelle Collection\u00a0Paroles. Cette initiative, fra\u00eechement cr\u00e9\u00e9e, vise \u00e0 repr\u00e9senter Ha\u00efti et les Francophonies dans toute leur...\" \/>\n<meta property=\"og:url\" content=\"https:\/\/legsedition.net\/public\/2023\/09\/16\/guy-regis-jr-nouveau-directeur-de-la-collection-paroles-chez-legs-editions\/\" \/>\n<meta property=\"og:site_name\" content=\"LEGS &Eacute;DITION\" \/>\n<meta property=\"article:publisher\" content=\"https:\/\/web.facebook.com\/LegsEtLitterature\/\" \/>\n<meta property=\"article:published_time\" content=\"2023-09-16T10:36:24+00:00\" \/>\n<meta property=\"article:modified_time\" content=\"2023-10-16T09:22:30+00:00\" \/>\n<meta property=\"og:image\" content=\"https:\/\/legsedition.net\/public\/wp-content\/uploads\/2021\/07\/guy-regis-junior-cpatrick-fabre-2018.jpg\" \/>\n\t<meta property=\"og:image:width\" content=\"465\" \/>\n\t<meta property=\"og:image:height\" content=\"465\" \/>\n\t<meta property=\"og:image:type\" content=\"image\/jpeg\" \/>\n<meta name=\"author\" content=\"legs_edition\" \/>\n<meta name=\"twitter:card\" content=\"summary_large_image\" \/>\n<meta name=\"twitter:label1\" content=\"\u00c9crit par\" \/>\n\t<meta name=\"twitter:data1\" content=\"legs_edition\" \/>\n<script type=\"application\/ld+json\" class=\"yoast-schema-graph\">{\"@context\":\"https:\\\/\\\/schema.org\",\"@graph\":[{\"@type\":\"Article\",\"@id\":\"https:\\\/\\\/legsedition.net\\\/public\\\/2023\\\/09\\\/16\\\/guy-regis-jr-nouveau-directeur-de-la-collection-paroles-chez-legs-editions\\\/#article\",\"isPartOf\":{\"@id\":\"https:\\\/\\\/legsedition.net\\\/public\\\/2023\\\/09\\\/16\\\/guy-regis-jr-nouveau-directeur-de-la-collection-paroles-chez-legs-editions\\\/\"},\"author\":{\"name\":\"legs_edition\",\"@id\":\"https:\\\/\\\/legsedition.net\\\/public\\\/#\\\/schema\\\/person\\\/a81dabaa18e65b48c79f8bbffa63ec58\"},\"headline\":\"Guy R\u00e9gis Jr : Nouveau Directeur de la Collection Paroles chez Legs \u00c9dition\",\"datePublished\":\"2023-09-16T10:36:24+00:00\",\"dateModified\":\"2023-10-16T09:22:30+00:00\",\"mainEntityOfPage\":{\"@id\":\"https:\\\/\\\/legsedition.net\\\/public\\\/2023\\\/09\\\/16\\\/guy-regis-jr-nouveau-directeur-de-la-collection-paroles-chez-legs-editions\\\/\"},\"wordCount\":82,\"commentCount\":0,\"image\":{\"@id\":\"https:\\\/\\\/legsedition.net\\\/public\\\/2023\\\/09\\\/16\\\/guy-regis-jr-nouveau-directeur-de-la-collection-paroles-chez-legs-editions\\\/#primaryimage\"},\"thumbnailUrl\":\"https:\\\/\\\/legsedition.net\\\/public\\\/wp-content\\\/uploads\\\/2021\\\/07\\\/guy-regis-junior-cpatrick-fabre-2018.jpg\",\"articleSection\":[\"CHRONIQUES\",\"Revues de presse\"],\"inLanguage\":\"fr-FR\",\"potentialAction\":[{\"@type\":\"CommentAction\",\"name\":\"Comment\",\"target\":[\"https:\\\/\\\/legsedition.net\\\/public\\\/2023\\\/09\\\/16\\\/guy-regis-jr-nouveau-directeur-de-la-collection-paroles-chez-legs-editions\\\/#respond\"]}]},{\"@type\":\"WebPage\",\"@id\":\"https:\\\/\\\/legsedition.net\\\/public\\\/2023\\\/09\\\/16\\\/guy-regis-jr-nouveau-directeur-de-la-collection-paroles-chez-legs-editions\\\/\",\"url\":\"https:\\\/\\\/legsedition.net\\\/public\\\/2023\\\/09\\\/16\\\/guy-regis-jr-nouveau-directeur-de-la-collection-paroles-chez-legs-editions\\\/\",\"name\":\"Guy R\u00e9gis Jr : Nouveau Directeur de la Collection Paroles chez Legs \u00c9dition | LEGS &Eacute;DITION\",\"isPartOf\":{\"@id\":\"https:\\\/\\\/legsedition.net\\\/public\\\/#website\"},\"primaryImageOfPage\":{\"@id\":\"https:\\\/\\\/legsedition.net\\\/public\\\/2023\\\/09\\\/16\\\/guy-regis-jr-nouveau-directeur-de-la-collection-paroles-chez-legs-editions\\\/#primaryimage\"},\"image\":{\"@id\":\"https:\\\/\\\/legsedition.net\\\/public\\\/2023\\\/09\\\/16\\\/guy-regis-jr-nouveau-directeur-de-la-collection-paroles-chez-legs-editions\\\/#primaryimage\"},\"thumbnailUrl\":\"https:\\\/\\\/legsedition.net\\\/public\\\/wp-content\\\/uploads\\\/2021\\\/07\\\/guy-regis-junior-cpatrick-fabre-2018.jpg\",\"datePublished\":\"2023-09-16T10:36:24+00:00\",\"dateModified\":\"2023-10-16T09:22:30+00:00\",\"author\":{\"@id\":\"https:\\\/\\\/legsedition.net\\\/public\\\/#\\\/schema\\\/person\\\/a81dabaa18e65b48c79f8bbffa63ec58\"},\"breadcrumb\":{\"@id\":\"https:\\\/\\\/legsedition.net\\\/public\\\/2023\\\/09\\\/16\\\/guy-regis-jr-nouveau-directeur-de-la-collection-paroles-chez-legs-editions\\\/#breadcrumb\"},\"inLanguage\":\"fr-FR\",\"potentialAction\":[{\"@type\":\"ReadAction\",\"target\":[\"https:\\\/\\\/legsedition.net\\\/public\\\/2023\\\/09\\\/16\\\/guy-regis-jr-nouveau-directeur-de-la-collection-paroles-chez-legs-editions\\\/\"]}]},{\"@type\":\"ImageObject\",\"inLanguage\":\"fr-FR\",\"@id\":\"https:\\\/\\\/legsedition.net\\\/public\\\/2023\\\/09\\\/16\\\/guy-regis-jr-nouveau-directeur-de-la-collection-paroles-chez-legs-editions\\\/#primaryimage\",\"url\":\"https:\\\/\\\/legsedition.net\\\/public\\\/wp-content\\\/uploads\\\/2021\\\/07\\\/guy-regis-junior-cpatrick-fabre-2018.jpg\",\"contentUrl\":\"https:\\\/\\\/legsedition.net\\\/public\\\/wp-content\\\/uploads\\\/2021\\\/07\\\/guy-regis-junior-cpatrick-fabre-2018.jpg\",\"width\":465,\"height\":465},{\"@type\":\"BreadcrumbList\",\"@id\":\"https:\\\/\\\/legsedition.net\\\/public\\\/2023\\\/09\\\/16\\\/guy-regis-jr-nouveau-directeur-de-la-collection-paroles-chez-legs-editions\\\/#breadcrumb\",\"itemListElement\":[{\"@type\":\"ListItem\",\"position\":1,\"name\":\"Home\",\"item\":\"https:\\\/\\\/legsedition.net\\\/public\\\/\"},{\"@type\":\"ListItem\",\"position\":2,\"name\":\"Guy R\u00e9gis Jr : Nouveau Directeur de la Collection Paroles chez Legs \u00c9dition\"}]},{\"@type\":\"WebSite\",\"@id\":\"https:\\\/\\\/legsedition.net\\\/public\\\/#website\",\"url\":\"https:\\\/\\\/legsedition.net\\\/public\\\/\",\"name\":\"LEGS &Eacute;DITION\",\"description\":\"\",\"potentialAction\":[{\"@type\":\"SearchAction\",\"target\":{\"@type\":\"EntryPoint\",\"urlTemplate\":\"https:\\\/\\\/legsedition.net\\\/public\\\/?s={search_term_string}\"},\"query-input\":{\"@type\":\"PropertyValueSpecification\",\"valueRequired\":true,\"valueName\":\"search_term_string\"}}],\"inLanguage\":\"fr-FR\"},{\"@type\":\"Person\",\"@id\":\"https:\\\/\\\/legsedition.net\\\/public\\\/#\\\/schema\\\/person\\\/a81dabaa18e65b48c79f8bbffa63ec58\",\"name\":\"legs_edition\",\"image\":{\"@type\":\"ImageObject\",\"inLanguage\":\"fr-FR\",\"@id\":\"https:\\\/\\\/secure.gravatar.com\\\/avatar\\\/fa0fff0d692be3e90f567b7de089c52e1b33cd043cc784ccc7b3be10223ea819?s=96&d=mm&r=g\",\"url\":\"https:\\\/\\\/secure.gravatar.com\\\/avatar\\\/fa0fff0d692be3e90f567b7de089c52e1b33cd043cc784ccc7b3be10223ea819?s=96&d=mm&r=g\",\"contentUrl\":\"https:\\\/\\\/secure.gravatar.com\\\/avatar\\\/fa0fff0d692be3e90f567b7de089c52e1b33cd043cc784ccc7b3be10223ea819?s=96&d=mm&r=g\",\"caption\":\"legs_edition\"}}]}<\/script>\n<!-- \/ Yoast SEO plugin. -->","yoast_head_json":{"title":"Guy R\u00e9gis Jr : Nouveau Directeur de la Collection Paroles chez Legs \u00c9dition | LEGS &Eacute;DITION","robots":{"index":"index","follow":"follow","max-snippet":"max-snippet:-1","max-image-preview":"max-image-preview:large","max-video-preview":"max-video-preview:-1"},"canonical":"https:\/\/legsedition.net\/public\/2023\/09\/16\/guy-regis-jr-nouveau-directeur-de-la-collection-paroles-chez-legs-editions\/","og_locale":"fr_FR","og_type":"article","og_title":"Guy R\u00e9gis Jr : Nouveau Directeur de la Collection Paroles chez Legs \u00c9dition | LEGS &Eacute;DITION","og_description":"Le po\u00e8te et \u00e9crivain renomm\u00e9 Guy R\u00e9gis Jr, d\u00e9j\u00e0 auteur chez Legs \u00c9dition, vient de rejoindre l\u2019\u00e9quipe \u00e9ditoriale pour prendre en main la toute nouvelle Collection\u00a0Paroles. Cette initiative, fra\u00eechement cr\u00e9\u00e9e, vise \u00e0 repr\u00e9senter Ha\u00efti et les Francophonies dans toute leur...","og_url":"https:\/\/legsedition.net\/public\/2023\/09\/16\/guy-regis-jr-nouveau-directeur-de-la-collection-paroles-chez-legs-editions\/","og_site_name":"LEGS &Eacute;DITION","article_publisher":"https:\/\/web.facebook.com\/LegsEtLitterature\/","article_published_time":"2023-09-16T10:36:24+00:00","article_modified_time":"2023-10-16T09:22:30+00:00","og_image":[{"width":465,"height":465,"url":"https:\/\/legsedition.net\/public\/wp-content\/uploads\/2021\/07\/guy-regis-junior-cpatrick-fabre-2018.jpg","type":"image\/jpeg"}],"author":"legs_edition","twitter_card":"summary_large_image","twitter_misc":{"\u00c9crit par":"legs_edition"},"schema":{"@context":"https:\/\/schema.org","@graph":[{"@type":"Article","@id":"https:\/\/legsedition.net\/public\/2023\/09\/16\/guy-regis-jr-nouveau-directeur-de-la-collection-paroles-chez-legs-editions\/#article","isPartOf":{"@id":"https:\/\/legsedition.net\/public\/2023\/09\/16\/guy-regis-jr-nouveau-directeur-de-la-collection-paroles-chez-legs-editions\/"},"author":{"name":"legs_edition","@id":"https:\/\/legsedition.net\/public\/#\/schema\/person\/a81dabaa18e65b48c79f8bbffa63ec58"},"headline":"Guy R\u00e9gis Jr : Nouveau Directeur de la Collection Paroles chez Legs \u00c9dition","datePublished":"2023-09-16T10:36:24+00:00","dateModified":"2023-10-16T09:22:30+00:00","mainEntityOfPage":{"@id":"https:\/\/legsedition.net\/public\/2023\/09\/16\/guy-regis-jr-nouveau-directeur-de-la-collection-paroles-chez-legs-editions\/"},"wordCount":82,"commentCount":0,"image":{"@id":"https:\/\/legsedition.net\/public\/2023\/09\/16\/guy-regis-jr-nouveau-directeur-de-la-collection-paroles-chez-legs-editions\/#primaryimage"},"thumbnailUrl":"https:\/\/legsedition.net\/public\/wp-content\/uploads\/2021\/07\/guy-regis-junior-cpatrick-fabre-2018.jpg","articleSection":["CHRONIQUES","Revues de presse"],"inLanguage":"fr-FR","potentialAction":[{"@type":"CommentAction","name":"Comment","target":["https:\/\/legsedition.net\/public\/2023\/09\/16\/guy-regis-jr-nouveau-directeur-de-la-collection-paroles-chez-legs-editions\/#respond"]}]},{"@type":"WebPage","@id":"https:\/\/legsedition.net\/public\/2023\/09\/16\/guy-regis-jr-nouveau-directeur-de-la-collection-paroles-chez-legs-editions\/","url":"https:\/\/legsedition.net\/public\/2023\/09\/16\/guy-regis-jr-nouveau-directeur-de-la-collection-paroles-chez-legs-editions\/","name":"Guy R\u00e9gis Jr : Nouveau Directeur de la Collection Paroles chez Legs \u00c9dition | LEGS &Eacute;DITION","isPartOf":{"@id":"https:\/\/legsedition.net\/public\/#website"},"primaryImageOfPage":{"@id":"https:\/\/legsedition.net\/public\/2023\/09\/16\/guy-regis-jr-nouveau-directeur-de-la-collection-paroles-chez-legs-editions\/#primaryimage"},"image":{"@id":"https:\/\/legsedition.net\/public\/2023\/09\/16\/guy-regis-jr-nouveau-directeur-de-la-collection-paroles-chez-legs-editions\/#primaryimage"},"thumbnailUrl":"https:\/\/legsedition.net\/public\/wp-content\/uploads\/2021\/07\/guy-regis-junior-cpatrick-fabre-2018.jpg","datePublished":"2023-09-16T10:36:24+00:00","dateModified":"2023-10-16T09:22:30+00:00","author":{"@id":"https:\/\/legsedition.net\/public\/#\/schema\/person\/a81dabaa18e65b48c79f8bbffa63ec58"},"breadcrumb":{"@id":"https:\/\/legsedition.net\/public\/2023\/09\/16\/guy-regis-jr-nouveau-directeur-de-la-collection-paroles-chez-legs-editions\/#breadcrumb"},"inLanguage":"fr-FR","potentialAction":[{"@type":"ReadAction","target":["https:\/\/legsedition.net\/public\/2023\/09\/16\/guy-regis-jr-nouveau-directeur-de-la-collection-paroles-chez-legs-editions\/"]}]},{"@type":"ImageObject","inLanguage":"fr-FR","@id":"https:\/\/legsedition.net\/public\/2023\/09\/16\/guy-regis-jr-nouveau-directeur-de-la-collection-paroles-chez-legs-editions\/#primaryimage","url":"https:\/\/legsedition.net\/public\/wp-content\/uploads\/2021\/07\/guy-regis-junior-cpatrick-fabre-2018.jpg","contentUrl":"https:\/\/legsedition.net\/public\/wp-content\/uploads\/2021\/07\/guy-regis-junior-cpatrick-fabre-2018.jpg","width":465,"height":465},{"@type":"BreadcrumbList","@id":"https:\/\/legsedition.net\/public\/2023\/09\/16\/guy-regis-jr-nouveau-directeur-de-la-collection-paroles-chez-legs-editions\/#breadcrumb","itemListElement":[{"@type":"ListItem","position":1,"name":"Home","item":"https:\/\/legsedition.net\/public\/"},{"@type":"ListItem","position":2,"name":"Guy R\u00e9gis Jr : Nouveau Directeur de la Collection Paroles chez Legs \u00c9dition"}]},{"@type":"WebSite","@id":"https:\/\/legsedition.net\/public\/#website","url":"https:\/\/legsedition.net\/public\/","name":"LEGS &Eacute;DITION","description":"","potentialAction":[{"@type":"SearchAction","target":{"@type":"EntryPoint","urlTemplate":"https:\/\/legsedition.net\/public\/?s={search_term_string}"},"query-input":{"@type":"PropertyValueSpecification","valueRequired":true,"valueName":"search_term_string"}}],"inLanguage":"fr-FR"},{"@type":"Person","@id":"https:\/\/legsedition.net\/public\/#\/schema\/person\/a81dabaa18e65b48c79f8bbffa63ec58","name":"legs_edition","image":{"@type":"ImageObject","inLanguage":"fr-FR","@id":"https:\/\/secure.gravatar.com\/avatar\/fa0fff0d692be3e90f567b7de089c52e1b33cd043cc784ccc7b3be10223ea819?s=96&d=mm&r=g","url":"https:\/\/secure.gravatar.com\/avatar\/fa0fff0d692be3e90f567b7de089c52e1b33cd043cc784ccc7b3be10223ea819?s=96&d=mm&r=g","contentUrl":"https:\/\/secure.gravatar.com\/avatar\/fa0fff0d692be3e90f567b7de089c52e1b33cd043cc784ccc7b3be10223ea819?s=96&d=mm&r=g","caption":"legs_edition"}}]}},"_links":{"self":[{"href":"https:\/\/legsedition.net\/public\/wp-json\/wp\/v2\/posts\/5816","targetHints":{"allow":["GET"]}}],"collection":[{"href":"https:\/\/legsedition.net\/public\/wp-json\/wp\/v2\/posts"}],"about":[{"href":"https:\/\/legsedition.net\/public\/wp-json\/wp\/v2\/types\/post"}],"author":[{"embeddable":true,"href":"https:\/\/legsedition.net\/public\/wp-json\/wp\/v2\/users\/2"}],"replies":[{"embeddable":true,"href":"https:\/\/legsedition.net\/public\/wp-json\/wp\/v2\/comments?post=5816"}],"version-history":[{"count":3,"href":"https:\/\/legsedition.net\/public\/wp-json\/wp\/v2\/posts\/5816\/revisions"}],"predecessor-version":[{"id":5986,"href":"https:\/\/legsedition.net\/public\/wp-json\/wp\/v2\/posts\/5816\/revisions\/5986"}],"wp:featuredmedia":[{"embeddable":true,"href":"https:\/\/legsedition.net\/public\/wp-json\/wp\/v2\/media\/4007"}],"wp:attachment":[{"href":"https:\/\/legsedition.net\/public\/wp-json\/wp\/v2\/media?parent=5816"}],"wp:term":[{"taxonomy":"category","embeddable":true,"href":"https:\/\/legsedition.net\/public\/wp-json\/wp\/v2\/categories?post=5816"},{"taxonomy":"post_tag","embeddable":true,"href":"https:\/\/legsedition.net\/public\/wp-json\/wp\/v2\/tags?post=5816"}],"curies":[{"name":"wp","href":"https:\/\/api.w.org\/{rel}","templated":true}]}}